{"id":850186,"date":"2026-04-06T01:50:26","date_gmt":"2026-04-06T01:50:26","guid":{"rendered":"https:\/\/www.europesays.com\/fr\/850186\/"},"modified":"2026-04-06T01:50:26","modified_gmt":"2026-04-06T01:50:26","slug":"des-quartiers-boucles-securite-xxl-et-tcl-perturbes","status":"publish","type":"post","link":"https:\/\/www.europesays.com\/fr\/850186\/","title":{"rendered":"des quartiers boucl\u00e9s, s\u00e9curit\u00e9 XXL et TCL perturb\u00e9s"},"content":{"rendered":"<p>                    Par<br \/>\n        <strong><br \/>\n            <a href=\"https:\/\/actu.fr\/auteur\/julien-damboise\" title=\"Consulter tous les articles de Julien Damboise\" rel=\"nofollow noopener\" target=\"_blank\">Julien Damboise<\/a><br \/>\n                    <\/strong><\/p>\n<p>        Publi\u00e9 le<\/p>\n<p>            5 avr. 2026 \u00e0 6h40        <\/p>\n<p>Attention, il faudra<strong> s\u2019armer de patience<\/strong> d\u00e8s ce dimanche 5 avril 2020 \u00e0 l\u2019occasion du One Health Summit, qui se tient \u00e0 <a href=\"https:\/\/actu.fr\/lyon\/\" rel=\"nofollow noopener\" target=\"_blank\">Lyon<\/a> en pr\u00e9sence de plusieurs chefs d\u2019\u00c9tat dont <a href=\"https:\/\/actu.fr\/tag\/emmanuel-macron\" rel=\"nofollow noopener\" target=\"_blank\">Emmanuel Macron<\/a>. D\u2019<strong>importantes restrictions de circulation<\/strong> vont compliquer les d\u00e9placements dans plusieurs secteurs strat\u00e9giques de la ville, aussi bien pour les <strong>pi\u00e9tons que pour les automobilistes<\/strong>. Voici ce qu\u2019il faut savoir.<\/p>\n<p>Un sommet international<\/p>\n<p class=\" wall-content\">Le \u00ab One Planet Summit \u00bb se d\u00e9roule d\u00e8s ce dimanche 5 avril et va se poursuivre jusqu\u2019au 7 mars. Un rendez-vous international port\u00e9 sur la sant\u00e9, qui doit r\u00e9unir pr\u00e8s de <strong>3 000 participants<\/strong>, dont plusieurs chefs d\u2019\u00c9tat et de gouvernement. La pr\u00e9sence d\u2019Emmanuel Macron pour la derni\u00e8re journ\u00e9e a \u00e9t\u00e9 confirm\u00e9e.<\/p>\n<p class=\" wall-content\">Une venue qui aura un impact tr\u00e8s concret sur le quotidien des usagers de la route, mais aussi des pi\u00e9tons.<\/p>\n<p>La pr\u00e9fecture boucl\u00e9e<\/p>\n<p class=\" wall-content\">Premier secteur concern\u00e9 par un dispositif de s\u00e9curit\u00e9 hors norme, celui de la <a href=\"https:\/\/actu.fr\/tag\/prefecture-du-rhone\" rel=\"nofollow noopener\" target=\"_blank\">pr\u00e9fecture du Rh\u00f4ne<\/a> dans le 3\u1d49 arrondissement.<\/p>\n<p class=\" wall-content\"><strong>Mardi d\u00e8s 7h et jusuq\u2019\u00e0 17h<\/strong>, la circulation sera interrompue autour du b\u00e2timent dans les rues Rabelais, Part-Dieu ou encore l\u2019avenue Mar\u00e9chal de Saxe et le quai Victor Augagneur. Attention, il sera <strong>aussi interdit de stationner<\/strong> dans cette zone.\u00a0<\/p>\n<p class=\" wall-content\">Des <strong>contr\u00f4les seront en place<\/strong> pour les riverains et professionnels qui devront pr\u00e9senter lors de leur venue un justificatif de domicile, une attestation d\u2019employeur, ou une r\u00e9servation par exemple dans un restaurant ou chez le m\u00e9decin.<\/p>\n<p>Les \u00e9lections municipales 2026<\/p>\n<p>Suivez toutes les actualit\u00e9s des municipales 2026 dans une seule newsletter.<\/p>\n<p>    <a href=\"http:\/\/actu.fr\/newsletter\/#encampagne_preview\" class=\"ac-btn ac-btn--corner ac-btn--medium ac-btn--blue800\" rel=\"nofollow noopener\" target=\"_blank\">S&rsquo;inscrire<\/a><\/p>\n<p>La Cit\u00e9 internationale<\/p>\n<p class=\" wall-content\">Autre point noir majeur de la journ\u00e9e de mardi, cette fois entre 6h et 22h, le secteur de la <strong>Cit\u00e9 internationale<\/strong>. Le quai Charles-de-Gaulle sera ferm\u00e9 \u00e0 la circulation entre la porte des Enfants du Rh\u00f4ne et le rond-point Raymond Poincar\u00e9. Il sera aussi interdit de s\u2019y garer.<\/p>\n<p class=\" wall-content\">Dans le m\u00eame temps, les acc\u00e8s au <a href=\"https:\/\/actu.fr\/tag\/parc-de-la-tete-d-or\" rel=\"nofollow noopener\" target=\"_blank\">parc de la T\u00eate d\u2019Or<\/a> du c\u00f4t\u00e9 de l\u2019all\u00e9e Achille Lignon et la passerelle de la Paix resteront clos.<\/p>\n<p class=\" wall-content\">Deux entr\u00e9es dans le p\u00e9rim\u00e8tre seront mises en place, l\u2019une porte des Enfants du Rh\u00f4ne et l\u2019autre c\u00f4t\u00e9 Salle 3000, pour ceux qui pourront justifier de leur venue ici.<\/p>\n<p>Transports en commun perturb\u00e9s<\/p>\n<p class=\" wall-content\">Le r\u00e9seau <a href=\"https:\/\/actu.fr\/tag\/transports-en-commun-lyonnais-tcl\" rel=\"nofollow noopener\" target=\"_blank\">TCL<\/a> sera aussi impact\u00e9 le 7 avril. Dans le secteur de la pr\u00e9fecture, le<strong> tramway T1<\/strong> circulera uniquement entre IUT Feyssine et Part-Dieu Auditorium, tandis que la ligne C9 sera limit\u00e9e.<\/p>\n<p class=\" wall-content\">C\u00f4t\u00e9 Cit\u00e9 internationale, certaines lignes continueront de desservir les abords, mais sans p\u00e9n\u00e9trer dans la zone s\u00e9curis\u00e9e.<\/p>\n<ul class=\" wall-content\">\n<li>Le nord du secteur est desservi par l\u2019arr\u00eat \u00ab Cit\u00e9 Internationale \u2013 Transbordeur \u00bb avec les lignes de bus C1, C2, C5, C26, 70.<br \/>\u2022 Le sud du secteur est desservi par l\u2019arr\u00eat \u00ab Parc T\u00eate d\u2019Or \u2013 Churchill \u00bb et la ligne de bus 38.<br \/>\u2022 La circulation des lignes de bus de l\u2019Ain A32 et A71 sur le quai Charles-de-Gaulle sera<br \/>d\u00e9vi\u00e9e.<\/li>\n<\/ul>\n<p class=\" wall-content\">Prudence donc, des <strong>reports de trafic<\/strong> sont \u00e0 pr\u00e9voir sur les grands axes alentours, notamment en heure de pointe.<\/p>\n<p class=\" wall-content\">Personnalisez votre actualit\u00e9 en ajoutant vos villes et m\u00e9dias en favori avec <a href=\"https:\/\/moncompte.actu.fr\" title=\"D\u00e9couvez Mon Actu\" rel=\"nofollow noopener\" data-trk=\"{&quot;cta&quot;:{&quot;action&quot;:&quot;https:\\\/\\\/moncompte.actu.fr&quot;,&quot;category&quot;:&quot;mon compte&quot;,&quot;from&quot;:&quot;article footer&quot;,&quot;name&quot;:&quot;Mon actu&quot;,&quot;type&quot;:&quot;cta&quot;}}\" target=\"_blank\">Mon Actu<\/a>.<\/p>\n","protected":false},"excerpt":{"rendered":"Par Julien Damboise Publi\u00e9 le 5 avr. 2026 \u00e0 6h40 Attention, il faudra s\u2019armer de patience d\u00e8s ce&hellip;\n","protected":false},"author":2,"featured_media":850187,"comment_status":"","ping_status":"","sticky":false,"template":"","format":"standard","meta":{"footnotes":"","_share_on_mastodon":"0"},"categories":[1889],"tags":[1111,11,2430,1073,1777,674,1011,27,2428,12,13760,25,104,2803],"class_list":["post-850186","post","type-post","status-publish","format-standard","has-post-thumbnail","category-lyon","tag-actu","tag-actualites","tag-auvergne-rhone-alpes","tag-emmanuel-macron","tag-eu","tag-europe","tag-fr","tag-france","tag-lyon","tag-news","tag-parc-de-la-tete-dor","tag-republique-francaise","tag-societe","tag-transport"],"share_on_mastodon":{"url":"https:\/\/pubeurope.com\/@fr\/116355257247030691","error":""},"_links":{"self":[{"href":"https:\/\/www.europesays.com\/fr\/wp-json\/wp\/v2\/posts\/850186","targetHints":{"allow":["GET"]}}],"collection":[{"href":"https:\/\/www.europesays.com\/fr\/wp-json\/wp\/v2\/posts"}],"about":[{"href":"https:\/\/www.europesays.com\/fr\/wp-json\/wp\/v2\/types\/post"}],"author":[{"embeddable":true,"href":"https:\/\/www.europesays.com\/fr\/wp-json\/wp\/v2\/users\/2"}],"replies":[{"embeddable":true,"href":"https:\/\/www.europesays.com\/fr\/wp-json\/wp\/v2\/comments?post=850186"}],"version-history":[{"count":0,"href":"https:\/\/www.europesays.com\/fr\/wp-json\/wp\/v2\/posts\/850186\/revisions"}],"wp:featuredmedia":[{"embeddable":true,"href":"https:\/\/www.europesays.com\/fr\/wp-json\/wp\/v2\/media\/850187"}],"wp:attachment":[{"href":"https:\/\/www.europesays.com\/fr\/wp-json\/wp\/v2\/media?parent=850186"}],"wp:term":[{"taxonomy":"category","embeddable":true,"href":"https:\/\/www.europesays.com\/fr\/wp-json\/wp\/v2\/categories?post=850186"},{"taxonomy":"post_tag","embeddable":true,"href":"https:\/\/www.europesays.com\/fr\/wp-json\/wp\/v2\/tags?post=850186"}],"curies":[{"name":"wp","href":"https:\/\/api.w.org\/{rel}","templated":true}]}}