{"id":85030,"date":"2025-05-08T18:33:13","date_gmt":"2025-05-08T18:33:13","guid":{"rendered":"https:\/\/www.europesays.com\/fr\/85030\/"},"modified":"2025-05-08T18:33:13","modified_gmt":"2025-05-08T18:33:13","slug":"les-geek-days-reviennent-a-lille-grand-palais-les-17-18-mai-2025","status":"publish","type":"post","link":"https:\/\/www.europesays.com\/fr\/85030\/","title":{"rendered":"Les Geek Days reviennent \u00e0 Lille Grand Palais les 17 &#038; 18 mai 2025"},"content":{"rendered":"<p style=\"text-align: justify;\">Les <strong>Geek Days Lille<\/strong> sont de retour \u00e0 <strong>Lille Grand Palais<\/strong> les <strong>17 et 18 mai 2025. <\/strong>Un programme riche en animations : <strong>cosplay,<\/strong> <strong>concerts, atelier manga\u2026<\/strong> Le rendez-vous<strong> geek<\/strong> d\u00e9di\u00e9 aux <strong>s\u00e9ries, jeux-vid\u00e9o, cosplay, comics<\/strong> et <strong>science-fiction !<\/strong><\/p>\n<p>Les Invit\u00e9s<br \/><strong><img loading=\"lazy\" decoding=\"async\" data-lazy-src=\"https:\/\/www.europesays.com\/fr\/wp-content\/uploads\/2025\/04\/arrow.png\" width=\"9\" height=\"9\" class=\" size-full wp-image-45 lazyloaded\" src=\"https:\/\/www.europesays.com\/fr\/wp-content\/uploads\/2025\/04\/arrow.png\" alt=\"\"\/> Maik Darah <\/strong>\u2013 Com\u00e9dienne de doublage<br \/><strong><img loading=\"lazy\" decoding=\"async\" data-lazy-src=\"https:\/\/www.europesays.com\/fr\/wp-content\/uploads\/2025\/04\/arrow.png\" width=\"9\" height=\"9\" class=\" size-full wp-image-45 lazyloaded\" src=\"https:\/\/www.europesays.com\/fr\/wp-content\/uploads\/2025\/04\/arrow.png\" alt=\"\"\/> G\u00e9raldine Asselin <\/strong>\u2013 Com\u00e9dienne de doublage<br \/><strong><img loading=\"lazy\" decoding=\"async\" data-lazy-src=\"https:\/\/www.europesays.com\/fr\/wp-content\/uploads\/2025\/04\/arrow.png\" width=\"9\" height=\"9\" class=\" size-full wp-image-45 lazyloaded\" src=\"https:\/\/www.europesays.com\/fr\/wp-content\/uploads\/2025\/04\/arrow.png\" alt=\"\"\/> Elsa Davoine <\/strong>\u2013 Com\u00e9dienne de doublage<br \/><strong><img loading=\"lazy\" decoding=\"async\" data-lazy-src=\"https:\/\/www.europesays.com\/fr\/wp-content\/uploads\/2025\/04\/arrow.png\" width=\"9\" height=\"9\" class=\" size-full wp-image-45 lazyloaded\" src=\"https:\/\/www.europesays.com\/fr\/wp-content\/uploads\/2025\/04\/arrow.png\" alt=\"\"\/> Choco <\/strong>\u2013 Pr\u00e9sentateur<br \/><strong><img loading=\"lazy\" decoding=\"async\" data-lazy-src=\"https:\/\/www.europesays.com\/fr\/wp-content\/uploads\/2025\/04\/arrow.png\" width=\"9\" height=\"9\" class=\" size-full wp-image-45 lazyloaded\" src=\"https:\/\/www.europesays.com\/fr\/wp-content\/uploads\/2025\/04\/arrow.png\" alt=\"\"\/> Edes <\/strong>\u2013 Cosplayeur<br \/><strong><img loading=\"lazy\" decoding=\"async\" data-lazy-src=\"https:\/\/www.europesays.com\/fr\/wp-content\/uploads\/2025\/04\/arrow.png\" width=\"9\" height=\"9\" class=\" size-full wp-image-45 lazyloaded\" src=\"https:\/\/www.europesays.com\/fr\/wp-content\/uploads\/2025\/04\/arrow.png\" alt=\"\"\/> Aokiji <\/strong>\u2013 Cosplayeur<br \/><strong><img loading=\"lazy\" decoding=\"async\" data-lazy-src=\"https:\/\/www.europesays.com\/fr\/wp-content\/uploads\/2025\/04\/arrow.png\" width=\"9\" height=\"9\" class=\" size-full wp-image-45 lazyloaded\" src=\"https:\/\/www.europesays.com\/fr\/wp-content\/uploads\/2025\/04\/arrow.png\" alt=\"\"\/><\/strong> <strong>Black Owl Studio <\/strong>\u2013 Cosplayeur<br \/><strong><img loading=\"lazy\" decoding=\"async\" data-lazy-src=\"https:\/\/www.europesays.com\/fr\/wp-content\/uploads\/2025\/04\/arrow.png\" width=\"9\" height=\"9\" class=\" size-full wp-image-45 lazyloaded\" src=\"https:\/\/www.europesays.com\/fr\/wp-content\/uploads\/2025\/04\/arrow.png\" alt=\"\"\/> Ironquest<\/strong> \u2013 Cr\u00e9ateur de contenu<br \/><strong><img loading=\"lazy\" decoding=\"async\" data-lazy-src=\"https:\/\/www.europesays.com\/fr\/wp-content\/uploads\/2025\/04\/arrow.png\" width=\"9\" height=\"9\" class=\" size-full wp-image-45 lazyloaded\" src=\"https:\/\/www.europesays.com\/fr\/wp-content\/uploads\/2025\/04\/arrow.png\" alt=\"\"\/> Alice Taurand <\/strong>\u2013 Com\u00e9dienne de doublage<br \/><strong><img loading=\"lazy\" decoding=\"async\" data-lazy-src=\"https:\/\/www.europesays.com\/fr\/wp-content\/uploads\/2025\/04\/arrow.png\" width=\"9\" height=\"9\" class=\" size-full wp-image-45 lazyloaded\" src=\"https:\/\/www.europesays.com\/fr\/wp-content\/uploads\/2025\/04\/arrow.png\" alt=\"\"\/> Brigitte Lecordier <\/strong>\u2013 Com\u00e9dienne de doublage<br \/><strong><img loading=\"lazy\" decoding=\"async\" data-lazy-src=\"https:\/\/www.europesays.com\/fr\/wp-content\/uploads\/2025\/04\/arrow.png\" width=\"9\" height=\"9\" class=\" size-full wp-image-45 lazyloaded\" src=\"https:\/\/www.europesays.com\/fr\/wp-content\/uploads\/2025\/04\/arrow.png\" alt=\"\"\/> Astero H <\/strong>\u2013 Chanteur<br \/><strong><img loading=\"lazy\" decoding=\"async\" data-lazy-src=\"https:\/\/www.europesays.com\/fr\/wp-content\/uploads\/2025\/04\/arrow.png\" width=\"9\" height=\"9\" class=\" size-full wp-image-45 lazyloaded\" src=\"https:\/\/www.europesays.com\/fr\/wp-content\/uploads\/2025\/04\/arrow.png\" alt=\"\"\/> Davy Mourier <\/strong>\u2013 Cr\u00e9ateur de contenu<br \/><strong><img loading=\"lazy\" decoding=\"async\" data-lazy-src=\"https:\/\/www.europesays.com\/fr\/wp-content\/uploads\/2025\/04\/arrow.png\" width=\"9\" height=\"9\" class=\" size-full wp-image-45 lazyloaded\" src=\"https:\/\/www.europesays.com\/fr\/wp-content\/uploads\/2025\/04\/arrow.png\" alt=\"\"\/> Gr\u00e9gory Laisne <\/strong>\u2013 Com\u00e9dien de doublage<br \/><strong><img loading=\"lazy\" decoding=\"async\" data-lazy-src=\"https:\/\/www.europesays.com\/fr\/wp-content\/uploads\/2025\/04\/arrow.png\" width=\"9\" height=\"9\" class=\" size-full wp-image-45 lazyloaded\" src=\"https:\/\/www.europesays.com\/fr\/wp-content\/uploads\/2025\/04\/arrow.png\" alt=\"\"\/><\/strong> <strong>Chocobo<\/strong> \u2013 Pr\u00e9sentateur<br \/><strong><img loading=\"lazy\" decoding=\"async\" data-lazy-src=\"https:\/\/www.europesays.com\/fr\/wp-content\/uploads\/2025\/04\/arrow.png\" width=\"9\" height=\"9\" class=\" size-full wp-image-45 lazyloaded\" src=\"https:\/\/www.europesays.com\/fr\/wp-content\/uploads\/2025\/04\/arrow.png\" alt=\"\"\/> Julie Thiebaut <\/strong>\u2013 Pr\u00e9sentateur<br \/><strong><img loading=\"lazy\" decoding=\"async\" data-lazy-src=\"https:\/\/www.europesays.com\/fr\/wp-content\/uploads\/2025\/04\/arrow.png\" width=\"9\" height=\"9\" class=\" size-full wp-image-45 lazyloaded\" src=\"https:\/\/www.europesays.com\/fr\/wp-content\/uploads\/2025\/04\/arrow.png\" alt=\"\"\/> Medzi 0 <\/strong>\u2013 Dessinateur<\/p>\n<p class=\"has-text-align-center\">Au Programme<\/p>\n<tr>\n<td><a href=\"https:\/\/www.europesays.com\/fr\/wp-content\/uploads\/2025\/05\/geek_day_2025_01.jpg\" target=\"_blank\" rel=\"noreferrer noopener\"><img loading=\"lazy\" decoding=\"async\" width=\"1080\" height=\"1350\" class=\"wp-image-84627\" style=\"width: 500px;\" src=\"https:\/\/www.europesays.com\/fr\/wp-content\/uploads\/2025\/05\/geek_day_2025_01.jpg\" alt=\"\"  \/><\/a><\/td>\n<td><a href=\"https:\/\/www.europesays.com\/fr\/wp-content\/uploads\/2025\/05\/geek_day_2025_02.jpg\" target=\"_blank\" rel=\"noreferrer noopener\"><img decoding=\"async\" loading=\"lazy\" width=\"1081\" height=\"1351\" class=\"wp-image-84628\" style=\"width: 500px;\" src=\"https:\/\/www.europesays.com\/fr\/wp-content\/uploads\/2025\/05\/geek_day_2025_02.jpg\" alt=\"\"  \/><\/a><\/td>\n<td><a href=\"https:\/\/www.europesays.com\/fr\/wp-content\/uploads\/2025\/05\/geek_day_2025_03.jpg\" target=\"_blank\" rel=\"noreferrer noopener\"><img decoding=\"async\" loading=\"lazy\" width=\"1081\" height=\"1351\" class=\"wp-image-84629\" style=\"width: 500px;\" src=\"https:\/\/www.europesays.com\/fr\/wp-content\/uploads\/2025\/05\/geek_day_2025_03.jpg\" alt=\"\"  \/><\/a><\/td>\n<\/tr>\n<p>Infos Pratiques<br \/><strong><img decoding=\"async\" loading=\"lazy\" class=\" size-full wp-image-45 lazyloaded\" src=\"https:\/\/www.europesays.com\/fr\/wp-content\/uploads\/2025\/04\/arrow.png\" alt=\"\" data-lazy-src=\"https:\/\/www.europesays.com\/fr\/wp-content\/uploads\/2025\/04\/arrow.png\" width=\"9\" height=\"9\"\/> Lieu : <br \/><\/strong><strong>Lille Grand Palais<\/strong><br \/>1, Boulevard des Cites-Unies<br \/>59777 Euralille<\/p>\n<p><strong>Tarifs :<\/strong><br \/><strong><img loading=\"lazy\" decoding=\"async\" data-lazy-src=\"https:\/\/www.europesays.com\/fr\/wp-content\/uploads\/2025\/04\/arrow.png\" width=\"9\" height=\"9\" class=\" size-full wp-image-45 lazyloaded\" src=\"https:\/\/www.europesays.com\/fr\/wp-content\/uploads\/2025\/04\/arrow.png\" alt=\"\"\/><\/strong> Pass 1 jour : \u00e0 partir de 15\u20ac (sur place)<br \/><strong><img loading=\"lazy\" decoding=\"async\" data-lazy-src=\"https:\/\/www.europesays.com\/fr\/wp-content\/uploads\/2025\/04\/arrow.png\" width=\"9\" height=\"9\" class=\" size-full wp-image-45 lazyloaded\" src=\"https:\/\/www.europesays.com\/fr\/wp-content\/uploads\/2025\/04\/arrow.png\" alt=\"\"\/><\/strong> Pass 2 jours : \u00e0 partir de 26\u20ac (sur place)<\/p>\n<p><strong><img decoding=\"async\" loading=\"lazy\" data-lazy-src=\"https:\/\/www.europesays.com\/fr\/wp-content\/uploads\/2025\/04\/arrow.png\" class=\" size-full wp-image-45 lazyloaded\" src=\"https:\/\/www.europesays.com\/fr\/wp-content\/uploads\/2025\/04\/arrow.png\" alt=\"\" width=\"9\" height=\"9\"\/><\/strong> <a href=\"https:\/\/www.geek-days.com\/\" target=\"_blank\" rel=\"noopener noreferrer\">Site internet des Geek Days<\/a><\/p>\n<p class=\"has-text-align-right\">Source \/ Photos : DR \u2013 \u00a9 GL Events<\/p>\n","protected":false},"excerpt":{"rendered":"Les Geek Days Lille sont de retour \u00e0 Lille Grand Palais les 17 et 18 mai 2025. Un&hellip;\n","protected":false},"author":2,"featured_media":85031,"comment_status":"","ping_status":"","sticky":false,"template":"","format":"standard","meta":{"footnotes":""},"categories":[2815],"tags":[19421,19422,1111,11,13149,1777,674,1011,27,19423,811,1036,1307,12,25,2510,1314],"class_list":{"0":"post-85030","1":"post","2":"type-post","3":"status-publish","4":"format-standard","5":"has-post-thumbnail","7":"category-lille","8":"tag-17-mai-2025","9":"tag-18-mai-2025","10":"tag-actu","11":"tag-actualites","12":"tag-cosplay","13":"tag-eu","14":"tag-europe","15":"tag-fr","16":"tag-france","17":"tag-geek-day","18":"tag-hauts-de-france","19":"tag-jeux-video","20":"tag-lille","21":"tag-news","22":"tag-republique-francaise","23":"tag-science-fiction","24":"tag-series"},"share_on_mastodon":{"url":"https:\/\/pubeurope.com\/@fr\/114473652122033282","error":""},"_links":{"self":[{"href":"https:\/\/www.europesays.com\/fr\/wp-json\/wp\/v2\/posts\/85030","targetHints":{"allow":["GET"]}}],"collection":[{"href":"https:\/\/www.europesays.com\/fr\/wp-json\/wp\/v2\/posts"}],"about":[{"href":"https:\/\/www.europesays.com\/fr\/wp-json\/wp\/v2\/types\/post"}],"author":[{"embeddable":true,"href":"https:\/\/www.europesays.com\/fr\/wp-json\/wp\/v2\/users\/2"}],"replies":[{"embeddable":true,"href":"https:\/\/www.europesays.com\/fr\/wp-json\/wp\/v2\/comments?post=85030"}],"version-history":[{"count":0,"href":"https:\/\/www.europesays.com\/fr\/wp-json\/wp\/v2\/posts\/85030\/revisions"}],"wp:featuredmedia":[{"embeddable":true,"href":"https:\/\/www.europesays.com\/fr\/wp-json\/wp\/v2\/media\/85031"}],"wp:attachment":[{"href":"https:\/\/www.europesays.com\/fr\/wp-json\/wp\/v2\/media?parent=85030"}],"wp:term":[{"taxonomy":"category","embeddable":true,"href":"https:\/\/www.europesays.com\/fr\/wp-json\/wp\/v2\/categories?post=85030"},{"taxonomy":"post_tag","embeddable":true,"href":"https:\/\/www.europesays.com\/fr\/wp-json\/wp\/v2\/tags?post=85030"}],"curies":[{"name":"wp","href":"https:\/\/api.w.org\/{rel}","templated":true}]}}