{"id":85034,"date":"2025-05-08T18:36:14","date_gmt":"2025-05-08T18:36:14","guid":{"rendered":"https:\/\/www.europesays.com\/fr\/85034\/"},"modified":"2025-05-08T18:36:14","modified_gmt":"2025-05-08T18:36:14","slug":"cest-le-rival-donc-oui-ca-membete-a-marseille-lepopee-du-psg-vecue-entre-indifference-envie-et-nostalgie","status":"publish","type":"post","link":"https:\/\/www.europesays.com\/fr\/85034\/","title":{"rendered":"\u00ab\u00a0C\u2019est le rival donc oui, \u00e7a m\u2019emb\u00eate\u00a0\u00bb\u00a0: \u00e0 Marseille, l\u2019\u00e9pop\u00e9e du PSG v\u00e9cue entre indiff\u00e9rence, envie et nostalgie"},"content":{"rendered":"<p class=\"paragraph text_align_left\">Rassembl\u00e9s \u00e0 hauteur du Vieux-Port, sous une temp\u00e9rature printani\u00e8re propice aux premiers bains de soleil et de mer, ils sont des dizaines \u00e0 c\u00e9l\u00e9brer <a href=\"https:\/\/www.leparisien.fr\/sports\/football\/ligue-des-champions\/psg-dortmund-les-raisons-dune-elimination-qui-fait-tellement-mal-08-05-2024-PBQVRZFWY5DHLMKB6QOCUHEKHU.php\" target=\"_self\" rel=\"noopener\">l\u2019\u00e9limination du PSG contre Dortmund<\/a>, en demi-finale retour de <a href=\"https:\/\/www.leparisien.fr\/sports\/football\/ligue-des-champions\/\" target=\"_blank\" rel=\"noopener\">Ligue des champions<\/a> ce 7\u00a0mai 2024. Un an plus tard, l\u2019ambiance est moins festive dans les art\u00e8res de la cit\u00e9 phoc\u00e9enne. Le club olympien, quant \u00e0 lui, ne s\u2019appr\u00eate pas \u00e0 disputer cette ann\u00e9e une demie de Ligue Europa \u2013 <a href=\"https:\/\/www.leparisien.fr\/sports\/football\/atalanta-om-3-0-corrige-a-bergame-marseille-ne-verra-pas-la-finale-de-ligue-europa-09-05-2024-XHMBH3PTDFGFNM4KBPP4YQ4FCM.php\" target=\"_blank\" rel=\"noopener\">contre l\u2019Atalanta Bergame<\/a> \u2013 comme en 2024. Mais l\u2019OM est en plein sprint final pour accrocher une place sur le podium de <a href=\"https:\/\/www.leparisien.fr\/sports\/football\/ligue-1\/\" target=\"_blank\" rel=\"noopener\">Ligue\u00a01<\/a>. Et voit son rival parisien en bonne posture pour l\u2019\u00e9galer sur la sc\u00e8ne continentale.<\/p>\n","protected":false},"excerpt":{"rendered":"Rassembl\u00e9s \u00e0 hauteur du Vieux-Port, sous une temp\u00e9rature printani\u00e8re propice aux premiers bains de soleil et de mer,&hellip;\n","protected":false},"author":2,"featured_media":85035,"comment_status":"","ping_status":"","sticky":false,"template":"","format":"standard","meta":{"footnotes":""},"categories":[2814],"tags":[1111,11,1777,674,63,1011,27,447,884,12,1176,149,882,93,25,60],"class_list":{"0":"post-85034","1":"post","2":"type-post","3":"status-publish","4":"format-standard","5":"has-post-thumbnail","7":"category-marseille","8":"tag-actu","9":"tag-actualites","10":"tag-eu","11":"tag-europe","12":"tag-football","13":"tag-fr","14":"tag-france","15":"tag-ligue-des-champions","16":"tag-marseille","17":"tag-news","18":"tag-olympique-de-marseille","19":"tag-om","20":"tag-provence-alpes-cote-dazur","21":"tag-psg","22":"tag-republique-francaise","23":"tag-sports"},"share_on_mastodon":{"url":"https:\/\/pubeurope.com\/@fr\/114473663420462670","error":""},"_links":{"self":[{"href":"https:\/\/www.europesays.com\/fr\/wp-json\/wp\/v2\/posts\/85034","targetHints":{"allow":["GET"]}}],"collection":[{"href":"https:\/\/www.europesays.com\/fr\/wp-json\/wp\/v2\/posts"}],"about":[{"href":"https:\/\/www.europesays.com\/fr\/wp-json\/wp\/v2\/types\/post"}],"author":[{"embeddable":true,"href":"https:\/\/www.europesays.com\/fr\/wp-json\/wp\/v2\/users\/2"}],"replies":[{"embeddable":true,"href":"https:\/\/www.europesays.com\/fr\/wp-json\/wp\/v2\/comments?post=85034"}],"version-history":[{"count":0,"href":"https:\/\/www.europesays.com\/fr\/wp-json\/wp\/v2\/posts\/85034\/revisions"}],"wp:featuredmedia":[{"embeddable":true,"href":"https:\/\/www.europesays.com\/fr\/wp-json\/wp\/v2\/media\/85035"}],"wp:attachment":[{"href":"https:\/\/www.europesays.com\/fr\/wp-json\/wp\/v2\/media?parent=85034"}],"wp:term":[{"taxonomy":"category","embeddable":true,"href":"https:\/\/www.europesays.com\/fr\/wp-json\/wp\/v2\/categories?post=85034"},{"taxonomy":"post_tag","embeddable":true,"href":"https:\/\/www.europesays.com\/fr\/wp-json\/wp\/v2\/tags?post=85034"}],"curies":[{"name":"wp","href":"https:\/\/api.w.org\/{rel}","templated":true}]}}