{"id":85038,"date":"2025-05-08T18:38:09","date_gmt":"2025-05-08T18:38:09","guid":{"rendered":"https:\/\/www.europesays.com\/fr\/85038\/"},"modified":"2025-05-08T18:38:09","modified_gmt":"2025-05-08T18:38:09","slug":"une-paix-fragile-qui-doit-etre-protegee","status":"publish","type":"post","link":"https:\/\/www.europesays.com\/fr\/85038\/","title":{"rendered":"\u00ab\u00a0Une paix fragile, qui doit \u00eatre prot\u00e9g\u00e9e\u00a0\u00bb"},"content":{"rendered":"<p>Plus que jamais, l\u2019instant a \u00e9t\u00e9 grave. Lyon a comm\u00e9mor\u00e9 ce jeudi l\u2019Armistice du 8\u00a0mai 1945, qui marque la victoire des Alli\u00e9s sur l\u2019Allemagne nazie et la fin de la Seconde Guerre mondiale. Quatre-vingts ans apr\u00e8s, les c\u00e9r\u00e9monies qui se sont d\u00e9roul\u00e9es au parc de la T\u00eate d\u2019Or ont pris un sens tout particulier, au vu du contexte g\u00e9opolitique tendu.<\/p>\n<p>Pour le g\u00e9n\u00e9ral de corps d\u2019arm\u00e9e <a href=\"https:\/\/www.leprogres.fr\/defense-guerre-conflit\/2025\/03\/13\/pas-de-precipitation-mais-beaucoup-d-anticipation-l-armee-sur-le-qui-vive-dans-le-sud-est\" target=\"_blank\" rel=\"nofollow noopener\">Denis Mistral,<\/a> gouverneur militaire de Lyon, le 8\u00a0mai est \u00ab\u00a0l\u2019occasion de saluer le sacrifice de milliers d\u2019hommes et de femmes qui ont lutt\u00e9 pour la libert\u00e9. C\u2019est d\u2019abord une victoire collective\u00a0\u00bb, a-t-il notamment pr\u00e9cis\u00e9, \u00ab\u00a0c\u2019est aussi la victoire de nos alli\u00e9s\u00a0\u00bb sur l\u2019Allemagne nazie. \u00ab\u00a0C\u2019est enfin la victoire contre la barbarie [\u2026]. La libert\u00e9 est un bien pr\u00e9cieux\u00a0\u00bb.<\/p>\n<p>  \u00ab\u00a0Ils sont rentr\u00e9s bris\u00e9s\u00a0\u00bb<\/p>\n<p>\u00ab\u00a0Nous ne pourrons aussi oublier le retour, en 1945, des d\u00e9port\u00e9s, des prisonniers de guerre\u00a0\u00bb, a ajout\u00e9 Daniel Perez, pr\u00e9sident du Comit\u00e9 d\u00e9partemental de liaison des associations d\u2019anciens combattants, \u00ab\u00a0ils sont rentr\u00e9s bris\u00e9s. Aujourd\u2019hui, il est de notre devoir d\u2019\u00eatre vigilants\u00a0\u00bb, devant \u00ab\u00a0une paix fragile, qui doit \u00eatre prot\u00e9g\u00e9e\u00a0\u00bb. \u00ab\u00a0Il nous faut exprimer notre immense reconnaissance aux troupes alli\u00e9es, \u00e0 qui nous devons tant\u00a0\u00bb, a not\u00e9, entre autres, <a href=\"https:\/\/www.leprogres.fr\/p\/gregory-doucet\" target=\"_blank\" rel=\"nofollow noopener\">Gr\u00e9gory Doucet<\/a>, maire \u00e9cologiste de Lyon, apr\u00e8s un rappel historique, tandis que <a href=\"https:\/\/www.leprogres.fr\/p\/fabienne-buccio\" target=\"_blank\" rel=\"nofollow noopener\">Fabienne Buccio<\/a>, Pr\u00e9f\u00e8te de la R\u00e9gion Auvergne Rh\u00f4ne-Alpes, a indiqu\u00e9\u00a0: \u00ab\u00a0Dans un monde o\u00f9 les menaces se multiplient, souvenons-nous des sacrifices qu\u2019une g\u00e9n\u00e9ration enti\u00e8re de Fran\u00e7aises et de Fran\u00e7ais a support\u00e9s\u00a0\u00bb.<\/p>\n<p>La c\u00e9r\u00e9monie militaire, \u00e0 laquelle \u00e9taient pr\u00e9sentes plusieurs formations \u2013 gendarmerie nationale, 7 e R\u00e9giment du Mat\u00e9riel, base a\u00e9rienne 942 Lyon Mont-Verdun, musique de l\u2019Artillerie de Lyon,\u00a0etc \u2013 mais aussi de nombreux coll\u00e9giens et lyc\u00e9ens, a \u00e9t\u00e9 l\u2019occasion de remettre cinq m\u00e9dailles militaires et cinq Ordre national du M\u00e9rite.<\/p>\n<p>A noter\u00a0: la lecture d\u2019un extrait de la pi\u00e8ce de th\u00e9\u00e2tre \u00ab\u00a0Moi, Georges Nossent, prisonnier de guerre\u00a0\u00bb, par Pierre Nossent, arri\u00e8re-petit-fils de Georges. Une repr\u00e9sentation est pr\u00e9vue le 10\u00a0mai \u00e0 20 heures, au Palais de la Mutualit\u00e9 de Lyon. A relever \u00e9galement\u00a0: l\u2019intervention, c\u00f4t\u00e9 public, d\u2019une femme ayant sorti une pancarte d\u00e9non\u00e7ant la situation \u00e0 Gaza, rapidement \u00e9vacu\u00e9e.<\/p>\n","protected":false},"excerpt":{"rendered":"Plus que jamais, l\u2019instant a \u00e9t\u00e9 grave. Lyon a comm\u00e9mor\u00e9 ce jeudi l\u2019Armistice du 8\u00a0mai 1945, qui marque&hellip;\n","protected":false},"author":2,"featured_media":85039,"comment_status":"","ping_status":"","sticky":false,"template":"","format":"standard","meta":{"footnotes":""},"categories":[1889],"tags":[1111,11,2430,2757,1777,674,1011,27,937,2428,2756,12,25,2429,104],"class_list":{"0":"post-85038","1":"post","2":"type-post","3":"status-publish","4":"format-standard","5":"has-post-thumbnail","7":"category-lyon","8":"tag-actu","9":"tag-actualites","10":"tag-auvergne-rhone-alpes","11":"tag-edition-lyon-villeurbanne","12":"tag-eu","13":"tag-europe","14":"tag-fr","15":"tag-france","16":"tag-histoire","17":"tag-lyon","18":"tag-lyon-bassin","19":"tag-news","20":"tag-republique-francaise","21":"tag-rhone","22":"tag-societe"},"share_on_mastodon":{"url":"https:\/\/pubeurope.com\/@fr\/114473671264626782","error":""},"_links":{"self":[{"href":"https:\/\/www.europesays.com\/fr\/wp-json\/wp\/v2\/posts\/85038","targetHints":{"allow":["GET"]}}],"collection":[{"href":"https:\/\/www.europesays.com\/fr\/wp-json\/wp\/v2\/posts"}],"about":[{"href":"https:\/\/www.europesays.com\/fr\/wp-json\/wp\/v2\/types\/post"}],"author":[{"embeddable":true,"href":"https:\/\/www.europesays.com\/fr\/wp-json\/wp\/v2\/users\/2"}],"replies":[{"embeddable":true,"href":"https:\/\/www.europesays.com\/fr\/wp-json\/wp\/v2\/comments?post=85038"}],"version-history":[{"count":0,"href":"https:\/\/www.europesays.com\/fr\/wp-json\/wp\/v2\/posts\/85038\/revisions"}],"wp:featuredmedia":[{"embeddable":true,"href":"https:\/\/www.europesays.com\/fr\/wp-json\/wp\/v2\/media\/85039"}],"wp:attachment":[{"href":"https:\/\/www.europesays.com\/fr\/wp-json\/wp\/v2\/media?parent=85038"}],"wp:term":[{"taxonomy":"category","embeddable":true,"href":"https:\/\/www.europesays.com\/fr\/wp-json\/wp\/v2\/categories?post=85038"},{"taxonomy":"post_tag","embeddable":true,"href":"https:\/\/www.europesays.com\/fr\/wp-json\/wp\/v2\/tags?post=85038"}],"curies":[{"name":"wp","href":"https:\/\/api.w.org\/{rel}","templated":true}]}}