{"id":850387,"date":"2026-04-06T04:30:03","date_gmt":"2026-04-06T04:30:03","guid":{"rendered":"https:\/\/www.europesays.com\/fr\/850387\/"},"modified":"2026-04-06T04:30:03","modified_gmt":"2026-04-06T04:30:03","slug":"lms-paris-se-rassure-chambery-relance-la-course-a-leurope","status":"publish","type":"post","link":"https:\/\/www.europesays.com\/fr\/850387\/","title":{"rendered":"LMS | Paris se rassure, Chamb\u00e9ry relance la course \u00e0 l\u2019Europe"},"content":{"rendered":"<p>                <img loading=\"lazy\" decoding=\"async\" class=\"size-full wp-image-335460\" src=\"https:\/\/www.europesays.com\/fr\/wp-content\/uploads\/2026\/04\/J21_Chambery-Selestat@teamchambe_LaurentTheophile-10.jpg\" alt=\"\" width=\"1000\" height=\"667\"\/>Elio Zammit (Chambery Savoie Mont-Blanc Handball)<\/p>\n<p class=\"p1\" style=\"text-align: justify;\"><strong>Sans v\u00e9ritable incidence sur le haut du classement, la large victoire de Paris face \u00e0 Istres a surtout permis aux Parisiens de se rassurer. En revanche, le succ\u00e8s de Chamb\u00e9ry \u00e0 Saint-Rapha\u00ebl redistribue les cartes. Les Savoyards se relancent pleinement dans la course \u00e0 l\u2019Europe, tandis que Saint-Rapha\u00ebl glisse \u00e0 la 7e place.<\/strong><\/p>\n<p>Paris \u00e9crase Istres et se rassure<\/p>\n<p class=\"p3\" style=\"text-align: justify;\">Apr\u00e8s la lourde d\u00e9faite conc\u00e9d\u00e9e face \u00e0 <strong>Veszpr\u00e9m<\/strong> en huiti\u00e8mes de finale aller de Ligue des champions, le <strong>Paris Saint-Germain<\/strong>\u00a0se devait de r\u00e9agir. Mission accomplie, et avec la mani\u00e8re, face \u00e0 <strong>Istres<\/strong>.<\/p>\n<p class=\"p3\" style=\"text-align: justify;\">Le d\u00e9but de rencontre laissait pourtant entrevoir une opposition plus disput\u00e9e. Port\u00e9 par <strong>Guilherme Borges<\/strong>, <strong>Istres<\/strong> recollait rapidement au score. Mais un temps mort pos\u00e9 par le staff parisien changeait imm\u00e9diatement la dynamique. Derri\u00e8re, les Parisiens infligeaient un terrible 11-0 \u00e0 leurs adversaires.<\/p>\n<p class=\"p3\" style=\"text-align: justify;\">Durant douze longues minutes, les Istr\u00e9ens restaient bloqu\u00e9s \u00e0 six buts, incapables de stopper l\u2019h\u00e9morragie. Dans le m\u00eame temps, <strong>Noah Gaudin<\/strong> et <strong>Simen Lyse<\/strong> profitaient des espaces pour faire gonfler l\u2019\u00e9cart. Il fallait attendre un jet de 7 m\u00e8tres pour voir Istres inscrire son septi\u00e8me but, preuve de la domination sans partage des Franciliens.<\/p>\n<p class=\"p3\" style=\"text-align: justify;\">La seconde p\u00e9riode \u00e9tait plus rel\u00e2ch\u00e9e c\u00f4t\u00e9 parisien, permettant \u00e0 <strong>Istres<\/strong> de trouver davantage de solutions et d\u2019inscrire 16 buts. Mais l\u2019essentiel \u00e9tait d\u00e9j\u00e0 act\u00e9. <strong>Paris<\/strong> franchissait la barre des 40 r\u00e9alisations et s\u2019imposait largement (40-25).<\/p>\n<p class=\"p3\" style=\"text-align: justify;\">Toujours solide en championnat, le <strong>PSG<\/strong> conserve ses deux points d\u2019avance sur <strong>Nantes<\/strong>. En bas de tableau, <strong>Istres<\/strong> reste lanterne rouge, derri\u00e8re <strong>Dijon<\/strong> qui a r\u00e9alis\u00e9 une belle op\u00e9ration vendredi.<\/p>\n<p>Chamb\u00e9ry s\u2019offre Saint-Rapha\u00ebl et relance la course \u00e0 l\u2019Europe<\/p>\n<p class=\"p3\" style=\"text-align: justify;\">L\u2019autre choc du soir se disputait \u00e0 <strong>Saint-Rapha\u00ebl<\/strong>, o\u00f9 les locaux recevaient un <strong>Chamb\u00e9ry<\/strong> en pleine remont\u00e9e.<\/p>\n<p class=\"p3\" style=\"text-align: justify;\">Le d\u00e9but de match \u00e9tait tendu et tr\u00e8s engag\u00e9 avec plusieurs sanctions. Le tournant intervenait d\u00e8s la 9e minute avec la disqualification de <strong>Benjamin Bataille<\/strong> pour un geste au visage. Une absence imm\u00e9diatement exploit\u00e9e par <strong>Chamb\u00e9ry<\/strong>.<\/p>\n<p class=\"p3\" style=\"text-align: justify;\">Les Savoyards infligeaient un 5-0 pour prendre le large (5-11, 16\u2019). Malgr\u00e9 une r\u00e9action des Rapha\u00eblois avant la pause pour revenir \u00e0 trois longueurs, <strong>Chamb\u00e9ry<\/strong> reprenait le contr\u00f4le au retour des vestiaires.<\/p>\n<p class=\"p3\" style=\"text-align: justify;\">Sous l\u2019impulsion de <strong>Iosu Goni Leoz<\/strong> et <strong>Elio Zammit<\/strong>, les visiteurs creusaient l\u2019\u00e9cart jusqu\u2019\u00e0 compter sept buts d\u2019avance. Mais <strong>Saint-Rapha\u00ebl<\/strong> n\u2019abdiquait pas. Port\u00e9s par un exceptionnel <strong>Miguel Jose Soares<\/strong>, auteur de 11 buts en seconde p\u00e9riode, les locaux revenaient \u00e0 deux longueurs \u00e0 deux minutes du terme (32-34, 58\u2019).<\/p>\n<p class=\"p3\" style=\"text-align: justify;\">L\u2019espoir \u00e9tait r\u00e9el, mais <strong>Chamb\u00e9ry<\/strong> tenait bon. Malgr\u00e9 une fin de match sous pression, les Savoyards validaient une victoire pr\u00e9cieuse qui confirme leur bonne dynamique. Ce succ\u00e8s permet \u00e0 <strong>Chamb\u00e9ry<\/strong> de confirmer leur place dans la course \u00e0 l\u2019Europe, \u00e0 quatre points de <strong>Limoges<\/strong> et avec deux unit\u00e9s d\u2019avance sur <strong>Tremblay<\/strong>, tombeur de <strong>Montpellier<\/strong>. De son c\u00f4t\u00e9, <strong>Saint-Rapha\u00ebl<\/strong> se place 7e, aux portes des places europ\u00e9ennes.<\/p>\n<p class=\"p3\" style=\"text-align: justify;\">La lutte est plus ouverte que jamais.<\/p>\n","protected":false},"excerpt":{"rendered":"Elio Zammit (Chambery Savoie Mont-Blanc Handball) Sans v\u00e9ritable incidence sur le haut du classement, la large victoire de&hellip;\n","protected":false},"author":2,"featured_media":850388,"comment_status":"","ping_status":"","sticky":false,"template":"","format":"standard","meta":{"footnotes":"","_share_on_mastodon":"0"},"categories":[1888],"tags":[1111,1928,11,1927,5509,1777,674,1011,27,34592,12,1926,626,1925,93,25,25271,24650],"class_list":["post-850387","post","type-post","status-publish","format-standard","has-post-thumbnail","category-paris","tag-actu","tag-actu-paris","tag-actualites","tag-actualites-paris","tag-chambery","tag-eu","tag-europe","tag-fr","tag-france","tag-istres","tag-news","tag-news-paris","tag-paris","tag-paris-news","tag-psg","tag-republique-francaise","tag-saint-raphael","tag-starligue"],"share_on_mastodon":{"url":"https:\/\/pubeurope.com\/@fr\/116355886472843914","error":""},"_links":{"self":[{"href":"https:\/\/www.europesays.com\/fr\/wp-json\/wp\/v2\/posts\/850387","targetHints":{"allow":["GET"]}}],"collection":[{"href":"https:\/\/www.europesays.com\/fr\/wp-json\/wp\/v2\/posts"}],"about":[{"href":"https:\/\/www.europesays.com\/fr\/wp-json\/wp\/v2\/types\/post"}],"author":[{"embeddable":true,"href":"https:\/\/www.europesays.com\/fr\/wp-json\/wp\/v2\/users\/2"}],"replies":[{"embeddable":true,"href":"https:\/\/www.europesays.com\/fr\/wp-json\/wp\/v2\/comments?post=850387"}],"version-history":[{"count":0,"href":"https:\/\/www.europesays.com\/fr\/wp-json\/wp\/v2\/posts\/850387\/revisions"}],"wp:featuredmedia":[{"embeddable":true,"href":"https:\/\/www.europesays.com\/fr\/wp-json\/wp\/v2\/media\/850388"}],"wp:attachment":[{"href":"https:\/\/www.europesays.com\/fr\/wp-json\/wp\/v2\/media?parent=850387"}],"wp:term":[{"taxonomy":"category","embeddable":true,"href":"https:\/\/www.europesays.com\/fr\/wp-json\/wp\/v2\/categories?post=850387"},{"taxonomy":"post_tag","embeddable":true,"href":"https:\/\/www.europesays.com\/fr\/wp-json\/wp\/v2\/tags?post=850387"}],"curies":[{"name":"wp","href":"https:\/\/api.w.org\/{rel}","templated":true}]}}