{"id":85051,"date":"2025-05-08T18:48:09","date_gmt":"2025-05-08T18:48:09","guid":{"rendered":"https:\/\/www.europesays.com\/fr\/85051\/"},"modified":"2025-05-08T18:48:09","modified_gmt":"2025-05-08T18:48:09","slug":"kae-tempest-annonce-une-tournee-massive-2025-royaume-uni-et-europeenne","status":"publish","type":"post","link":"https:\/\/www.europesays.com\/fr\/85051\/","title":{"rendered":"Kae Tempest annonce une tourn\u00e9e massive 2025 Royaume-Uni et europ\u00e9enne"},"content":{"rendered":"<p>Kae Tempest a annonc\u00e9 une \u00e9norme visite du Royaume-Uni et de l&rsquo;Europe pour octobre et novembre de cette ann\u00e9e \u2013 voir toutes les dates ci-dessous.<\/p>\n<p>Le rappeur, po\u00e8te et dramaturge a annonc\u00e9 son cinqui\u00e8me album studio, qui sera \u00e9ponyme, \u00e0 la fin du mois dernier. Il devrait sortir le 4 juillet via Island Records et a \u00e9t\u00e9 coproduit par Fraser T Smith (Adele, Stormzy, Dave). Le record mettra \u00e9galement en vedette les go\u00fbts de Pet Shop Boys &lsquo;Neil Tennant, Young P\u00e8res et Connie Constance.<\/p>\n<p>En mars dernier, Tempest a partag\u00e9 le single de t\u00eate frappant \u00abStatue in the Square\u00bb, et qui a depuis \u00e9t\u00e9 rejoint par la f\u00eate \u00abKnow Yourself\u00bb.<\/p>\n<p>Jeudi 8 mai, Tempest a r\u00e9v\u00e9l\u00e9 la tourn\u00e9e d&rsquo;accompagnement sur son Instagram. Les dates d\u00e9buteront le 12 octobre dans Bozar de Bruxelles, tandis que Tempest arrivera au Royaume-Uni pour un \u00e9norme spectacle \u00e0 l&rsquo;O2 Academy Brixton \u00e0 Londres le 8 novembre. Les \u00e9missions suivent ensuite \u00e0 Bristol, Manchester et \u00c9dimbourg, avant de vous emballer \u00e0 Dublin le 13 novembre.<\/p>\n<blockquote class=\"instagram-media\" data-instgrm-captioned=\"\" data-instgrm-permalink=\"https:\/\/www.instagram.com\/p\/DJYwV-4NBWM\/?utm_source=ig_embed&amp;utm_campaign=loading\" data-instgrm-version=\"14\" style=\" background:#FFF; border:0; border-radius:3px; box-shadow:0 0 1px 0 rgba(0,0,0,0.5),0 1px 10px 0 rgba(0,0,0,0.15); margin: 1px; max-width:658px; min-width:326px; padding:0; width:99.375%; width:-webkit-calc(100% - 2px); width:calc(100% - 2px);\"><\/blockquote>\n<p>\u00abNous partons en tourn\u00e9e!\u00bb Tempest a \u00e9crit. \u00ab\u00a0Venez nous voir. Je vais donner vie aux nouvelles chansons, en les tissant avec les vieilles chansons pour faire un nouveau spectacle. L\u00e0-bas sur sc\u00e8ne devant vous, jouer en direct ressemble \u00e0 une conjuration de sentiment mutuel; c&rsquo;est si puissant et gu\u00e9rissant et profond\u00e9ment connect\u00e9. Et aussi ces chansons sont des bangers. Donc il y a \u00e7a aussi!\u00a0\u00bb<\/p>\n<p>Kae Tempest jouera:<\/p>\n<p><strong>OCTOBRE <\/strong><br \/>12 \u2013 Bruxelles Bozar<br \/>13 \u2013 Paris Elysee Montmartre<br \/>16 \u2013 Bilbao Kafe Antzokia<br \/>18 \u2013 Lisbonne Lisboa ao vivo<br \/>19 \u2013 Madrid Sala Riviera<br \/>21 \u2013 Cenon Le Rocher de Palmer<br \/>22 \u2013 Clermont Ferrand La Cooperative de Mai<br \/>23 \u2013 Lyon Transbordeur<br \/>25 \u2013 Rome Hacienda Roma<br \/>26 \u2013 Bologne Estragon<br \/>27 \u2013 Milan Fabrique<br \/>29 \u2013 Zurich Kaufleuten<br \/>30 \u2013 Docks Lausanne Les<\/p>\n<p><strong>NOVEMBRE<\/strong><br \/>01 \u2013 Berlin Astra Kulturhaus<br \/>02 \u2013 Hamburg Uebel et Gefahrlich<br \/>03 \u2013 Hall de musique live de Cologne<br \/>05 \u2013 Utrecht Tivolivredenburg<br \/>06 \u2013 Eindhoven Effenaar<br \/>08 \u2013 London O2 Academy Brixton<br \/>09 \u2013 Bristol O2 Academy Bristol<br \/>10 \u2013 Manchester Albert Hall<br \/>12 \u2013 \u00c9change de ma\u00efs d&rsquo;Edinburgh<br \/>13 \u2013 rue Dublin Vicar<\/p>\n<p><a href=\"https:\/\/www.youtube.com\/watch?v=atdofaaceyc\" rel=\"nofollow noopener\" target=\"_blank\">https:\/\/www.youtube.com\/watch?v=atdofaaceyc<\/a><\/p>\n<p>Tempest a r\u00e9cemment parl\u00e9 \u00e0 ZikNation sur le nouvel album et la responsabilit\u00e9 qu&rsquo;il ressent en tant que personne non binaire aux yeux du public. \u00ab\u00a0Ce n&rsquo;est pas comme si je ressentais le poids d&rsquo;une responsabilit\u00e9\u00a0\u00bb, a-t-il d\u00e9clar\u00e9. \u00abIl \u00e9tait important pour moi de me pr\u00e9senter \u00e0 ma communaut\u00e9, de me pr\u00e9senter \u00e0 moi-m\u00eame \u00e9tant un homme trans et une personne non binaire. Ce ne sont que des \u00e9l\u00e9ments cruciaux de mon maquillage.<\/p>\n<p>\u00abSi je suis festif et honn\u00eate et sans compromis \u00e0 propos de m&rsquo;exprimer, il y a une certaine libert\u00e9 qui viendra en termes de sentiments des autres sur ce qu&rsquo;ils peuvent ne pas se sentir \u00e0 l&rsquo;aise d&rsquo;exprimer parmi les amis, la famille ou en public.\u00bb<\/p>\n<p>La derni\u00e8re version compl\u00e8te de Tempest \u00e9tait \u00abThe Line Is A Curve\u00bb de 2022. Dans une critique quatre \u00e9toiles de l&rsquo;album, ZikNation D\u00e9crit \u00abLa ligne est une courbe\u00bb comme \u00abfr\u00e9quemment \u00e9blouissante\u00bb. \u00ab\u00a0Le processus de l\u00e2cher prise a entra\u00een\u00e9 un disque sur lequel une voix acclam\u00e9e peut explorer l&rsquo;\u00e9motion humaine avec plus d&rsquo;\u00e9tendue et de profondeur que jamais\u00a0\u00bb, a-t-il lu.<\/p>\n<p><script async src=\"\/\/www.instagram.com\/embed.js\"><\/script><\/p>\n","protected":false},"excerpt":{"rendered":"Kae Tempest a annonc\u00e9 une \u00e9norme visite du Royaume-Uni et de l&rsquo;Europe pour octobre et novembre de cette&hellip;\n","protected":false},"author":2,"featured_media":6228,"comment_status":"","ping_status":"","sticky":false,"template":"","format":"standard","meta":{"footnotes":""},"categories":[1588],"tags":[11,2562,1777,674,4538,19426,17350,12,473,1853,1873,19427,4441,1851,96,1850,1852],"class_list":{"0":"post-85051","1":"post","2":"type-post","3":"status-publish","4":"format-standard","5":"has-post-thumbnail","7":"category-royaume-uni","8":"tag-actualites","9":"tag-annonce","10":"tag-eu","11":"tag-europe","12":"tag-europeenne","13":"tag-kae","14":"tag-massive","15":"tag-news","16":"tag-royaume-uni","17":"tag-royaume-uni-de-grande-bretagne-et-dirlande-du-nord","18":"tag-royaumeuni","19":"tag-tempest","20":"tag-tournee","21":"tag-uk","22":"tag-une","23":"tag-united-kingdom","24":"tag-united-kingdom-of-great-britain-and-northern-ireland"},"share_on_mastodon":{"url":"https:\/\/pubeurope.com\/@fr\/114473710672868125","error":""},"_links":{"self":[{"href":"https:\/\/www.europesays.com\/fr\/wp-json\/wp\/v2\/posts\/85051","targetHints":{"allow":["GET"]}}],"collection":[{"href":"https:\/\/www.europesays.com\/fr\/wp-json\/wp\/v2\/posts"}],"about":[{"href":"https:\/\/www.europesays.com\/fr\/wp-json\/wp\/v2\/types\/post"}],"author":[{"embeddable":true,"href":"https:\/\/www.europesays.com\/fr\/wp-json\/wp\/v2\/users\/2"}],"replies":[{"embeddable":true,"href":"https:\/\/www.europesays.com\/fr\/wp-json\/wp\/v2\/comments?post=85051"}],"version-history":[{"count":0,"href":"https:\/\/www.europesays.com\/fr\/wp-json\/wp\/v2\/posts\/85051\/revisions"}],"wp:featuredmedia":[{"embeddable":true,"href":"https:\/\/www.europesays.com\/fr\/wp-json\/wp\/v2\/media\/6228"}],"wp:attachment":[{"href":"https:\/\/www.europesays.com\/fr\/wp-json\/wp\/v2\/media?parent=85051"}],"wp:term":[{"taxonomy":"category","embeddable":true,"href":"https:\/\/www.europesays.com\/fr\/wp-json\/wp\/v2\/categories?post=85051"},{"taxonomy":"post_tag","embeddable":true,"href":"https:\/\/www.europesays.com\/fr\/wp-json\/wp\/v2\/tags?post=85051"}],"curies":[{"name":"wp","href":"https:\/\/api.w.org\/{rel}","templated":true}]}}