{"id":85066,"date":"2025-05-08T18:56:11","date_gmt":"2025-05-08T18:56:11","guid":{"rendered":"https:\/\/www.europesays.com\/fr\/85066\/"},"modified":"2025-05-08T18:56:11","modified_gmt":"2025-05-08T18:56:11","slug":"retour-sur-les-deux-premiers-titres-du-stade-poitevin-volley-ball","status":"publish","type":"post","link":"https:\/\/www.europesays.com\/fr\/85066\/","title":{"rendered":"retour sur les deux premiers titres du Stade Poitevin Volley-Ball"},"content":{"rendered":"<p>Quand l\u2019histoire d\u2019un club se m\u00eale \u00e0 l\u2019Histoire avec un grand H. De celle qui marque les palmar\u00e8s comme avec les deux titres glan\u00e9s \u00e0 l\u2019\u00e9poque par le Stade Poitevin Volley-Ball, aujourd\u2019hui l\u2019Alterna Stade Poitevin Volley-Ball. \u00c0 l\u2019aube de disputer la huiti\u00e8me finale du championnat de France, ce samedi 10\u00a0mai 2025 \u00e0 Lawson-Body, pour le match aller face \u00e0\u00a0Tours, avant le retour programm\u00e9 une semaine plus tard salle Grenon, il est temps d\u2019\u00e9voquer ces deux premiers sacres en 1999 puis en 2011.<\/p>\n<p>1999\u00a0: \u00c0 jamais les premiers<\/p>\n<p>La saison r\u00e9guli\u00e8re est quasiment parfaite, avec une seule d\u00e9faite, \u00e0 Ajaccio (3-1) et une premi\u00e8re place \u00e0 la cl\u00e9. L\u2019\u00e9quipe alors entra\u00een\u00e9e par Eric Ngapeth, le p\u00e8re d\u2019un certain Earvin, est en pleine confiance au moment d\u2019aborder les play-offs. Les blessures de <a target=\"_self\" href=\"https:\/\/www.lanouvellerepublique.fr\/poitiers\/msl-les-anciens-ont-vibre-lors-de-la-qualification-de-l-alterna-stade-poitevin-en-finale-1746370143\" rel=\"nofollow noopener\">Dominique Daquin<\/a> et du passeur belge Ben Croes auraient pu fragiliser ce bel \u00e9difice. Mais l\u2019international fran\u00e7ais <a target=\"_self\" href=\"https:\/\/www.lanouvellerepublique.fr\/poitiers\/msl-laurent-chambertin-est-revenu-a-poitiers-pour-regouter-a-ce-qui-se-fait-ici\" rel=\"nofollow noopener\">Laurent Chambertin<\/a> d\u00e9barque 48 heures avant le quart de finale contre Tourcoing comme joker m\u00e9dical de ce dernier. Les Poitevins s\u2019inclinent dans le Nord lors du premier match (3-0). Avant de remporter les deux autres manches \u00e0 Poitiers (3-2, 3-0). \u00ab\u00a0Je savais apr\u00e8s \u00e7a que l\u2019on irait au bout\u00a0\u00bb, t\u00e9moigne Eric Ngapeth dans nos colonnes lors de la c\u00e9l\u00e9bration des 20\u00a0ans du titre.<\/p>\n<p>\u00ab\u00a0L\u2019ambiance \u00e9tait extraordinaire\u00a0\u00bb<\/p>\n<p>L\u2019avenir va en effet lui donner raison. Cannes est balay\u00e9 en deux rencontres en demi-finale (3-2, 3-1). Avant la finale contre le Paris Volley. Les Stadistes s\u2019inclinent \u00e0 Paris lors de la premi\u00e8re confrontation (2-3). Puis sont men\u00e9s de deux sets au retour \u00e0 Poitiers. \u00ab\u00a0Mais j\u2019\u00e9tais serein. Aucun joueur n\u2019\u00e9tait f\u00e9brile\u00a0\u00bb, se souvient l\u2019entra\u00eeneur. Avec Gino Brousseau, Paul Duerden ou Tuomas Sammelvuo, les Stadistes vont renverser cette situation compromise pour s\u2019imposer au tie-break (23-25, 28-30, 25-20, 25-16, 15-11). La belle, d\u00e9cisive, se joue le dimanche 9\u00a0mai 1999 dans une salle Lawson-Body incandescente, remplie jusqu\u2019aux cintres avec pr\u00e8s de 3.000 supporters. Qui allaient exploser apr\u00e8s la victoire en trois sets de leurs prot\u00e9g\u00e9s synonyme de premier titre de champion de France, trois ans apr\u00e8s une premi\u00e8re Coupe de France. \u00ab\u00a0Oh la la, l\u2019ambiance \u00e9tait extraordinaire\u00a0\u00bb, sourit Eric Ngapeth. Ce sacre r\u00e9compense le travail et l\u2019investissement de tout un club avec \u00e0 sa t\u00eate son pr\u00e9sident, <a target=\"_self\" href=\"https:\/\/www.lanouvellerepublique.fr\/vienne\/francis-morillon-a-stoppe-son-combat\" rel=\"nofollow noopener\">Francis Morillon<\/a>, et le manager, <a target=\"_self\" href=\"https:\/\/www.lanouvellerepublique.fr\/poitiers\/l-ancien-entraineur-emblematique-du-stade-poitevin-jean-michel-roche-est-decede\" rel=\"nofollow noopener\">Jean-Michel Roche<\/a>, tous deux aujourd\u2019hui disparus. Et, \u00e0 l\u2019\u00e9poque, on trouve dans l\u2019effectif un certain C\u00e9dric Enard, l\u2019actuel manager. Pour que l\u2019histoire ou l\u2019Histoire continue.<\/p>\n<p><strong>L\u2019effectif\u00a0:<\/strong> Cornel So\u00efca, Dominique Daquin, Tuomas Sammelvuo, Steve Cholet, Paul Duerden, Laurent Chambertin, Ben Croes, C\u00e9dric Enard, Gino Brousseau, Jos\u00e9 Amet, Keith Sanheim, Lo\u00efc Le Marrec.<\/p>\n<p><img alt=\"En 2011, Oliver Kieffer, le capitaine du Stade Poitevin Volley-Ball, soul\u00e8ve le troph\u00e9e de champion de France, le deuxi\u00e8me du club.\" loading=\"lazy\" width=\"980\" height=\"573\" decoding=\"async\" data-nimg=\"1\" class=\"img-responsive spinner-show\" style=\"color:transparent;background-size:cover;background-position:50% 50%;background-repeat:no-repeat;background-image:url(&quot;data:image\/svg+xml;charset=utf-8,%3Csvg xmlns=\" http:=\"\" viewbox=\"0 0 980 573\" id=\"b\" color-interpolation-filters=\"sRGB\" stddeviation=\"20\" values=\"1 0 0 0 0 0 1 0 0 0 0 0 1 0 0 0 0 0 100 -1\" result=\"s\" x=\"0\" y=\"0\" operator=\"out\" in=\"s\" in2=\"SourceGraphic\" preserveaspectratio=\"none\" href=\"https:\/\/images.lanouvellerepublique.fr\/image\/upload\/t_88w\/f_auto\/681c75b04c7f1896738b457c.jpg\"   src=\"https:\/\/www.europesays.com\/fr\/wp-content\/uploads\/2025\/05\/681c75b04c7f1896738b457c.jpg\"\/><\/p>\n<p style=\"background-color:#F2F2F2;padding:5px;margin-top:0px;margin-bottom:10px\">En 2011, Oliver Kieffer, le capitaine du Stade Poitevin Volley-Ball, soul\u00e8ve le troph\u00e9e de champion de France, le deuxi\u00e8me du club.<br \/> \u00a9 (Photo archives NR-CP, Patrick Lavaud)<\/p>\n<p>2011\u00a0: Un deuxi\u00e8me sacre \u00e9pique<\/p>\n<p>L\u2019exercice 2010-2011 est pourtant sem\u00e9 d\u2019emb\u00fbches pour le Stade Poitevin Volley-Ball, finaliste malheureux en\u00a02007 et\u00a02008. Le club doit faire face \u00e0 un d\u00e9ficit de pr\u00e8s de 300.000\u00a0euros. Les pr\u00e9mices de sa perte pr\u00e8s d\u2019un an plus tard. Il se voit d\u2019ailleurs infliger deux points de p\u00e9nalit\u00e9 en d\u00e9cembre par la Commission d\u2019Aide et de Contr\u00f4le des Clubs Professionnels. Nicolas Mar\u00e9chal, l\u2019un des atouts de l\u2019\u00e9quipe, est aussi suspendu six mois pour avoir oubli\u00e9 par trois fois de se localiser dans le cadre du suivi longitudinal mis en place par l\u2019Agence Fran\u00e7aise de Lutte contre le Dopage. Interdit de recrutement, le SPVB ne peut pas lui trouver de rempla\u00e7ant. \u00ab\u00a0Cela aurait pu partir en sucette mais chaque probl\u00e8me nous a renforc\u00e9s. On \u00e9tait une \u00e9quipe de rageux, de mecs avec de gros caract\u00e8res. On avan\u00e7ait tous dans le m\u00eame sens\u00a0\u00bb, t\u00e9moigne\u00a0lors des 10\u00a0ans du titre <a target=\"_self\" href=\"https:\/\/www.lanouvellerepublique.fr\/poitiers\/volley-ligue-a-olivier-lecat-lie-a-jamais-avec-le-stade-poitevin\" rel=\"nofollow noopener\">Olivier Lecat<\/a>, l\u2019entra\u00eeneur, par ailleurs, d\u00e9sign\u00e9 meilleur coach de cette saison.<\/p>\n<p>Poitiers termine deuxi\u00e8me de la saison r\u00e9guli\u00e8re avec un bilan de 19 victoires pour 7 d\u00e9faites. En play-offs, les Poitevins \u00e9liminent d\u2019abord Nantes-Rez\u00e9 en quart en trois matchs puis S\u00e8te en demie en deux rencontres. La finale se d\u00e9roule alors sur une seule partie, disput\u00e9e le 14\u00a0mai 2011 salle Pierre de Coubertin, \u00e0 Paris, contre Tours. Tours o\u00f9 joue le jeune Earvin Ngapeth, d\u00e9sign\u00e9 meilleur joueur de la saison. Mais, en finale, le Poitevin Antonin Rouzier est en feu, avec 28 points \u00e0 son actif. Le SPVB s\u2019impose au tie-break, apr\u00e8s de nombreux rebondissements (26-28, 25-20, 25-20, 22-25, 15-13) devant 3.500 spectateurs et dans une ambiance bouillante. \u00ab\u00a0C\u2019\u00e9tait un truc de dingue. Il faisait une chaleur incroyable. Les deux publics avaient \u00e9t\u00e9 fantastiques\u00a0\u00bb, confie le Poitevin Marc Zopie. \u00ab\u00a0On a m\u00e9rit\u00e9 ce titre car on a \u00e9t\u00e9 le chercher\u00a0\u00bb, ajoute le passeur Nuno Pinhero.<\/p>\n<p>Un deuxi\u00e8me titre qui en appelle, d\u00e9sormais, forc\u00e9ment un troisi\u00e8me.<\/p>\n<p><strong>L\u2019effectif\u00a0:<\/strong> Andr\u00e9 Lopes, Antonin Rouzier, Victor Rivera, Nuno Pinheiro, Jean-Philippe Sol, Oliver Kieffer, J\u00e9r\u00e9my Audric, St\u00e9phane Alpha, Marc Zopie, Julien Pouley.<\/p>\n<p>\u00a0<\/p>\n","protected":false},"excerpt":{"rendered":"Quand l\u2019histoire d\u2019un club se m\u00eale \u00e0 l\u2019Histoire avec un grand H. De celle qui marque les palmar\u00e8s&hellip;\n","protected":false},"author":2,"featured_media":85067,"comment_status":"","ping_status":"","sticky":false,"template":"","format":"standard","meta":{"footnotes":""},"categories":[1417],"tags":[328,1654,1011,27,1655,1653,60,1584,1470,1469],"class_list":{"0":"post-85066","1":"post","2":"type-post","3":"status-publish","4":"format-standard","5":"has-post-thumbnail","7":"category-volley","8":"tag-a-la-une","9":"tag-alterna-stade-poitevin-volley-ball","10":"tag-fr","11":"tag-france","12":"tag-ligue-a","13":"tag-poitiers","14":"tag-sports","15":"tag-vienne","16":"tag-volley","17":"tag-volleyball"},"share_on_mastodon":{"url":"https:\/\/pubeurope.com\/@fr\/114473742119588723","error":""},"_links":{"self":[{"href":"https:\/\/www.europesays.com\/fr\/wp-json\/wp\/v2\/posts\/85066","targetHints":{"allow":["GET"]}}],"collection":[{"href":"https:\/\/www.europesays.com\/fr\/wp-json\/wp\/v2\/posts"}],"about":[{"href":"https:\/\/www.europesays.com\/fr\/wp-json\/wp\/v2\/types\/post"}],"author":[{"embeddable":true,"href":"https:\/\/www.europesays.com\/fr\/wp-json\/wp\/v2\/users\/2"}],"replies":[{"embeddable":true,"href":"https:\/\/www.europesays.com\/fr\/wp-json\/wp\/v2\/comments?post=85066"}],"version-history":[{"count":0,"href":"https:\/\/www.europesays.com\/fr\/wp-json\/wp\/v2\/posts\/85066\/revisions"}],"wp:featuredmedia":[{"embeddable":true,"href":"https:\/\/www.europesays.com\/fr\/wp-json\/wp\/v2\/media\/85067"}],"wp:attachment":[{"href":"https:\/\/www.europesays.com\/fr\/wp-json\/wp\/v2\/media?parent=85066"}],"wp:term":[{"taxonomy":"category","embeddable":true,"href":"https:\/\/www.europesays.com\/fr\/wp-json\/wp\/v2\/categories?post=85066"},{"taxonomy":"post_tag","embeddable":true,"href":"https:\/\/www.europesays.com\/fr\/wp-json\/wp\/v2\/tags?post=85066"}],"curies":[{"name":"wp","href":"https:\/\/api.w.org\/{rel}","templated":true}]}}