{"id":85069,"date":"2025-05-08T18:58:09","date_gmt":"2025-05-08T18:58:09","guid":{"rendered":"https:\/\/www.europesays.com\/fr\/85069\/"},"modified":"2025-05-08T18:58:09","modified_gmt":"2025-05-08T18:58:09","slug":"wta-rome-naomi-osaka-il-y-a-eu-un-moment-aujourdhui-ou-tout-allait-mal-ou-jai-commence-a-penser-a-la-possibilite-de-prendre-un-vol-pour-aller-voir-ma-fille","status":"publish","type":"post","link":"https:\/\/www.europesays.com\/fr\/85069\/","title":{"rendered":"WTA &#8211; Rome > Naomi Osaka : \u00ab\u00a0Il y a eu un moment aujourd&rsquo;hui o\u00f9 tout allait mal, o\u00f9 j&rsquo;ai commenc\u00e9 \u00e0 penser \u00e0 la possibilit\u00e9 de prendre un vol pour aller voir ma fille\u00a0\u00bb"},"content":{"rendered":"<p>Titr\u00e9e \u00e0 Saint\u2010Malo, Naomi Osaka est arriv\u00e9e \u00e0 Rome avec l\u2019am\u00adbi\u00adtion de surfer sur sa bonne lanc\u00e9e, pour parfaire sa pr\u00e9pa\u00adra\u00adtion \u00e0 Roland\u2010Garros. Pour son deuxi\u00e8me match dans la ville \u00e9ter\u00adnelle, la quadruple cham\u00adpionne en Grand Chelem a souf\u00adfert face \u00e0 Viktorija Golubic, 87e joueuse mondiale, avant de fina\u00adle\u00adment renverser la rencontre en trois sets (6\u22122, 5\u20137, 1\u20136). <\/p>\n<p>Apr\u00e8s le match, l\u2019an\u00adcienne num\u00e9ro un mondial confie avoir pens\u00e9 au pire, une fois le premier set\u00a0perdu.<\/p>\n<p><strong>\u00ab\u202fIl y a tr\u00e8s peu de joueuses qui peuvent rester concen\u00adtr\u00e9es pendant tout un match, et je ne suis pas l\u2019une d\u2019entre elles. Ce qui est amusant dans le tennis, c\u2019est qu\u2019on a toujours la possi\u00adbi\u00adlit\u00e9 de se remettre sur les rails. Il y a eu un moment aujourd\u2019hui o\u00f9 tout allait mal, o\u00f9 j\u2019ai commenc\u00e9 \u00e0 penser \u00e0 la possi\u00adbi\u00adlit\u00e9 de prendre un vol pour aller voir ma fille et de revenir quelques jours plus tard pour jouer \u00e0 Roland\u2010Garros. Je veux conti\u00adnuer \u00e0 gagner des matches parce que je pense que la derni\u00e8re partie de la saison sera tr\u00e8s bonne pour moi. Mon objectif est d\u2019\u00eatre t\u00eate de s\u00e9rie pour\u00a0l\u2019US\u00a0Open\u202f\u00bb<\/strong>, a comment\u00e9 la Japonaise, dans des propos rapport\u00e9s par <a href=\"https:\/\/www.puntodebreak.com\/2025\/05\/08\/osaka-iba-perdiendo-pensaba-idea-avion-ver-hija-temporada\" data-wpel-link=\"external\" target=\"_blank\" rel=\"nofollow external noopener\">Punto de Break<\/a>.<\/p>\n<p class=\"post-published-date\" style=\"color: silver; font-size: 75%; text-align: left;\">Publi\u00e9 le jeudi 8 mai 2025 \u00e0 19:45<\/p>\n","protected":false},"excerpt":{"rendered":"Titr\u00e9e \u00e0 Saint\u2010Malo, Naomi Osaka est arriv\u00e9e \u00e0 Rome avec l\u2019am\u00adbi\u00adtion de surfer sur sa bonne lanc\u00e9e, pour&hellip;\n","protected":false},"author":2,"featured_media":85070,"comment_status":"","ping_status":"","sticky":false,"template":"","format":"standard","meta":{"footnotes":""},"categories":[1415],"tags":[1011,27,8447,60,1467],"class_list":{"0":"post-85069","1":"post","2":"type-post","3":"status-publish","4":"format-standard","5":"has-post-thumbnail","7":"category-tennis","8":"tag-fr","9":"tag-france","10":"tag-osaka","11":"tag-sports","12":"tag-tennis"},"share_on_mastodon":{"url":"https:\/\/pubeurope.com\/@fr\/114473749902638823","error":""},"_links":{"self":[{"href":"https:\/\/www.europesays.com\/fr\/wp-json\/wp\/v2\/posts\/85069","targetHints":{"allow":["GET"]}}],"collection":[{"href":"https:\/\/www.europesays.com\/fr\/wp-json\/wp\/v2\/posts"}],"about":[{"href":"https:\/\/www.europesays.com\/fr\/wp-json\/wp\/v2\/types\/post"}],"author":[{"embeddable":true,"href":"https:\/\/www.europesays.com\/fr\/wp-json\/wp\/v2\/users\/2"}],"replies":[{"embeddable":true,"href":"https:\/\/www.europesays.com\/fr\/wp-json\/wp\/v2\/comments?post=85069"}],"version-history":[{"count":0,"href":"https:\/\/www.europesays.com\/fr\/wp-json\/wp\/v2\/posts\/85069\/revisions"}],"wp:featuredmedia":[{"embeddable":true,"href":"https:\/\/www.europesays.com\/fr\/wp-json\/wp\/v2\/media\/85070"}],"wp:attachment":[{"href":"https:\/\/www.europesays.com\/fr\/wp-json\/wp\/v2\/media?parent=85069"}],"wp:term":[{"taxonomy":"category","embeddable":true,"href":"https:\/\/www.europesays.com\/fr\/wp-json\/wp\/v2\/categories?post=85069"},{"taxonomy":"post_tag","embeddable":true,"href":"https:\/\/www.europesays.com\/fr\/wp-json\/wp\/v2\/tags?post=85069"}],"curies":[{"name":"wp","href":"https:\/\/api.w.org\/{rel}","templated":true}]}}