{"id":85073,"date":"2025-05-08T19:01:09","date_gmt":"2025-05-08T19:01:09","guid":{"rendered":"https:\/\/www.europesays.com\/fr\/85073\/"},"modified":"2025-05-08T19:01:09","modified_gmt":"2025-05-08T19:01:09","slug":"les-supporters-parisiens-reprennent-une-declaration-du-maudit-mbappe-et-le-ridiculisent-sur-les-reseaux-sociaux","status":"publish","type":"post","link":"https:\/\/www.europesays.com\/fr\/85073\/","title":{"rendered":"les supporters parisiens reprennent une d\u00e9claration du \u00abmaudit Mbapp\u00e9\u00bb et le ridiculisent sur les r\u00e9seaux sociaux"},"content":{"rendered":"<p>Quelques heures apr\u00e8s la qualification du Paris SG en finale de la Ligue des champions, de nombreux supporters du club de la capitale ont ressorti une ancienne d\u00e9claration de Kylian Mbapp\u00e9, qui a (tr\u00e8s) mal vieilli.<\/p>\n<p class=\"fig-paragraph\">Une sortie dont il aurait pu se passer. Le 4 mars 2023, alors qu\u2019il venait de devenir le meilleur buteur de l\u2019histoire du\u00a0<a href=\"http:\/\/www.lefigaro.fr\/sports\/football\/ligue-des-champions\/donnarumma-superheros-equipe-du-futur-qui-est-tout-sauf-tape-a-l-oeil-la-presse-europeenne-sous-le-charme-des-parisiens-du-genial-luis-enrique-20250508\" data-fig-type=\"NewsFlash\" data-gtm-custom-categorie=\"navigation\" data-gtm-custom-action=\"crossclick\" data-gtm-custom-label=\"Contextuel\" data-gtm-event=\"customEventSPE\" data-fig-domain=\"LEFIGARO\" target=\"_blank\" rel=\"noopener\">PSG<\/a>\u00a0&#8211; d\u00e9passant ainsi les 200 buts inscrits par Edinson Cavani &#8211;\u00a0<a href=\"http:\/\/www.lefigaro.fr\/sports\/football\/ligue-1\/l-idee-n-est-pas-de-faire-revenir-mbappe-a-paris-michel-denisot-sur-le-mercato-du-paris-fc-en-ligue-1-20250505\" data-fig-type=\"NewsFlash\" data-gtm-custom-categorie=\"navigation\" data-gtm-custom-action=\"crossclick\" data-gtm-custom-label=\"Contextuel\" data-gtm-event=\"customEventSPE\" data-fig-domain=\"LEFIGARO\" target=\"_blank\" rel=\"noopener\">Kylian Mbapp\u00e9<\/a>\u00a0s\u2019\u00e9tait, par la suite, pr\u00e9sent\u00e9 en conf\u00e9rence de presse. Ce soir-l\u00e0, un journaliste avait demand\u00e9 au Bondynois s\u2019il liait \u00abson avenir au match de mercredi prochain face au Bayern Munich\u00a0?\u00bb \u00c0 ce moment-l\u00e0, Paris \u00e9tait \u00e0 quatre jours de son match retour en Bavi\u00e8re, en 8e de finale de C1, apr\u00e8s avoir perdu la premi\u00e8re manche au Parc des Princes (0-1).<\/p>\n<p>Paris en route pour gagner la C1 avant et sans Mbapp\u00e9<\/p>\n<p class=\"fig-paragraph\">L\u2019actuel capitaine de l\u2019\u00e9quipe de France avait alors pris tout le monde de court, en livrant une r\u00e9ponse quelque peu inattendue. \u00abJe ne pense pas que ce match aura une incidence sur mon futur. Si je liais mon avenir \u00e0 la Ligue des champions, et je ne manque pas de respect au club, je serai parti tr\u00e8s loin\u00a0!\u00bb, avait d\u00e9clar\u00e9, en ricanant, l\u2019attaquant de 26 ans. Malheureusement pour lui, mercredi soir, le\u00a0<a href=\"http:\/\/www.lefigaro.fr\/sports\/football\/ligue-des-champions\/ligue-des-champions-vainqueur-d-arsenal-le-psg-defiera-l-inter-milan-pour-la-deuxieme-finale-de-son-histoire-20250507\" data-fig-type=\"NewsFlash\" data-gtm-custom-categorie=\"navigation\" data-gtm-custom-action=\"crossclick\" data-gtm-custom-label=\"Contextuel\" data-gtm-event=\"customEventSPE\" data-fig-domain=\"LEFIGARO\" target=\"_blank\" rel=\"noopener\">Paris SG a dompt\u00e9 une nouvelle fois Arsenal<\/a>\u00a0(2-1) pour rallier la\u00a0<a href=\"http:\/\/www.lefigaro.fr\/sports\/football\/ligue-des-champions\/psg-arsenal-finale-inedite-ruiz-premiere-jackpot-pour-paris-les-chiffres-marquants-20250508\" data-fig-type=\"NewsFlash\" data-gtm-custom-categorie=\"navigation\" data-gtm-custom-action=\"crossclick\" data-gtm-custom-label=\"Contextuel\" data-gtm-event=\"customEventSPE\" data-fig-domain=\"LEFIGARO\" target=\"_blank\" rel=\"noopener\">finale de la Ligue des champions<\/a>, la deuxi\u00e8me de son histoire. Dans l\u2019extase et l\u2019euphorie, certains fans parisiens se sont souvenus de cette sortie (assez) maladroite de l\u2019international fran\u00e7ais, pour lui renvoyer tel un boomerang en pleine figure.<\/p>\n<p class=\"fig-body-link\">\n            \u00c0 lire aussi<br \/>\n        <a class=\"fig-body-link__link\" href=\"http:\/\/www.lefigaro.fr\/sports\/football\/ligue-des-champions\/psg-arsenal-paris-immense-collectif-parc-des-princes-en-feu-arteta-mauvais-perdant-coups-de-coeur-et-coups-de-griffe-20250508\" data-fig-type=\"NewsFlash\" data-gtm-custom-categorie=\"navigation\" data-gtm-custom-action=\"crossclick\" data-gtm-custom-label=\"Contextuel\" data-gtm-event=\"customEventSPE\" data-fig-domain=\"LEFIGARO\" target=\"_blank\" rel=\"noopener\">PSG-Arsenal\u00a0: Paris immense collectif, Parc des Princes en feu, Arteta mauvais perdant&#8230; Coups de c\u0153ur et coups de griffe<br \/>\n    <\/a>\n<\/p>\n<p class=\"fig-paragraph\">\u00c9limin\u00e9 de son c\u00f4t\u00e9 avec le\u00a0<a href=\"http:\/\/www.lefigaro.fr\/sports\/football\/ligue-des-champions\/inter-milan-barcelone-grazie-inter-les-supporters-du-real-madrid-remercient-les-milanais-apres-avoir-elimine-le-barca-20250507\" data-fig-type=\"NewsFlash\" data-gtm-custom-categorie=\"navigation\" data-gtm-custom-action=\"crossclick\" data-gtm-custom-label=\"Contextuel\" data-gtm-event=\"customEventSPE\" data-fig-domain=\"LEFIGARO\" target=\"_blank\" rel=\"noopener\">Real Madrid<\/a>, face \u00e0 ces m\u00eames\u00a0<a href=\"http:\/\/www.lefigaro.fr\/sports\/football\/ligue-des-champions\/psg-arsenal-paris-immense-collectif-parc-des-princes-en-feu-arteta-mauvais-perdant-coups-de-coeur-et-coups-de-griffe-20250508\" data-fig-type=\"NewsFlash\" data-gtm-custom-categorie=\"navigation\" data-gtm-custom-action=\"crossclick\" data-gtm-custom-label=\"Contextuel\" data-gtm-event=\"customEventSPE\" data-fig-domain=\"LEFIGARO\" target=\"_blank\" rel=\"noopener\">Gunners\u00a0<\/a>en quart de finale de la comp\u00e9tition, le buteur merengue &#8211; qui avait notamment pli\u00e9 bagage de Paris l\u2019\u00e9t\u00e9 dernier pour remporter la coupe aux grandes oreilles dans la capitale espagnole &#8211; fait p\u00e2le figure. Sur les r\u00e9seaux sociaux, en particulier sur X (ex-Twitter), le champion du monde 2018, qui au c\u0153ur des moqueries et ridiculis\u00e9 par la tournure des \u00e9v\u00e9nements, cristallise par son d\u00e9part il y a plusieurs mois, le\u00a0<a href=\"http:\/\/www.lefigaro.fr\/sports\/football\/ligue-des-champions\/psg-ce-n-est-pas-une-question-de-muscles-mais-d-activite-pourquoi-le-milieu-parisien-impressionne-l-europe-20250506\" data-fig-type=\"Article\" data-gtm-custom-categorie=\"navigation\" data-gtm-custom-action=\"crossclick\" data-gtm-custom-label=\"Contextuel\" data-gtm-event=\"customEventSPE\" data-fig-domain=\"LEFIGARO\" target=\"_blank\" rel=\"noopener\">renouveau collectif du PSG<\/a>. Alors que, au m\u00eame moment, le Real &#8211; injouable l\u2019ann\u00e9e pass\u00e9e &#8211; r\u00e9alise une saison morne, et s\u00fbrement sans le moindre titre \u00e0 la clef.<\/p>\n<p class=\"fig-paragraph\">Un contraste saisissant que les Parisiens ne manquent pas de ressasser au principal int\u00e9ress\u00e9. Le 31 mai \u00e0 Munich, Paris sera \u00e0 90 min de glaner\u00a0<a href=\"http:\/\/www.lefigaro.fr\/sports\/football\/ligue-des-champions\/psg-arsenal-il-reste-un-match-pour-ecrire-l-histoire-les-parisiens-deja-tournes-vers-l-inter-milan-et-la-finale-20250508\" data-fig-type=\"NewsFlash\" data-gtm-custom-categorie=\"navigation\" data-gtm-custom-action=\"crossclick\" data-gtm-custom-label=\"Contextuel\" data-gtm-event=\"customEventSPE\" data-fig-domain=\"LEFIGARO\" target=\"_blank\" rel=\"noopener\">sa premi\u00e8re C1<\/a>, sans et avant Kylian Mbapp\u00e9 &#8211; qui s\u2019\u00e9tait inclin\u00e9 en finale avec Paris\u00a0<a href=\"http:\/\/www.lefigaro.fr\/sports\/football\/ligue-des-champions\/psg-arsenal-le-message-plein-de-classe-de-thiago-silva-20250508\" data-fig-type=\"NewsFlash\" data-gtm-custom-categorie=\"navigation\" data-gtm-custom-action=\"crossclick\" data-gtm-custom-label=\"Contextuel\" data-gtm-event=\"customEventSPE\" data-fig-domain=\"LEFIGARO\" target=\"_blank\" rel=\"noopener\">face au Bayern<\/a>\u00a0(0-1) en 2020 &#8211; une nouvelle fois groggy dans la comp\u00e9tition. Timing d\u00e9fectueux, revers de la m\u00e9daille, ou simple (mauvais) karma\u00a0?<\/p>\n","protected":false},"excerpt":{"rendered":"Quelques heures apr\u00e8s la qualification du Paris SG en finale de la Ligue des champions, de nombreux supporters&hellip;\n","protected":false},"author":2,"featured_media":85074,"comment_status":"","ping_status":"","sticky":false,"template":"","format":"standard","meta":{"footnotes":""},"categories":[1412],"tags":[4791,786,525,448,1981,1089,814,1451,2257,63,1452,1453,1454,1455,1011,27,2705,6477,447,1307,3490,955,4589,4789,93,4790,1980,60,455],"class_list":{"0":"post-85073","1":"post","2":"type-post","3":"status-publish","4":"format-standard","5":"has-post-thumbnail","7":"category-f1","8":"tag-barcelone","9":"tag-c1","10":"tag-calendrier","11":"tag-champions-league","12":"tag-classement","13":"tag-coupe-deurope","14":"tag-direct","15":"tag-f1","16":"tag-foot","17":"tag-football","18":"tag-formula-1","19":"tag-formula1","20":"tag-formule-1","21":"tag-formule1","22":"tag-fr","23":"tag-france","24":"tag-groupe","25":"tag-kylian-mbappe","26":"tag-ligue-des-champions","27":"tag-lille","28":"tag-liverpool","29":"tag-match","30":"tag-phase-finale","31":"tag-poule","32":"tag-psg","33":"tag-real-madrid","34":"tag-resultats","35":"tag-sports","36":"tag-uefa"},"share_on_mastodon":{"url":"https:\/\/pubeurope.com\/@fr\/114473761825081341","error":""},"_links":{"self":[{"href":"https:\/\/www.europesays.com\/fr\/wp-json\/wp\/v2\/posts\/85073","targetHints":{"allow":["GET"]}}],"collection":[{"href":"https:\/\/www.europesays.com\/fr\/wp-json\/wp\/v2\/posts"}],"about":[{"href":"https:\/\/www.europesays.com\/fr\/wp-json\/wp\/v2\/types\/post"}],"author":[{"embeddable":true,"href":"https:\/\/www.europesays.com\/fr\/wp-json\/wp\/v2\/users\/2"}],"replies":[{"embeddable":true,"href":"https:\/\/www.europesays.com\/fr\/wp-json\/wp\/v2\/comments?post=85073"}],"version-history":[{"count":0,"href":"https:\/\/www.europesays.com\/fr\/wp-json\/wp\/v2\/posts\/85073\/revisions"}],"wp:featuredmedia":[{"embeddable":true,"href":"https:\/\/www.europesays.com\/fr\/wp-json\/wp\/v2\/media\/85074"}],"wp:attachment":[{"href":"https:\/\/www.europesays.com\/fr\/wp-json\/wp\/v2\/media?parent=85073"}],"wp:term":[{"taxonomy":"category","embeddable":true,"href":"https:\/\/www.europesays.com\/fr\/wp-json\/wp\/v2\/categories?post=85073"},{"taxonomy":"post_tag","embeddable":true,"href":"https:\/\/www.europesays.com\/fr\/wp-json\/wp\/v2\/tags?post=85073"}],"curies":[{"name":"wp","href":"https:\/\/api.w.org\/{rel}","templated":true}]}}