{"id":85075,"date":"2025-05-08T19:02:11","date_gmt":"2025-05-08T19:02:11","guid":{"rendered":"https:\/\/www.europesays.com\/fr\/85075\/"},"modified":"2025-05-08T19:02:11","modified_gmt":"2025-05-08T19:02:11","slug":"decathlon-ag2r-la-mondiale-remet-ses-leaders-en-marche-actualite","status":"publish","type":"post","link":"https:\/\/www.europesays.com\/fr\/85075\/","title":{"rendered":"Decathlon AG2R La Mondiale remet ses leaders en marche &#8211; Actualit\u00e9"},"content":{"rendered":"<p style=\"text-align: justify;\">Les Decathlon AG2R La Mondiale n&rsquo;ont pas gagn\u00e9, mais ses coureurs retrouvent des couleurs. D&rsquo;abord Paul Lapeira, victime d&rsquo;ennuis au genou qui lui ont valu deux mois d&rsquo;arr\u00eat, depuis le Tour des Alpes-Maritimes. \u00ab\u00a0Je suis content quand m\u00eame, la condition est d\u00e9j\u00e0 bonne. Evidemment je ne m&rsquo;attendais pas \u00e0 \u00eatre \u00e0 mon meilleur niveau, il faut encore des ajustements. Mais je reviens avec un niveau coh\u00e9rent. Si je peux contribuer au collectif sur ces jours \u00e7a me fait plaisir\u00a0\u00bb, raconte-t-il ce jeudi, \u00e0 l&rsquo;occasion des Boucles de l&rsquo;Aulne. L&rsquo;autre \u00e9l\u00e9ment en qu\u00eate de rep\u00e8res est Benoit Cosnefroy, qui n&rsquo;a repris sa saison qu&rsquo;au Tour de Romandie la semaine derni\u00e8re, apr\u00e8s une clavicule cass\u00e9e qui a mis un terme pr\u00e9matur\u00e9 \u00e0 son ann\u00e9e 2024, avant d&rsquo;\u00eatre lui aussi en d\u00e9licatesse avec son genou en d\u00e9but de saison.<\/p>\n<p>Et Benoit Cosnefroy a fait mieux que simplement retrouv\u00e9 des sensations en Bretagne, puisqu&rsquo;il est mont\u00e9 sur le podium, seulement battu par Lewis Askey (<strong><a href=\"https:\/\/www.directvelo.com\/actualite\/120487\/boucles-de-laulne-lewis-askey-1er\" target=\"_blank\" rel=\"noopener\">voir classement<\/a><\/strong>). \u00ab\u00a0C&rsquo;est presque inesp\u00e9r\u00e9, j&rsquo;ai repris la semaine derni\u00e8re donc ce n&rsquo;est pas \u00e9vident d\u00e8s la deuxi\u00e8me semaine. Mais quelle course folle ! J&rsquo;\u00e9tais assez actif, et j&rsquo;ai eu du mal \u00e0 encaisser les efforts\u00a0\u00bb. Le Normand s&rsquo;est port\u00e9 \u00e0 l&rsquo;avant, en prenant notamment un beau groupe d&rsquo;\u00e9chapp\u00e9s \u00e0 environ 60 kilom\u00e8tres du but. \u00ab\u00a0J&rsquo;y ai cru car c&rsquo;est tr\u00e8s difficile sur ce circuit de r\u00e9tablir une situation. Il aurait fallu qu&rsquo;on creuse 10-15 secondes de plus pour bien s&rsquo;entendre et relayer moins fort. C&rsquo;\u00e9tait un beau coup, c&rsquo;est dommage. Mais en m\u00eame temps en \u00e9tant en inf\u00e9riorit\u00e9 num\u00e9rique, c&rsquo;\u00e9tait peut-\u00eatre mieux que \u00e7a rentre\u00a0\u00bb.<\/p>\n<p>Un regroupement pouvait favoriser un sprint de Paul Lapeira, comme c&rsquo;\u00e9tait initialement pr\u00e9vu. Mais le duo normand s&rsquo;est perdu. \u00ab\u00a0On voulait faire le sprint pour Paul, j&rsquo;ai entendu qu&rsquo;il \u00e9tait dans ma roue, j&rsquo;y suis all\u00e9. J&rsquo;ai fait un sprint de 500 m et je n&rsquo;ai rien vu derri\u00e8re, j&rsquo;ai juste vu que Paul ne remontait pas. Les derniers m\u00e8tres \u00e9taient vraiment horribles. Chateaulin n&rsquo;est jamais facile\u00a0\u00bb, souffle le 2e du jour. Paul Lapeira a finalement fini assez loin dans le paquet, mais ce n&rsquo;est que partie remise. \u00ab\u00a0Dans l&rsquo;id\u00e9e l&rsquo;objectif \u00e9tait d&rsquo;\u00eatre acteur. Noa (Isidore) \u00e9tait tr\u00e8s fort. L&rsquo;id\u00e9e n&rsquo;est pas d&rsquo;en mettre dans tous les sens. Il fallait doser, \u00e7a a \u00e9t\u00e9 tr\u00e8s bien fait. Moi j&rsquo;aurais pu \u00eatre actif plut\u00f4t dans le final, mais Benoit va faire 2 donc c&rsquo;est bien\u00a0\u00bb. Au moins, tout le monde s&rsquo;est un peu rassur\u00e9 alors qu&rsquo;il reste encore un week-end complet en Bretagne.<\/p>\n","protected":false},"excerpt":{"rendered":"Les Decathlon AG2R La Mondiale n&rsquo;ont pas gagn\u00e9, mais ses coureurs retrouvent des couleurs. D&rsquo;abord Paul Lapeira, victime&hellip;\n","protected":false},"author":2,"featured_media":85076,"comment_status":"","ping_status":"","sticky":false,"template":"","format":"standard","meta":{"footnotes":""},"categories":[1411],"tags":[834,828,836,829,837,827,83,826,824,823,1154,207,814,817,815,816,822,821,832,211,839,1011,27,820,818,819,835,831,830,833,838,60,212,208,825],"class_list":{"0":"post-85075","1":"post","2":"type-post","3":"status-publish","4":"format-standard","5":"has-post-thumbnail","7":"category-cyclisme","8":"tag-attaque","9":"tag-belgique","10":"tag-braquet","11":"tag-bretagne","12":"tag-chute","13":"tag-competition","14":"tag-coupe-de-france","15":"tag-coureur","16":"tag-course-cyclisme","17":"tag-course-cycliste","18":"tag-cycling","19":"tag-cyclisme","20":"tag-direct","21":"tag-direct-velo","22":"tag-directvelo","23":"tag-directvelo-com","24":"tag-epreuve","25":"tag-epreuve-cycliste","26":"tag-federation-francaise-de-cyclisme","27":"tag-ffc","28":"tag-flandres","29":"tag-fr","30":"tag-france","31":"tag-live","32":"tag-live-course","33":"tag-live-epreuve","34":"tag-peloton","35":"tag-radio-peloton","36":"tag-radio-tour","37":"tag-ravitaillement","38":"tag-relance","39":"tag-sports","40":"tag-uci","41":"tag-velo","42":"tag-velos"},"share_on_mastodon":{"url":"https:\/\/pubeurope.com\/@fr\/114473765653490785","error":""},"_links":{"self":[{"href":"https:\/\/www.europesays.com\/fr\/wp-json\/wp\/v2\/posts\/85075","targetHints":{"allow":["GET"]}}],"collection":[{"href":"https:\/\/www.europesays.com\/fr\/wp-json\/wp\/v2\/posts"}],"about":[{"href":"https:\/\/www.europesays.com\/fr\/wp-json\/wp\/v2\/types\/post"}],"author":[{"embeddable":true,"href":"https:\/\/www.europesays.com\/fr\/wp-json\/wp\/v2\/users\/2"}],"replies":[{"embeddable":true,"href":"https:\/\/www.europesays.com\/fr\/wp-json\/wp\/v2\/comments?post=85075"}],"version-history":[{"count":0,"href":"https:\/\/www.europesays.com\/fr\/wp-json\/wp\/v2\/posts\/85075\/revisions"}],"wp:featuredmedia":[{"embeddable":true,"href":"https:\/\/www.europesays.com\/fr\/wp-json\/wp\/v2\/media\/85076"}],"wp:attachment":[{"href":"https:\/\/www.europesays.com\/fr\/wp-json\/wp\/v2\/media?parent=85075"}],"wp:term":[{"taxonomy":"category","embeddable":true,"href":"https:\/\/www.europesays.com\/fr\/wp-json\/wp\/v2\/categories?post=85075"},{"taxonomy":"post_tag","embeddable":true,"href":"https:\/\/www.europesays.com\/fr\/wp-json\/wp\/v2\/tags?post=85075"}],"curies":[{"name":"wp","href":"https:\/\/api.w.org\/{rel}","templated":true}]}}