{"id":85081,"date":"2025-05-08T19:05:08","date_gmt":"2025-05-08T19:05:08","guid":{"rendered":"https:\/\/www.europesays.com\/fr\/85081\/"},"modified":"2025-05-08T19:05:08","modified_gmt":"2025-05-08T19:05:08","slug":"moisissures-deformations-une-grande-toile-de-guillaume-fouace-sauvee-grace-a-une-restauration","status":"publish","type":"post","link":"https:\/\/www.europesays.com\/fr\/85081\/","title":{"rendered":"Moisissures, d\u00e9formations\u2026 Une grande toile de Guillaume Fouace sauv\u00e9e gr\u00e2ce \u00e0 une restauration"},"content":{"rendered":"<p>            Par<br \/>\n        <strong><br \/>\n            <a href=\"https:\/\/actu.fr\/auteur\/redaction-pressemanche\" title=\"Consulter tous les articles de R\u00e9daction La Presse de la Manche\" rel=\"nofollow noopener\" target=\"_blank\">R\u00e9daction La Presse de la Manche<\/a><br \/>\n        <\/strong><\/p>\n<p>        Publi\u00e9 le<\/p>\n<p>            8 mai 2025 \u00e0 12h15        <\/p>\n<p>Tous les habitants de <a href=\"https:\/\/actu.fr\/normandie\/reville_50433\" rel=\"nofollow noopener\" target=\"_blank\">R\u00e9ville<\/a> (Manche) connaissent cette<b> grande toile<\/b> qui orne la salle du conseil municipal depuis 1919\u2009: La Forge de <a href=\"https:\/\/actu.fr\/loisirs-culture\/ca-sest-passe-le-7-janvier-1895-a-paris-guillaume-fouace-est-decede_61944794.html\" rel=\"nofollow noopener\" target=\"_blank\">Guillaume Fouace<\/a>.<\/p>\n<p class=\" wall-content\">L\u00e9gu\u00e9 \u00e0 la mairie par sa veuve \u00e0 condition qu\u2019il reste dans cette salle, le tableau<b> date de 1887<\/b>. Tout en harmonies froides et en clairs-obscurs, il repr\u00e9sente un ouvrier limant un fer \u00e0 cheval dans l\u2019une des forges de R\u00e9ville.<\/p>\n<p class=\" wall-content\">Dans cette sc\u00e8ne de genre, Guillaume Fouace a pris soin d\u2019introduire ces <b>natures mortes<\/b> qui ont fait sa <b>r\u00e9putation\u2009<\/b>: ici, rien de comestible, mais des objets du quotidien que le peintre \u00e9claire en d\u00e9tail.<\/p>\n<p>D\u00e9j\u00e0 restaur\u00e9e dans les ann\u00e9es 2000<\/p>\n<p class=\" wall-content\">Malgr\u00e9 une <b>restauration partielle dans les ann\u00e9es 2000<\/b>, La Forge <b>mena\u00e7ait de dispara\u00eetre<\/b> aux yeux des R\u00e9villais.<\/p>\n<p class=\" wall-content\"><b>Sp\u00e9cialiste reconnue<\/b> dans la restauration de tableaux, <b>St\u00e9phanie Martin<\/b> a \u00e9t\u00e9 appel\u00e9e pour rendre \u00e0 l\u2019\u0153uvre ses couleurs. Le tableau \u00e9tait trop grand pour \u00eatre transport\u00e9 dans son atelier parisien. Elle a donc pris ses quartiers dans l\u2019ancienne \u00e9cole de R\u00e9ville pendant trois semaines.<\/p>\n<p>Plus de 16\u00a0jours de travail<\/p>\n<p class=\" wall-content\">En pr\u00e9sence d\u2019Yves Asseline, de Brigitte L\u00e9ger-Lepaysant et d\u2019une trentaine d\u2019enfants de l\u2019\u00c9cole du bord de mer, accompagn\u00e9s par leurs enseignantes et leur directeur, la toile quasi restaur\u00e9e a \u00e9t\u00e9 d\u00e9voil\u00e9e au public <b>lundi 5\u00a0mai 2025<\/b>.<\/p>\n<p>Vid\u00e9os : en ce moment sur Actu<\/p>\n<p class=\" wall-content\">\u00ab\u2009Elle pr\u00e9sentait <b>deux probl\u00e8mes graves<\/b>\u2009: des <b>moisissures <\/b>et un vernis qui n\u2019\u00e9tait pas d\u2019origine et la jaunissait, a rappel\u00e9 St\u00e9phanie Martin. De plus, les cl\u00e9s du ch\u00e2ssis avaient \u00e9t\u00e9 mal con\u00e7ues. Elles provoquaient des <b>d\u00e9formations <\/b>sur une toile dont la tension \u00e9tait insuffisante.\u2009\u00bb<\/p>\n<p class=\" wall-content\">Il aura fallu<b> plus de 16\u00a0jours de travail <\/b>pour restaurer La Forge. \u00ab\u2009Avec mon assistante, Pauline Lascour\u00e8ges, nous avons nettoy\u00e9 et d\u00e9crass\u00e9 la toile. C\u2019est le travail le plus d\u00e9licat. Il faut veiller \u00e0 enlever le moins de mati\u00e8re possible. Ensuite, j\u2019ai proc\u00e9d\u00e9 aux retouches aux endroits n\u00e9cessaires. Il en reste aujourd\u2019hui deux petites \u00e0 faire et l\u2019\u0153uvre sera totalement restaur\u00e9e.\u2009\u00bb<\/p>\n<p class=\" wall-content\">La mairie de R\u00e9ville a utilis\u00e9 les 3\u2009000\u00a0euros du 1er prix national gagn\u00e9 en 2017 avec la <a href=\"https:\/\/actu.fr\/tag\/fondation-du-patrimoine\" rel=\"nofollow noopener\" target=\"_blank\">Fondation du patrimoine<\/a> pour financer le projet dont le <b>co\u00fbt total <\/b>s\u2019\u00e9levait \u00e0<b> 10\u2009000\u00a0euros<\/b>. Le reste a \u00e9t\u00e9 financ\u00e9 par le D\u00e9partement et par la DRAC. \u00ab\u2009La Forge fait partie du <a href=\"https:\/\/actu.fr\/tag\/patrimoine\" rel=\"nofollow noopener\" target=\"_blank\">patrimoine<\/a> des R\u00e9villais. Elle retrouvera bient\u00f4t la salle du conseil, s\u2019est r\u00e9joui Yves Asseline, et pour au moins 100\u00a0ans, nous l\u2019esp\u00e9rons\u2009\u00bb.<\/p>\n<p class=\" wall-content\"><b>De notre correspondant Fr\u00e9d\u00e9ric SENGES<\/b><\/p>\n<p class=\" wall-content\">Suivez toute l\u2019actualit\u00e9 de vos villes et m\u00e9dias favoris en vous inscrivant \u00e0 <a href=\"https:\/\/moncompte.actu.fr\" title=\"D\u00e9couvez Mon Actu\" rel=\"nofollow noopener\" data-trk=\"{&quot;cta&quot;:{&quot;action&quot;:&quot;https:\\\/\\\/moncompte.actu.fr&quot;,&quot;category&quot;:&quot;mon compte&quot;,&quot;from&quot;:&quot;article footer&quot;,&quot;name&quot;:&quot;Mon actu&quot;,&quot;type&quot;:&quot;cta&quot;}}\" target=\"_blank\">Mon Actu<\/a>.<\/p>\n","protected":false},"excerpt":{"rendered":"Par R\u00e9daction La Presse de la Manche Publi\u00e9 le 8 mai 2025 \u00e0 12h15 Tous les habitants de&hellip;\n","protected":false},"author":2,"featured_media":85082,"comment_status":"","ping_status":"","sticky":false,"template":"","format":"standard","meta":{"footnotes":""},"categories":[1358],"tags":[1348,1384,1385,3168,1386,58,59,1011,27,1652,2551],"class_list":{"0":"post-85081","1":"post","2":"type-post","3":"status-publish","4":"format-standard","5":"has-post-thumbnail","7":"category-arts-et-design","8":"tag-arts","9":"tag-arts-and-design","10":"tag-arts-et-design","11":"tag-cotentin","12":"tag-design","13":"tag-divertissement","14":"tag-entertainment","15":"tag-fr","16":"tag-france","17":"tag-loisirs-culture","18":"tag-patrimoine"},"share_on_mastodon":{"url":"https:\/\/pubeurope.com\/@fr\/114473777412156887","error":""},"_links":{"self":[{"href":"https:\/\/www.europesays.com\/fr\/wp-json\/wp\/v2\/posts\/85081","targetHints":{"allow":["GET"]}}],"collection":[{"href":"https:\/\/www.europesays.com\/fr\/wp-json\/wp\/v2\/posts"}],"about":[{"href":"https:\/\/www.europesays.com\/fr\/wp-json\/wp\/v2\/types\/post"}],"author":[{"embeddable":true,"href":"https:\/\/www.europesays.com\/fr\/wp-json\/wp\/v2\/users\/2"}],"replies":[{"embeddable":true,"href":"https:\/\/www.europesays.com\/fr\/wp-json\/wp\/v2\/comments?post=85081"}],"version-history":[{"count":0,"href":"https:\/\/www.europesays.com\/fr\/wp-json\/wp\/v2\/posts\/85081\/revisions"}],"wp:featuredmedia":[{"embeddable":true,"href":"https:\/\/www.europesays.com\/fr\/wp-json\/wp\/v2\/media\/85082"}],"wp:attachment":[{"href":"https:\/\/www.europesays.com\/fr\/wp-json\/wp\/v2\/media?parent=85081"}],"wp:term":[{"taxonomy":"category","embeddable":true,"href":"https:\/\/www.europesays.com\/fr\/wp-json\/wp\/v2\/categories?post=85081"},{"taxonomy":"post_tag","embeddable":true,"href":"https:\/\/www.europesays.com\/fr\/wp-json\/wp\/v2\/tags?post=85081"}],"curies":[{"name":"wp","href":"https:\/\/api.w.org\/{rel}","templated":true}]}}