{"id":85083,"date":"2025-05-08T19:06:09","date_gmt":"2025-05-08T19:06:09","guid":{"rendered":"https:\/\/www.europesays.com\/fr\/85083\/"},"modified":"2025-05-08T19:06:09","modified_gmt":"2025-05-08T19:06:09","slug":"un-week-end-dedie-a-la-lecture-ne-manquez-pas-la-11e-edition-de-la-fete-du-livre-a-gonfaron","status":"publish","type":"post","link":"https:\/\/www.europesays.com\/fr\/85083\/","title":{"rendered":"Un week-end d\u00e9di\u00e9 \u00e0 la lecture: ne manquez pas la 11e \u00e9dition de la f\u00eate du livre \u00e0 Gonfaron"},"content":{"rendered":"<p>L\u2019association \u00ab\u00a0La Revanche de l\u2019\u00e2ne \u00a0\u00bb organise sa f\u00eate du livre samedi (de 15 \u00e0 19 heures) et dimanche (de 10 \u00e0 18 heures), place de la Victoire \u00e0 Gonfaron. Auteurs, traducteurs de litt\u00e9rature japonaise, \u00e9diteurs, rendez-vous litt\u00e9raires&#8230; ponctueront cette 11e \u00e9dition de la f\u00eate du livre.<\/p>\n<p>Ana\u00efde Der Agobian pr\u00e9sente ce week-end litt\u00e9raire: \u00ab\u00a0Nous avons l\u2019immense plaisir de recevoir cette ann\u00e9e Matthieu Jasseron, qui participera samedi 10 \u00e0 15h15, \u00e0 une rencontre entretien. Il tentera de pr\u00e9senter le bonheur comme un art de vivre. Auparavant p\u00e8re Matthieu, il s\u2019est fait conna\u00eetre en publiant des vid\u00e9os pol\u00e9miques. Son dernier livre Le chemin de la joie offre tr\u00e9sors de spiritualit\u00e9 et cl\u00e9s concr\u00e8tes. Il y aura de nombreux ateliers libres tout public, des spectacles, des d\u00e9dicaces avec les auteurs. Plusieurs \u00e9diteurs seront pr\u00e9sents. Devant le succ\u00e8s remport\u00e9 au fil des ans nous avons d\u00e9cid\u00e9 avec mon \u00e9quipe de b\u00e9n\u00e9voles que cette ann\u00e9e notre f\u00eate du livre se d\u00e9roulera sur deux jours\u00a0\u00bb.<\/p>\n<p><strong>Concours de lecture<\/strong><\/p>\n<p>Ainsi, ce dimanche 11 mai, la deuxi\u00e8me \u00e9dition du concours de lecture \u00e0 voix haute (ouvert aux \u00e9coliers de C\u0153ur du Var) se d\u00e9roulera \u00e0 10 heures. Les finalistes des classes participantes viendront lire l\u2019extrait qu\u2019ils \u201cauront choisis, devant le public.<\/p>\n<p>En compl\u00e9ment, ce mercredi, la biblioth\u00e8que des Mayons a accueilli Jean Tartine \u00e0 10 heures pour un atelier jeunesse; et la biblioth\u00e8que de Gonfaron a re\u00e7u Alexandra Chauvelon pour une d\u00e9couverte des m\u00e9tiers du livre.<\/p>\n<p>D\u00e8s aujourd\u2019hui, le ch\u00e2teau Gasqui, \u00e0 Gonfaron, ouvre ses portes pour le r\u00e9cit de Karin Huet \u00ab\u00a0d\u2019une grande randonn\u00e9e en compagnie d\u2019un \u00e2ne de la basse-Provence aux Alpes\u00a0\u00bb.<\/p>\n<p>\u00c0 10 heures. Philippe Granoloro, auteur et philosophe, tiendra une conf\u00e9rence \u00e0 la m\u00e9diath\u00e8que Marcel-Migozzi, du Cannet-des-Maures, \u00e0 18h30, sur le th\u00e8me \u00ab\u00a0ChatGPT: outil ou rival pour les humains\u00a0\u00bb?<\/p>\n<p>Et samedi, Pascal Marmet, auteur, sera accueilli par les responsables de la biblioth\u00e8que de Pignans \u00e0 10 heures pour une rencontre sur le th\u00e8me \u00ab\u00a0comment \u00e9crire un polar \u00e0 partir de faits r\u00e9els\u00a0\u00bb.<\/p>\n","protected":false},"excerpt":{"rendered":"L\u2019association \u00ab\u00a0La Revanche de l\u2019\u00e2ne \u00a0\u00bb organise sa f\u00eate du livre samedi (de 15 \u00e0 19 heures) et&hellip;\n","protected":false},"author":2,"featured_media":85084,"comment_status":"","ping_status":"","sticky":false,"template":"","format":"standard","meta":{"footnotes":""},"categories":[1357],"tags":[1379,251,58,59,1011,27,1351,1380,3366],"class_list":{"0":"post-85083","1":"post","2":"type-post","3":"status-publish","4":"format-standard","5":"has-post-thumbnail","7":"category-livres","8":"tag-books","9":"tag-culture","10":"tag-divertissement","11":"tag-entertainment","12":"tag-fr","13":"tag-france","14":"tag-litterature","15":"tag-livres","16":"tag-vie-locale"},"share_on_mastodon":{"url":"https:\/\/pubeurope.com\/@fr\/114473781469315868","error":""},"_links":{"self":[{"href":"https:\/\/www.europesays.com\/fr\/wp-json\/wp\/v2\/posts\/85083","targetHints":{"allow":["GET"]}}],"collection":[{"href":"https:\/\/www.europesays.com\/fr\/wp-json\/wp\/v2\/posts"}],"about":[{"href":"https:\/\/www.europesays.com\/fr\/wp-json\/wp\/v2\/types\/post"}],"author":[{"embeddable":true,"href":"https:\/\/www.europesays.com\/fr\/wp-json\/wp\/v2\/users\/2"}],"replies":[{"embeddable":true,"href":"https:\/\/www.europesays.com\/fr\/wp-json\/wp\/v2\/comments?post=85083"}],"version-history":[{"count":0,"href":"https:\/\/www.europesays.com\/fr\/wp-json\/wp\/v2\/posts\/85083\/revisions"}],"wp:featuredmedia":[{"embeddable":true,"href":"https:\/\/www.europesays.com\/fr\/wp-json\/wp\/v2\/media\/85084"}],"wp:attachment":[{"href":"https:\/\/www.europesays.com\/fr\/wp-json\/wp\/v2\/media?parent=85083"}],"wp:term":[{"taxonomy":"category","embeddable":true,"href":"https:\/\/www.europesays.com\/fr\/wp-json\/wp\/v2\/categories?post=85083"},{"taxonomy":"post_tag","embeddable":true,"href":"https:\/\/www.europesays.com\/fr\/wp-json\/wp\/v2\/tags?post=85083"}],"curies":[{"name":"wp","href":"https:\/\/api.w.org\/{rel}","templated":true}]}}