{"id":85093,"date":"2025-05-08T19:12:09","date_gmt":"2025-05-08T19:12:09","guid":{"rendered":"https:\/\/www.europesays.com\/fr\/85093\/"},"modified":"2025-05-08T19:12:09","modified_gmt":"2025-05-08T19:12:09","slug":"gros-bisous-jacques-legros-se-lache-avec-une-journaliste-en-plein-jt-la-sequence-devient-virale","status":"publish","type":"post","link":"https:\/\/www.europesays.com\/fr\/85093\/","title":{"rendered":"\u00ab\u00a0Gros bisous\u2026\u00a0\u00bb : Jacques Legros se l\u00e2che avec une journaliste en plein JT, la s\u00e9quence devient virale"},"content":{"rendered":"<p>      R\u00e9sum\u00e9<\/p>\n<p>Jacques Legros, v\u00e9t\u00e9ran du JT de 13h sur TF1, partage un moment \u00e9mouvant avec la journaliste Ani Basar lors de ses adieux, une s\u00e9quence qui a rapidement captiv\u00e9 l&rsquo;attention des internautes.<\/p>\n<p>        Sommaire<\/p>\n<p>C&rsquo;est bient\u00f4t la fin d&rsquo;une \u00e9poque \u00e0 TF1. <strong>Ce vendredi 9 mai 2025<\/strong>, Jacques Legros fera ses adieux au 13h, apr\u00e8s 27 ans de bons et loyaux services. D\u00e8s cet \u00e9t\u00e9, Marie-Sophie Lacarrau <strong>h\u00e9ritera d&rsquo;une nouvelle rempla\u00e7ante<\/strong>, <a href=\"https:\/\/www.public.fr\/isabelle-ithurburu-remplacante-de-jacques-legros-au-jt-de-tf1-la-drole-de-reaction-de-maya-lauque\" target=\"_blank\" rel=\"noopener\">en la personne d&rsquo;Isabelle Ithurburu<\/a>. Jacques Legros, lui, ne devrait pas prendre sa retraite pour autant, et pourrait rebondir sur TMC. En effet, <strong>la relance de Combien \u00e7a coute<\/strong> selon diverses rumeurs est \u00e0 l&rsquo;\u00e9tude.<\/p>\n<p>Le d\u00e9part de Jacques Legros suit ceux de <strong>Jean-Pierre Pernaut<\/strong>, Jean-Claude Narcy et Catherine Laborde avant lui, trois autres figures historiques de la cha\u00eene. Dans quelques temps, Evelyne Dh\u00e9liat <a href=\"https:\/\/vsd.fr\/78595-evelyne-dheliat-et-jacques-legros-ce-que-tout-le-monde-ignorait-sur-leur-relation\/\" target=\"_blank\" rel=\"noopener\">devra elle aussi passer la main<\/a>. Mais en attendant, Jacques Legros profite de ses derni\u00e8res heures aux journaux de 13h, et se ravit de partager l&rsquo;antenne pour la derni\u00e8re fois avec ses collaborateurs.<\/p>\n<p>Jacques Legros met Ani Basar mal \u00e0 l&rsquo;aise<\/p>\n<p>Venue pr\u00e9senter sa chronique juridique hebdomadaire, <strong>Ani Basar<\/strong> proposait aux t\u00e9l\u00e9spectateurs de mieux comprendre le malus lors d&rsquo;un accrochage avec un animal. Mais en fin de chronique, la journaliste, qui avait \u00e9t\u00e9 test\u00e9e l&rsquo;an dernier <a href=\"https:\/\/www.public.fr\/diaporamas\/joker-au-jt-de-20h-apres-le-depart-de-julien-arnaud-tf1-choisit-jean-baptiste-boursier\" target=\"_blank\" rel=\"noopener\">pour remplacer Jacques Legros ou Julien Arnaud<\/a>, a \u00e9t\u00e9 surprise par les <strong>tendres mots d&rsquo;adieu que lui a adress\u00e9s le journaliste<\/strong>.<\/p>\n<p>En effet, conscient qu&rsquo;il partageait pour la derni\u00e8re fois l&rsquo;antenne du 13h aux c\u00f4t\u00e9s d&rsquo;Ani Basar, le journaliste a tenu \u00e0 la remercier \u00e0 sa mani\u00e8re :<strong> \u00ab\u00a0Merci&#8230; et gros bisous&#8230;\u00a0\u00bb<\/strong>. Tr\u00e8s vite, la vid\u00e9o a \u00e9t\u00e9 relay\u00e9e sur les r\u00e9seaux sociaux, et est devenue virale. Beaucoup d&rsquo;internautes trouvent Ani Basar<strong> g\u00ean\u00e9e, baissant la t\u00eate par pudeur<\/strong>. D&rsquo;autres pr\u00e9f\u00e8rent s&rsquo;en amuser avec des jeux de mots : \u00ab\u00a0Legros bisou\u00a0\u00bb.<\/p>\n<p>Un dernier journal charg\u00e9<\/p>\n<p>Le dernier journal de Jacques Legros ce vendredi 9 mai <strong>risque d&rsquo;\u00eatre <\/strong>charg\u00e9 en \u00e9motions et en actualit\u00e9s. Pour sa derni\u00e8re, le journaliste pourrait tr\u00e8s bien avoir la lourde t\u00e2che <a href=\"https:\/\/vsd.fr\/79422-mort-du-pape-francois-une-religieuse-francaise-enfreint-le-protocole-pour-prier-et-pleurer-son-ami\/\" target=\"_blank\" rel=\"noopener\">d&rsquo;annoncer le futur pape<\/a>. Pour l&rsquo;heure, les cardinaux n&rsquo;arrivent pas \u00e0 trouver un accord, mais ils pourraient le faire dans les prochaines heures. Entre le nouveau pape et le d\u00e9part de Jacques Legros, <strong>le 13h de ce vendredi est \u00e0 regarder<\/strong> ! Carton d&rsquo;audience \u00e0 pr\u00e9voir ? <\/p>\n<p>Pour rappel, le dernier JT de Jean-Pierre Pernaut avait retenu l&rsquo;attention de <strong>8,13 millions de personnes<\/strong>, soit 59% du public. Il va donc \u00eatre difficile pour Jacques Legros de rivaliser&#8230;<\/p>\n<p>      Mentionn\u00e9s dans cet article<\/p>\n<p>\u00c0 lire aussi<\/p>\n","protected":false},"excerpt":{"rendered":"R\u00e9sum\u00e9 Jacques Legros, v\u00e9t\u00e9ran du JT de 13h sur TF1, partage un moment \u00e9mouvant avec la journaliste Ani&hellip;\n","protected":false},"author":2,"featured_media":85094,"comment_status":"","ping_status":"","sticky":false,"template":"","format":"standard","meta":{"footnotes":""},"categories":[8],"tags":[58,59,1011,27,6975,10074,5419,19428,137,199],"class_list":{"0":"post-85093","1":"post","2":"type-post","3":"status-publish","4":"format-standard","5":"has-post-thumbnail","7":"category-divertissement","8":"tag-divertissement","9":"tag-entertainment","10":"tag-fr","11":"tag-france","12":"tag-isabelle-ithurburu","13":"tag-jacques-legros","14":"tag-journal-televise","15":"tag-marie-sophie-lacarrau","16":"tag-retraite","17":"tag-tf1"},"share_on_mastodon":{"url":"https:\/\/pubeurope.com\/@fr\/114473804970942803","error":""},"_links":{"self":[{"href":"https:\/\/www.europesays.com\/fr\/wp-json\/wp\/v2\/posts\/85093","targetHints":{"allow":["GET"]}}],"collection":[{"href":"https:\/\/www.europesays.com\/fr\/wp-json\/wp\/v2\/posts"}],"about":[{"href":"https:\/\/www.europesays.com\/fr\/wp-json\/wp\/v2\/types\/post"}],"author":[{"embeddable":true,"href":"https:\/\/www.europesays.com\/fr\/wp-json\/wp\/v2\/users\/2"}],"replies":[{"embeddable":true,"href":"https:\/\/www.europesays.com\/fr\/wp-json\/wp\/v2\/comments?post=85093"}],"version-history":[{"count":0,"href":"https:\/\/www.europesays.com\/fr\/wp-json\/wp\/v2\/posts\/85093\/revisions"}],"wp:featuredmedia":[{"embeddable":true,"href":"https:\/\/www.europesays.com\/fr\/wp-json\/wp\/v2\/media\/85094"}],"wp:attachment":[{"href":"https:\/\/www.europesays.com\/fr\/wp-json\/wp\/v2\/media?parent=85093"}],"wp:term":[{"taxonomy":"category","embeddable":true,"href":"https:\/\/www.europesays.com\/fr\/wp-json\/wp\/v2\/categories?post=85093"},{"taxonomy":"post_tag","embeddable":true,"href":"https:\/\/www.europesays.com\/fr\/wp-json\/wp\/v2\/tags?post=85093"}],"curies":[{"name":"wp","href":"https:\/\/api.w.org\/{rel}","templated":true}]}}