{"id":85097,"date":"2025-05-08T19:14:09","date_gmt":"2025-05-08T19:14:09","guid":{"rendered":"https:\/\/www.europesays.com\/fr\/85097\/"},"modified":"2025-05-08T19:14:09","modified_gmt":"2025-05-08T19:14:09","slug":"un-mini-accord-entre-les-etats-unis-et-le-royaume-uni-amorce-une-desescalade-dans-la-guerre-commerciale","status":"publish","type":"post","link":"https:\/\/www.europesays.com\/fr\/85097\/","title":{"rendered":"Un mini-accord entre les \u00c9tats-Unis et le Royaume-Uni amorce une d\u00e9sescalade dans la guerre commerciale"},"content":{"rendered":"<p>Donald Trump s\u2019est dit \u00abravi\u00bb d\u2019annoncer un accord commercial, selon lui \u00abhistorique\u00bb.<\/p>\n<p class=\"fig-paragraph\">Soucieux de d\u00e9montrer qu\u2019une d\u00e9sescalade est possible dans la guerre commerciale qu\u2019il a d\u00e9clar\u00e9e \u00e0 la plan\u00e8te enti\u00e8re,\u00a0<a href=\"http:\/\/www.lefigaro.fr\/international\/pourquoi-donald-trump-veut-rouvrir-alcatraz-la-prison-dont-on-ne-s-echappe-pas-20250505\" data-fig-type=\"Article\" data-gtm-custom-categorie=\"navigation\" data-gtm-custom-action=\"crossclick\" data-gtm-custom-label=\"Contextuel\" data-gtm-event=\"customEventSPE\" data-fig-domain=\"LEFIGARO\" target=\"_blank\" rel=\"noopener\">Donald Trump<\/a>\u00a0a fi\u00e8rement annonc\u00e9 jeudi un premier \u00ab\u00a0accord plein et entier\u00a0\u00bb conclu avec le Royaume-Uni. Le pr\u00e9sident am\u00e9ricain y voit un premier succ\u00e8s qui sera \u00ab\u00a0suivi de nombreux autres accords en n\u00e9gociation\u00a0\u00bb. Le terrain d\u2019entente semble porter sur des r\u00e9ductions de droits de douane dans certains secteurs. On est loin du grand trait\u00e9 commercial entre le Royaume-Uni et les \u00c9tats-Unis dont on r\u00eave \u00e0 Londres depuis le\u00a0<a href=\"http:\/\/www.lefigaro.fr\/vox\/monde\/cinq-ans-apres-le-brexit-n-a-pas-ete-la-catastrophe-annoncee-20250131\" data-fig-type=\"Article\" data-gtm-custom-categorie=\"navigation\" data-gtm-custom-action=\"crossclick\" data-gtm-custom-label=\"Contextuel\" data-gtm-event=\"customEventSPE\" data-fig-domain=\"LEFIGARO\" target=\"_blank\" rel=\"noopener\">Brexit<\/a>.<\/p>\n<p class=\"fig-paragraph\">Le \u00ab\u00a0deal\u00a0\u00bb est pr\u00e9sent\u00e9 comme un moyen \u00ab\u00a0de faire entrer le Royaume-Uni dans un alignement de s\u00e9curit\u00e9 \u00e9conomique avec les \u00c9tats-Unis\u00a0\u00bb. Au-del\u00e0 des superlatifs employ\u00e9s par Donald Trump et\u00a0<a href=\"http:\/\/www.lefigaro.fr\/international\/au-royaume-uni-keir-starmer-fait-douter-ses-troupes-travaillistes-20250205\" data-fig-type=\"Article\" data-gtm-custom-categorie=\"navigation\" data-gtm-custom-action=\"crossclick\" data-gtm-custom-label=\"Contextuel\" data-gtm-event=\"customEventSPE\" data-fig-domain=\"LEFIGARO\" target=\"_blank\" rel=\"noopener\">Keir Starmer<\/a>, le premier ministre britannique qui \u00e9tait en liaison directe avec le Bureau ovale lors de cette pr\u00e9sentation assez confuse, les d\u00e9tails sont limit\u00e9s. On comprend que les \u00c9tats-Unis \u00e9liminent les surtaxes frappant l\u2019acier et l\u2019aluminium\u2026<\/p>\n<p class=\"fig-premium-paywall__infos\">\n        Cet article est r\u00e9serv\u00e9 aux abonn\u00e9s.        Il vous reste 81% \u00e0 d\u00e9couvrir.\n    <\/p>\n<p>                <img  data- alt=\"Le Figaro\" class=\"fig-img--complete fig-img\"\/><\/p>\n<p class=\"fig-premium-paywall__title\">Je m&rsquo;informe, je m&rsquo;inspire, je m&rsquo;abonne.<\/p>\n<p class=\"fig-premium-paywall__subtitle\">D\u00e9couvrez notre offre de bienvenue.<\/p>\n<p class=\"fig-premium-paywall__connect\">\n                D\u00e9j\u00e0 abonn\u00e9\u00a0?                <a class=\"fig-premium-paywall__connect-link\" href=\"https:\/\/connect.lefigaro.fr\/login?client=horizon_web&amp;type=main&amp;redirect_uri=https%3A%2F%2Fwww.lefigaro.fr%2Fconjoncture%2Fun-mini-accord-entre-les-etats-unis-et-le-royaume-uni-amorce-une-desescalade-dans-la-guerre-commerciale-20250508\" data-js-gtm=\"{&quot;customCategorie&quot;: &quot;conversion&quot;, &quot;customAction&quot;: &quot;before_Landing_Connexion_paywall_auto&quot;, &quot;customLabel&quot;: &quot;bGVmaWdhcm8uZnJfXzFmMDJjMjE5LTc4NDItNjUwYy1iNjQ1LWQ5NmI4YjE0ZjQ0Yl9fQXJ0aWNsZQ==_Un mini-accord entre les \u00c9tats-Unis et le Royaume-Uni amorce une d\u00e9sescalade dans la guerre commerciale_439&quot;, &quot;customIDSPE&quot;: &quot;bGVmaWdhcm8uZnJfXzFmMDJjMjE5LTc4NDItNjUwYy1iNjQ1LWQ5NmI4YjE0ZjQ0Yl9fQXJ0aWNsZQ==&quot;, &quot;event&quot;: &quot;customEventSPE&quot;}\" target=\"_blank\" rel=\"noopener\"><br \/>\n                    Connectez-vous<br \/>\n                <\/a>\n            <\/p>\n","protected":false},"excerpt":{"rendered":"Donald Trump s\u2019est dit \u00abravi\u00bb d\u2019annoncer un accord commercial, selon lui \u00abhistorique\u00bb. Soucieux de d\u00e9montrer qu\u2019une d\u00e9sescalade est&hellip;\n","protected":false},"author":2,"featured_media":85098,"comment_status":"","ping_status":"","sticky":false,"template":"","format":"standard","meta":{"footnotes":""},"categories":[6],"tags":[339,340,35,343,345,350,130,344,352,349,75,33,34,341,313,1011,27,346,1074,342,353,351,347,348,473,354],"class_list":{"0":"post-85097","1":"post","2":"type-post","3":"status-publish","4":"format-standard","5":"has-post-thumbnail","7":"category-economie","8":"tag-actualite-economique","9":"tag-bourse","10":"tag-business","11":"tag-cac-40","12":"tag-chef-dentreprise","13":"tag-concurrence","14":"tag-consommation","15":"tag-creation-dentreprise","16":"tag-crise","17":"tag-delocalisations","18":"tag-donald-trump","19":"tag-economie","20":"tag-economy","21":"tag-emploi","22":"tag-entreprises","23":"tag-fr","24":"tag-france","25":"tag-grands-patrons","26":"tag-guerre-commerciale","27":"tag-impots","28":"tag-licenciements","29":"tag-monopole","30":"tag-multinationales","31":"tag-privatisation","32":"tag-royaume-uni","33":"tag-unio"},"share_on_mastodon":{"url":"https:\/\/pubeurope.com\/@fr\/114473812826688529","error":""},"_links":{"self":[{"href":"https:\/\/www.europesays.com\/fr\/wp-json\/wp\/v2\/posts\/85097","targetHints":{"allow":["GET"]}}],"collection":[{"href":"https:\/\/www.europesays.com\/fr\/wp-json\/wp\/v2\/posts"}],"about":[{"href":"https:\/\/www.europesays.com\/fr\/wp-json\/wp\/v2\/types\/post"}],"author":[{"embeddable":true,"href":"https:\/\/www.europesays.com\/fr\/wp-json\/wp\/v2\/users\/2"}],"replies":[{"embeddable":true,"href":"https:\/\/www.europesays.com\/fr\/wp-json\/wp\/v2\/comments?post=85097"}],"version-history":[{"count":0,"href":"https:\/\/www.europesays.com\/fr\/wp-json\/wp\/v2\/posts\/85097\/revisions"}],"wp:featuredmedia":[{"embeddable":true,"href":"https:\/\/www.europesays.com\/fr\/wp-json\/wp\/v2\/media\/85098"}],"wp:attachment":[{"href":"https:\/\/www.europesays.com\/fr\/wp-json\/wp\/v2\/media?parent=85097"}],"wp:term":[{"taxonomy":"category","embeddable":true,"href":"https:\/\/www.europesays.com\/fr\/wp-json\/wp\/v2\/categories?post=85097"},{"taxonomy":"post_tag","embeddable":true,"href":"https:\/\/www.europesays.com\/fr\/wp-json\/wp\/v2\/tags?post=85097"}],"curies":[{"name":"wp","href":"https:\/\/api.w.org\/{rel}","templated":true}]}}