{"id":85099,"date":"2025-05-08T19:16:10","date_gmt":"2025-05-08T19:16:10","guid":{"rendered":"https:\/\/www.europesays.com\/fr\/85099\/"},"modified":"2025-05-08T19:16:10","modified_gmt":"2025-05-08T19:16:10","slug":"la-communaute-demmaus-de-saint-brieuc-sous-le-choc-apres-laccident-mortel","status":"publish","type":"post","link":"https:\/\/www.europesays.com\/fr\/85099\/","title":{"rendered":"La communaut\u00e9 d\u2019Emma\u00fcs de Saint-Brieuc \u00ab\u00a0sous le choc\u00a0\u00bb apr\u00e8s l\u2019accident mortel"},"content":{"rendered":"<p>Devant le magasin Emma\u00fcs, \u00e0 Saint-Brieuc, la chauss\u00e9e porte encore les stigmates du violent accident <a href=\"https:\/\/www.letelegramme.fr\/cotes-d-armor\/saint-brieuc-22000\/trois-personnes-dont-une-petite-fille-de-9-ans-blessees-dans-un-accident-a-saint-brieuc-6812971.php\" target=\"_blank\" rel=\"nofollow noopener\">qui a co\u00fbt\u00e9 la vie \u00e0 une enfant \u00e2g\u00e9e de 9 ans<\/a>, mercredi 7 mai. Sur une porte de sortie de secours et les barri\u00e8res caboss\u00e9es, plusieurs bouquets de fleurs et un petit mot ont \u00e9t\u00e9 accroch\u00e9s en hommage \u00e0 la jeune victime.<\/p>\n<p>\u00ab\u00a0Tout le monde est sous le choc dans la communaut\u00e9, explique Dominique Fran\u00e7oise, responsable de la communaut\u00e9 locale d\u2019Emma\u00fcs. Demain matin, on va r\u00e9unir tout le monde pour \u00e9changer sur ce qu\u2019il s\u2019est pass\u00e9. Selon les besoins, on fera appel \u00e0 un psychologue avec l\u2019aide des pompiers et du centre hospitalier.\u00a0\u00bb<\/p>\n<p>Le p\u00e8re \u00e9tait venu donner un coup de main<\/p>\n<p>Le drame a eu lieu en fin de journ\u00e9e\u00a0: \u00ab\u00a0On venait juste de fermer le magasin et on avait commenc\u00e9 \u00e0 faire la caisse. Les gens prenaient un peu leur temps pour discuter\u00a0\u00bb, raconte Dominique Fran\u00e7oise.<\/p>\n<p>La famille de la victime s\u2019appr\u00eatait \u00e0 monter dans son v\u00e9hicule pour rentrer \u00e0 son domicile. Le p\u00e8re est un ancien compagnon, qui avait quitt\u00e9 la communaut\u00e9 locale il y a plusieurs ann\u00e9es et s\u2019\u00e9tait install\u00e9 dans la r\u00e9gion rennaise avec sa femme. Ce jour-l\u00e0, il \u00e9tait revenu pour \u00ab\u00a0voir les copains et donner un coup de main\u00a0\u00bb\u00a0: \u00ab\u00a0Il faisait \u00e7a r\u00e9guli\u00e8rement, notamment s\u2019il y avait un pont ou des vacances. Il rendait service au passage. Il nous a notamment aid\u00e9s sur la livraison d\u2019un piano qui \u00e9tait difficile\u00a0\u00bb, d\u00e9taille le responsable.<\/p>\n<p><img decoding=\"async\" src=\"https:\/\/www.europesays.com\/fr\/wp-content\/uploads\/2025\/05\/681cdb0cb9de3c3e0f009d62.1.jpeg\" width=\"480\" height=\"300\" class=\"web_golden_m\" loading=\"lazy\" alt=\"Sous le choc, la voiture gar\u00e9e sur le parking a heurt\u00e9 la fa\u00e7ade du magasin Emma\u00fcs.\"\/>Sous le choc, la voiture gar\u00e9e sur le parking a heurt\u00e9 la fa\u00e7ade du magasin Emma\u00fcs. (Photo Julien Molla)La conductrice aurait fait un malaise<\/p>\n<p>Tout a bascul\u00e9 quand un SUV a d\u00e9boul\u00e9 de la rue situ\u00e9e en face du magasin, percutant le v\u00e9hicule de la famille et touchant la m\u00e8re et sa petite fille. \u00ab\u00a0On \u00e9tait en train d\u2019installer les barri\u00e8res quand on a entendu un grand \u2018\u2018bang\u2019\u2019. On a tout de suite port\u00e9 secours \u00e0 la petite, qui \u00e9tait bless\u00e9e au bras\u00a0\u00bb, raconte un compagnon.<\/p>\n<p>Si la m\u00e8re n\u2019a \u00e9t\u00e9 que l\u00e9g\u00e8rement bless\u00e9e, la fillette a succomb\u00e9 \u00e0 ses blessures, \u00e0 l\u2019h\u00f4pital, dans la soir\u00e9e. Selon les premiers \u00e9l\u00e9ments recueillis sur place par les pompiers, la conductrice, \u00e2g\u00e9e de 52 ans, aurait fait un malaise, avant de perdre le contr\u00f4le de son v\u00e9hicule apr\u00e8s avoir marqu\u00e9 le stop. Une enqu\u00eate est en cours pour d\u00e9terminer les circonstances de l\u2019accident.<\/p>\n","protected":false},"excerpt":{"rendered":"Devant le magasin Emma\u00fcs, \u00e0 Saint-Brieuc, la chauss\u00e9e porte encore les stigmates du violent accident qui a co\u00fbt\u00e9&hellip;\n","protected":false},"author":2,"featured_media":85100,"comment_status":"","ping_status":"","sticky":false,"template":"","format":"standard","meta":{"footnotes":""},"categories":[4],"tags":[11,829,2171,765,118,1011,27,12,25,4937],"class_list":{"0":"post-85099","1":"post","2":"type-post","3":"status-publish","4":"format-standard","5":"has-post-thumbnail","7":"category-france","8":"tag-actualites","9":"tag-bretagne","10":"tag-cotes-darmor","11":"tag-en-continu","12":"tag-faits-divers","13":"tag-fr","14":"tag-france","15":"tag-news","16":"tag-republique-francaise","17":"tag-saint-brieuc"},"share_on_mastodon":{"url":"https:\/\/pubeurope.com\/@fr\/114473820744651186","error":""},"_links":{"self":[{"href":"https:\/\/www.europesays.com\/fr\/wp-json\/wp\/v2\/posts\/85099","targetHints":{"allow":["GET"]}}],"collection":[{"href":"https:\/\/www.europesays.com\/fr\/wp-json\/wp\/v2\/posts"}],"about":[{"href":"https:\/\/www.europesays.com\/fr\/wp-json\/wp\/v2\/types\/post"}],"author":[{"embeddable":true,"href":"https:\/\/www.europesays.com\/fr\/wp-json\/wp\/v2\/users\/2"}],"replies":[{"embeddable":true,"href":"https:\/\/www.europesays.com\/fr\/wp-json\/wp\/v2\/comments?post=85099"}],"version-history":[{"count":0,"href":"https:\/\/www.europesays.com\/fr\/wp-json\/wp\/v2\/posts\/85099\/revisions"}],"wp:featuredmedia":[{"embeddable":true,"href":"https:\/\/www.europesays.com\/fr\/wp-json\/wp\/v2\/media\/85100"}],"wp:attachment":[{"href":"https:\/\/www.europesays.com\/fr\/wp-json\/wp\/v2\/media?parent=85099"}],"wp:term":[{"taxonomy":"category","embeddable":true,"href":"https:\/\/www.europesays.com\/fr\/wp-json\/wp\/v2\/categories?post=85099"},{"taxonomy":"post_tag","embeddable":true,"href":"https:\/\/www.europesays.com\/fr\/wp-json\/wp\/v2\/tags?post=85099"}],"curies":[{"name":"wp","href":"https:\/\/api.w.org\/{rel}","templated":true}]}}