{"id":85101,"date":"2025-05-08T19:17:10","date_gmt":"2025-05-08T19:17:10","guid":{"rendered":"https:\/\/www.europesays.com\/fr\/85101\/"},"modified":"2025-05-08T19:17:10","modified_gmt":"2025-05-08T19:17:10","slug":"on-a-du-mal-a-comprendre-castres-sous-le-choc-du-deces-de-josaia-raisuqe-rugbyman-atypique-et-surprenant-le-parisien","status":"publish","type":"post","link":"https:\/\/www.europesays.com\/fr\/85101\/","title":{"rendered":"\u00ab On a du mal \u00e0 comprendre \u00bb : Castres sous le choc du d\u00e9c\u00e8s de Josaia Raisuqe, rugbyman \u00ab atypique et surprenant \u00bb &#8211; Le Parisien"},"content":{"rendered":"<ol>\n<li><a href=\"https:\/\/news.google.com\/rss\/articles\/CBMikwJBVV95cUxNNFBGUzZLUnB6eVQwaXo4Q1IxUGhVcGlzckNIYmJxaW0wM2JzVE1nci1PNDQzWnQxOF9EaWlJa0FBWDRUVEJwYS1tNU5vaFhsbWlkV3hRQmlzYU92YTVpU19oWWZib1NRRnRHRVRsbENFd2R0a0libkR0Ymh1bGVIM0dKbFFDX3R0ME9fLXh2OVpTaG84Z2pTY2xBREJ0MFJGLXcxbUNPUFRVNXBybklZdWRlQWhfSEdnTGJ5Szd0R0ttakx0dUJwdUpVNk5Ud0RoV0JZR0FQUmVNYlFlby1DejdOenQxY3dab2U0TWtBX0p1MFY4NEpMOGxySTM4Z3hKWUpzczZRMXJrMnRoMGN2bUc1Yw?oc=5\" target=\"_blank\" rel=\"nofollow noopener\">\u00ab On a du mal \u00e0 comprendre \u00bb : Castres sous le choc du d\u00e9c\u00e8s de Josaia Raisuqe, rugbyman \u00ab atypique et surprenant \u00bb<\/a>&nbsp;&nbsp;Le Parisien<\/li>\n<li><a href=\"https:\/\/news.google.com\/rss\/articles\/CBMiwgFBVV95cUxPSWsydS0wclY5RXNxZlJJYk91MzF2M19WTFNhSVk5emRHNl9qaGFpNXB6aFBaZGNMLWxoei16R2xPTnhNa1EteHY1U204dE1YNnJzcXZRS1lkaUZJSnRzVXh4TjA4V2NHRTBHcE1WODc5c2NEZ3piZTY4dEpBcTdFQ09IRUI5ckFVWEZYREJ1WlpxaV9pc2pjNzV5M2UwQmVfbW5hYThETmpvSEdWVWhNRDVjTkx3MFZqWTlxY0NUYmhhQQ?oc=5\" target=\"_blank\" rel=\"nofollow noopener\">\u00ab Sa vie, c&rsquo;\u00e9tait le rugby \u00bb : Josaia Raisuqe, l&rsquo;ailier fidjien au parcours tumultueux<\/a>&nbsp;&nbsp;L&rsquo;\u00c9quipe<\/li>\n<li><a href=\"https:\/\/news.google.com\/rss\/articles\/CBMimgJBVV95cUxNYjNOZzA5cFA1dUZWaXgxWFpLclNCSm12TUlSVjFZTUxHdk1LRGtDaWV4NGVtZDhfLWVJQkFjUFdpcEw4WHRPSW5XSlk0eTAyVERBOWRJRFU2Vl94WWNEek1XaE52Nlc2V2VaUThraGNJWExYUDlJMlY0NFA4LXlsSTRzRGxjVDFhQ0xxaldIMGNtVWE2ODVCYjRPNGxyYmVSdkdZdlk1YjA4Mnhab2xiaWhuN1QxeWJSVjl1NnBQX2lnTHhTVEFHLUpDRlFXWHFqYWxTQnZoZHNIbFVpMTRIN2Q0UW5OamNsdktKUlRhUE5PT2xSZ0hra2tjdVV6WVYyLW5mWWxCOXpaRjN4dGlkVEZ2UWxLYnVvbXc?oc=5\" target=\"_blank\" rel=\"nofollow noopener\">Mort d&rsquo;un joueur du Castres Olympique dans un accident de la route : un hommage \u00e0 Josaia Raisuqe sur les terrains de rugby ce week-end<\/a>&nbsp;&nbsp;Centre Presse Aveyron<\/li>\n<li><a href=\"https:\/\/news.google.com\/rss\/articles\/CBMijAJBVV95cUxQMWRUeEtMRFZGVVlLY2VfZldiQzlGUTdTYXpPNmVBVVpxMHhKTVhVWEdRb25tbjFNdHJpWk9hMHFHSldtQ3Z4dEFCSEZJcUp3d3A2ZEFRWU5WX3dUdk9IUGt6WVFsZDRaMXVmMW1rd1FxSGxZd3d6WWxsNTU4cTZNaHdQbEVnZHRYbWFYWVp5a2dwNXdzSGN0Tml5aXNIWUFCcUFQSlZhRzZqZU95R1BQYVJlNzFoUmpoTGgyaWVPaVZyZTJHUVZoZWtEblNvZ3hvTVFOOU83TWFMdjZZRTFCRkVkcFRHSVJHMF9lbks0ejN2ME5nbDlvbUVwRERMeGFIUjY4dndEVG9EZEVU?oc=5\" target=\"_blank\" rel=\"nofollow noopener\">Mort du rugbyman Josaia Raisuqe : barri\u00e8res franchies, affaires oubli\u00e9es, choc terrible\u2026 ce que l\u2019on sait sur le d\u00e9c\u00e8s du joueur du CO percut\u00e9 par un train<\/a>&nbsp;&nbsp;ladepeche.fr<\/li>\n<li><a href=\"https:\/\/news.google.com\/rss\/articles\/CBMihgJBVV95cUxOVFZZb1pJdVBNcmtKQ0pmVm1sczluSW5Sam5mMzJsZnNhT0dwbGJFNmtXN2R1Y3RGeE1xZ2x4M3JNV3NlNDRZZFNCa09TSTlOejFSdGE2ajM0TEFoTktwSWwwUkxuRDV6SHVTRDJFOVIzbkhrX0l1SnlQb2Y0SVpfZEpUY1FBUUZrb0FvZGZnMzNjVy10ekZnWmx1NUJYdkkwV3FoZ0g5QUhTWlZiRVNxQTd6b3RwSDRoQmhaRGkzOWlYOXcwcDdyOUJpb2FXU3BFaGExaXdjdUxHYVVSRlVTSC1OQXotOHl0Q0I3ZHNWYzU1N1FrZU1LakhuMm1fNTY5ZWFUWi13?oc=5\" target=\"_blank\" rel=\"nofollow noopener\">Mort de Raisuqe : le match Castres &#8211; ASM Clermont report\u00e9 apr\u00e8s le terrible accident du joueur fidjien<\/a>&nbsp;&nbsp;La Montagne<\/li>\n<\/ol>\n","protected":false},"excerpt":{"rendered":"\u00ab On a du mal \u00e0 comprendre \u00bb : Castres sous le choc du d\u00e9c\u00e8s de Josaia Raisuqe,&hellip;\n","protected":false},"author":2,"featured_media":85102,"comment_status":"","ping_status":"","sticky":false,"template":"","format":"standard","meta":{"footnotes":""},"categories":[2],"tags":[11,459,1011,27,12,479,60],"class_list":{"0":"post-85101","1":"post","2":"type-post","3":"status-publish","4":"format-standard","5":"has-post-thumbnail","7":"category-actualites","8":"tag-actualites","9":"tag-departements-horsidfo","10":"tag-fr","11":"tag-france","12":"tag-news","13":"tag-rugby","14":"tag-sports"},"share_on_mastodon":{"url":"https:\/\/pubeurope.com\/@fr\/114473824730217874","error":""},"_links":{"self":[{"href":"https:\/\/www.europesays.com\/fr\/wp-json\/wp\/v2\/posts\/85101","targetHints":{"allow":["GET"]}}],"collection":[{"href":"https:\/\/www.europesays.com\/fr\/wp-json\/wp\/v2\/posts"}],"about":[{"href":"https:\/\/www.europesays.com\/fr\/wp-json\/wp\/v2\/types\/post"}],"author":[{"embeddable":true,"href":"https:\/\/www.europesays.com\/fr\/wp-json\/wp\/v2\/users\/2"}],"replies":[{"embeddable":true,"href":"https:\/\/www.europesays.com\/fr\/wp-json\/wp\/v2\/comments?post=85101"}],"version-history":[{"count":0,"href":"https:\/\/www.europesays.com\/fr\/wp-json\/wp\/v2\/posts\/85101\/revisions"}],"wp:featuredmedia":[{"embeddable":true,"href":"https:\/\/www.europesays.com\/fr\/wp-json\/wp\/v2\/media\/85102"}],"wp:attachment":[{"href":"https:\/\/www.europesays.com\/fr\/wp-json\/wp\/v2\/media?parent=85101"}],"wp:term":[{"taxonomy":"category","embeddable":true,"href":"https:\/\/www.europesays.com\/fr\/wp-json\/wp\/v2\/categories?post=85101"},{"taxonomy":"post_tag","embeddable":true,"href":"https:\/\/www.europesays.com\/fr\/wp-json\/wp\/v2\/tags?post=85101"}],"curies":[{"name":"wp","href":"https:\/\/api.w.org\/{rel}","templated":true}]}}