{"id":85150,"date":"2025-05-08T19:48:14","date_gmt":"2025-05-08T19:48:14","guid":{"rendered":"https:\/\/www.europesays.com\/fr\/85150\/"},"modified":"2025-05-08T19:48:14","modified_gmt":"2025-05-08T19:48:14","slug":"a-villeurbanne-carton-plein-lors-dune-operation-anti-stups","status":"publish","type":"post","link":"https:\/\/www.europesays.com\/fr\/85150\/","title":{"rendered":"\u00e0 Villeurbanne, carton plein lors d\u2019une op\u00e9ration anti-stups"},"content":{"rendered":"<p>Plan\u00e8tes align\u00e9es mercredi 6\u00a0mai lors d\u2019une op\u00e9ration lanc\u00e9e par la division Est de la Brigade des Stups \u00e9paul\u00e9e par d\u2019autres forces de police.<\/p>\n<p><a href=\"https:\/\/www.leprogres.fr\/faits-divers-justice\/2025\/05\/07\/detonations-a-villeurbanne-une-interpellation-apres-des-coups-de-feu\" target=\"_blank\" rel=\"nofollow noopener\">Le premier acte a d\u00e9but\u00e9 en plein midi rue du 8-mai-45<\/a>, par la surveillance d\u2019un point de deal qui a permis d\u2019identifier vendeur et m\u00eame fournisseur. Sur l\u2019axe passant, l\u2019adresse \u00e9tait fr\u00e9quent\u00e9e. Selon nos informations, un acheteur interpell\u00e9 a confirm\u00e9 l\u2019identit\u00e9 des trafiquants.<\/p>\n<p>De quoi rendre possible l\u2019interpellation du vendeur. Un peu d\u2019attente, puis le retour du fournisseur a permis une interpellation suppl\u00e9mentaire. \u00c0 ce stade, la saisie de produits stup\u00e9fiants s\u2019est av\u00e9r\u00e9e modeste.<\/p>\n<p>  Le flair d\u2019un chien policier<\/p>\n<p>Le deuxi\u00e8me acte s\u2019est d\u00e9roul\u00e9 dans la foul\u00e9e avec la perquisition d\u2019un local associatif voisin. Bonne pioche\u00a0: la brigade engag\u00e9e a d\u00e9couvert l\u00e0, 1\u00a0kilo de r\u00e9sine de cannabis, ainsi qu\u2019une arme de poing au chargeur plein.<\/p>\n<p>Le troisi\u00e8me et dernier acte a b\u00e9n\u00e9fici\u00e9 du flair d\u2019un chien policier. Tandis que les policiers poursuivaient leurs investigations, l\u2019animal engag\u00e9 lui aussi dans l\u2019op\u00e9ration men\u00e9e, a marqu\u00e9 l\u2019arr\u00eat devant la porte d\u2019un appartement.<\/p>\n<p>  Une quinzaine d\u2019armes retrouv\u00e9es<\/p>\n<p>Derri\u00e8re celle-ci, ce ne sont pas moins de 11 armes de poing et 4 armes d\u2019\u00e9paule, dont 2 kalachnikovs, qui ont \u00e9t\u00e9 saisies. L\u2019appartement renfermait aussi des gilets pare-balles, un kilo de coca\u00efne et 500 grammes de drogues diverses conditionn\u00e9es.<\/p>\n<p>Alors que des gardes \u00e0 vue sont encore en cours, l\u2019enqu\u00eate est d\u00e9sormais confi\u00e9e \u00e0 la Direction de la lutte contre la criminalit\u00e9 organis\u00e9e.<\/p>\n","protected":false},"excerpt":{"rendered":"Plan\u00e8tes align\u00e9es mercredi 6\u00a0mai lors d\u2019une op\u00e9ration lanc\u00e9e par la division Est de la Brigade des Stups \u00e9paul\u00e9e&hellip;\n","protected":false},"author":2,"featured_media":85151,"comment_status":"","ping_status":"","sticky":false,"template":"","format":"standard","meta":{"footnotes":""},"categories":[1889],"tags":[1111,11,2430,271,272,2757,1777,674,274,107,1011,27,2428,2756,12,25,2429],"class_list":{"0":"post-85150","1":"post","2":"type-post","3":"status-publish","4":"format-standard","5":"has-post-thumbnail","7":"category-lyon","8":"tag-actu","9":"tag-actualites","10":"tag-auvergne-rhone-alpes","11":"tag-crime","12":"tag-delit-et-contravention","13":"tag-edition-lyon-villeurbanne","14":"tag-eu","15":"tag-europe","16":"tag-faits-divers-justice","17":"tag-fil-info","18":"tag-fr","19":"tag-france","20":"tag-lyon","21":"tag-lyon-bassin","22":"tag-news","23":"tag-republique-francaise","24":"tag-rhone"},"share_on_mastodon":{"url":"https:\/\/pubeurope.com\/@fr\/114473946501444562","error":""},"_links":{"self":[{"href":"https:\/\/www.europesays.com\/fr\/wp-json\/wp\/v2\/posts\/85150","targetHints":{"allow":["GET"]}}],"collection":[{"href":"https:\/\/www.europesays.com\/fr\/wp-json\/wp\/v2\/posts"}],"about":[{"href":"https:\/\/www.europesays.com\/fr\/wp-json\/wp\/v2\/types\/post"}],"author":[{"embeddable":true,"href":"https:\/\/www.europesays.com\/fr\/wp-json\/wp\/v2\/users\/2"}],"replies":[{"embeddable":true,"href":"https:\/\/www.europesays.com\/fr\/wp-json\/wp\/v2\/comments?post=85150"}],"version-history":[{"count":0,"href":"https:\/\/www.europesays.com\/fr\/wp-json\/wp\/v2\/posts\/85150\/revisions"}],"wp:featuredmedia":[{"embeddable":true,"href":"https:\/\/www.europesays.com\/fr\/wp-json\/wp\/v2\/media\/85151"}],"wp:attachment":[{"href":"https:\/\/www.europesays.com\/fr\/wp-json\/wp\/v2\/media?parent=85150"}],"wp:term":[{"taxonomy":"category","embeddable":true,"href":"https:\/\/www.europesays.com\/fr\/wp-json\/wp\/v2\/categories?post=85150"},{"taxonomy":"post_tag","embeddable":true,"href":"https:\/\/www.europesays.com\/fr\/wp-json\/wp\/v2\/tags?post=85150"}],"curies":[{"name":"wp","href":"https:\/\/api.w.org\/{rel}","templated":true}]}}