{"id":85163,"date":"2025-05-08T19:57:10","date_gmt":"2025-05-08T19:57:10","guid":{"rendered":"https:\/\/www.europesays.com\/fr\/85163\/"},"modified":"2025-05-08T19:57:10","modified_gmt":"2025-05-08T19:57:10","slug":"les-etats-unis-prevoient-de-depenser-des-milliards-pour-moderniser-le-systeme-de-controle-du-trafic-aerien-08-05-2025-a-2106","status":"publish","type":"post","link":"https:\/\/www.europesays.com\/fr\/85163\/","title":{"rendered":"Les \u00c9tats-Unis pr\u00e9voient de d\u00e9penser des milliards pour moderniser le syst\u00e8me de contr\u00f4le du trafic a\u00e9rien &#8211; 08\/05\/2025 \u00e0 21:06"},"content":{"rendered":"<p>\n ((Traduction automatis\u00e9e par Reuters, veuillez consulter la clause<br \/>\nde non-responsabilit\u00e9 https:\/\/bit.ly\/rtrsauto))\n<\/p>\n<p>\n (Une refonte annonc\u00e9e)<br \/>\npar David Shepardson\n<\/p>\n<p>\n Le secr\u00e9taire am\u00e9ricain aux<br \/>\ntransports, Sean Duffy, a d\u00e9voil\u00e9 jeudi un plan visant \u00e0<br \/>\nmoderniser le syst\u00e8me vieillissant de contr\u00f4le du trafic a\u00e9rien<br \/>\nam\u00e9ricain, pour un co\u00fbt de plusieurs dizaines de milliards de<br \/>\ndollars, afin de rem\u00e9dier \u00e0 l&rsquo;encombrement des a\u00e9roports, aux<br \/>\nretards des vols et \u00e0 la s\u00e9curit\u00e9.\n<\/p>\n<p>\n \u00ab\u00a0C&rsquo;est un projet audacieux. Ce sera un d\u00e9fi, mais nous<br \/>\npouvons absolument le relever\u00a0\u00bb, a d\u00e9clar\u00e9 M. Duffy lors d&rsquo;un<br \/>\n\u00e9v\u00e9nement annon\u00e7ant cette initiative, estimant que le projet<br \/>\nprendrait trois \u00e0 quatre ans.\n<\/p>\n<p>\n Le programme pr\u00e9voit la modernisation des  syst\u00e8mes de radar<br \/>\net de  t\u00e9l\u00e9communications , des tours de contr\u00f4le du trafic<br \/>\na\u00e9rien et d&rsquo;autres installations, ainsi que l &lsquo;augmentation des<br \/>\neffectifs des contr\u00f4leurs a\u00e9riens.\n<\/p>\n<p>\n L&rsquo;administration f\u00e9d\u00e9rale de l&rsquo;aviation pr\u00e9voit de<br \/>\nremplacer 618 radars, d&rsquo;installer une technologie anti-collision<br \/>\nsur le tarmac de 200 a\u00e9roports, de construire six nouveaux<br \/>\ncentres de contr\u00f4le du trafic a\u00e9rien et d&rsquo;\u00e9tendre son r\u00e9seau<br \/>\nADS-B d&rsquo;information en temps r\u00e9el sur le trafic a\u00e9rien.\n<\/p>\n<p>\n \u00ab\u00a0Il est grand temps de r\u00e9gler ce probl\u00e8me\u00a0\u00bb, a d\u00e9clar\u00e9 Chris<br \/>\nRocheleau, administrateur par int\u00e9rim de la FAA.\n<\/p>\n<p>\n M. Duffy, accompagn\u00e9 de cinq directeur g\u00e9n\u00e9ral de compagnies<br \/>\na\u00e9riennes et de cadres sup\u00e9rieurs de Boeing<br \/>\n <a href=\"https:\/\/www.boursorama.com\/cours\/BA\/\" rel=\"nofollow noopener\" target=\"_blank\"><br \/>\n  BA.N<br \/>\n <\/a><br \/>\n et d&rsquo;Airbus\n<\/p>\n<p>\n <a href=\"https:\/\/www.boursorama.com\/cours\/1rPAIR\/\" rel=\"nofollow noopener\" target=\"_blank\"><br \/>\n  AIR.PA<br \/>\n <\/a><br \/>\n , n&rsquo; a pas fix\u00e9 de chiffre pr\u00e9cis pour la r\u00e9vision, dont<br \/>\nil a d\u00e9j\u00e0 estim\u00e9 le co\u00fbt \u00e0 \u00ab\u00a0des dizaines de milliards de<br \/>\ndollars\u00a0\u00bb\n<\/p>\n<p>\n Les probl\u00e8mes du r\u00e9seau de contr\u00f4le du trafic a\u00e9rien de la FAA<br \/>\nsont connus depuis des ann\u00e9es, mais une s\u00e9rie d&rsquo;accidents tr\u00e8s<br \/>\nm\u00e9diatis\u00e9s, de quasi-accidents et un crash catastrophique en<br \/>\njanvier ont suscit\u00e9 l&rsquo;inqui\u00e9tude de l&rsquo;opinion publique et de<br \/>\nnouveaux appels \u00e0 l&rsquo;action.\n<\/p>\n<p>\n Des parents de certaines des 67 personnes tu\u00e9es le 29 janvier<br \/>\nlors de la collision en vol  entre un h\u00e9licopt\u00e8re de<br \/>\nl&rsquo;arm\u00e9e am\u00e9ricaine et un avion de transport r\u00e9gional d&rsquo;American<br \/>\nAirlines ont \u00e9galement assist\u00e9 \u00e0 l&rsquo;annonce .\n<\/p>\n<p>\n M. Duffy a d\u00e9clar\u00e9 qu&rsquo;il souhaitait un nouveau financement pour<br \/>\nl&rsquo;\u00e9quipement des a\u00e9roports  afin de pr\u00e9venir les incidents<br \/>\n\u00e9vit\u00e9s de justesse et de nouvelles incitations pour stimuler<br \/>\nl&#8217;embauche de contr\u00f4leurs a\u00e9riens, dont le nombre est inf\u00e9rieur<br \/>\nde 3 500 \u00e0 l&rsquo;objectif fix\u00e9.\n<\/p>\n<p>\n Au cours de son premier mandat en 2017, le pr\u00e9sident Donald<br \/>\nTrump a propos\u00e9 de privatiser le contr\u00f4le du trafic a\u00e9rien<br \/>\n, mais le Congr\u00e8s n&rsquo;a jamais donn\u00e9 suite \u00e0 sa proposition.\n<\/p>\n<p>\n Les compagnies a\u00e9riennes et autres devraient demander environ<br \/>\n31 milliards de dollars de d\u00e9penses. Un groupe d&rsquo;experts de la<br \/>\nChambre des repr\u00e9sentants des \u00c9tats-Unis a propos\u00e9 12,5<br \/>\nmilliards de dollars de d\u00e9penses initiales pour la r\u00e9forme du<br \/>\ncontr\u00f4le du trafic a\u00e9rien, dont 2,5 milliards de dollars pour le<br \/>\nremplacement des tours de contr\u00f4le du trafic a\u00e9rien et des tours<br \/>\nsous contrat.<\/p>\n","protected":false},"excerpt":{"rendered":"((Traduction automatis\u00e9e par Reuters, veuillez consulter la clause de non-responsabilit\u00e9 https:\/\/bit.ly\/rtrsauto)) (Une refonte annonc\u00e9e) par David Shepardson Le&hellip;\n","protected":false},"author":2,"featured_media":8061,"comment_status":"","ping_status":"","sticky":false,"template":"","format":"standard","meta":{"footnotes":""},"categories":[1589],"tags":[400,11,398,408,405,73,1866,403,402,399,404,12,401,406,1864,1865,1863,308,407],"class_list":{"0":"post-85163","1":"post","2":"type-post","3":"status-publish","4":"format-standard","5":"has-post-thumbnail","7":"category-etats-unis","8":"tag-action-cac-40","9":"tag-actualites","10":"tag-bourse-de-paris","11":"tag-boursorama","12":"tag-cotations","13":"tag-etats-unis","14":"tag-etats-unis-damerique","15":"tag-indices-devises","16":"tag-investir","17":"tag-investissement","18":"tag-marche-boursier","19":"tag-news","20":"tag-sicav","21":"tag-trackers","22":"tag-united-states","23":"tag-united-states-of-america","24":"tag-us","25":"tag-usa","26":"tag-warrants"},"share_on_mastodon":{"url":"https:\/\/pubeurope.com\/@fr\/114473981909614276","error":""},"_links":{"self":[{"href":"https:\/\/www.europesays.com\/fr\/wp-json\/wp\/v2\/posts\/85163","targetHints":{"allow":["GET"]}}],"collection":[{"href":"https:\/\/www.europesays.com\/fr\/wp-json\/wp\/v2\/posts"}],"about":[{"href":"https:\/\/www.europesays.com\/fr\/wp-json\/wp\/v2\/types\/post"}],"author":[{"embeddable":true,"href":"https:\/\/www.europesays.com\/fr\/wp-json\/wp\/v2\/users\/2"}],"replies":[{"embeddable":true,"href":"https:\/\/www.europesays.com\/fr\/wp-json\/wp\/v2\/comments?post=85163"}],"version-history":[{"count":0,"href":"https:\/\/www.europesays.com\/fr\/wp-json\/wp\/v2\/posts\/85163\/revisions"}],"wp:featuredmedia":[{"embeddable":true,"href":"https:\/\/www.europesays.com\/fr\/wp-json\/wp\/v2\/media\/8061"}],"wp:attachment":[{"href":"https:\/\/www.europesays.com\/fr\/wp-json\/wp\/v2\/media?parent=85163"}],"wp:term":[{"taxonomy":"category","embeddable":true,"href":"https:\/\/www.europesays.com\/fr\/wp-json\/wp\/v2\/categories?post=85163"},{"taxonomy":"post_tag","embeddable":true,"href":"https:\/\/www.europesays.com\/fr\/wp-json\/wp\/v2\/tags?post=85163"}],"curies":[{"name":"wp","href":"https:\/\/api.w.org\/{rel}","templated":true}]}}