{"id":851861,"date":"2026-04-06T21:33:20","date_gmt":"2026-04-06T21:33:20","guid":{"rendered":"https:\/\/www.europesays.com\/fr\/851861\/"},"modified":"2026-04-06T21:33:20","modified_gmt":"2026-04-06T21:33:20","slug":"la-declaration-en-ligne-ouvre-le-9-avril","status":"publish","type":"post","link":"https:\/\/www.europesays.com\/fr\/851861\/","title":{"rendered":"La d\u00e9claration en ligne ouvre le 9\u00a0avril"},"content":{"rendered":"<p>Obligatoire si votre r\u00e9sidence principale est \u00e9quip\u00e9e d\u2019un acc\u00e8s \u00e0 internet et que vous \u00eates en mesure de faire votre <a href=\"https:\/\/www.20minutes.fr\/dossier\/declaration_d_impots_sur_le_revenu\" class=\"c-link c-link--is-underlined\" rel=\"nofollow noopener\" target=\"_blank\">d\u00e9claration en ligne<\/a>, la d\u00e9claration des revenus de\u00a02025 d\u00e9butera le 9\u00a0avril 2026.<\/p>\n<p>Celle-ci permettra \u00e0 la Direction g\u00e9n\u00e9rale des finances publiques (DGFiP) de calculer le montant des <a href=\"https:\/\/www.20minutes.fr\/dossier\/impots\" class=\"c-link c-link--is-underlined\" rel=\"nofollow noopener\" target=\"_blank\">imp\u00f4ts<\/a> de chaque contribuable pour l\u2019ann\u00e9e derni\u00e8re (2025). Lorsque vous r\u00e9aliserez votre d\u00e9claration, vous remarquerez qu\u2019une partie des informations sera pr\u00e9remplie. Vous devrez alors v\u00e9rifier les montants et respecter les \u00e9ch\u00e9ances. En cas de retard sur votre d\u00e9claration, des p\u00e9nalit\u00e9s pourraient \u00eatre appliqu\u00e9es.<\/p>\n<p><a href=\"https:\/\/www.impots.gouv.fr\/accueil\" target=\"_blank\" class=\"c-link c-btn c-btn--primary\" rel=\"nofollow noopener\">Le site du gouvernement pour pr\u00e9senter votre d\u00e9claration<\/a>Les dates de la d\u00e9claration de revenus<\/p>\n<p>Vous aurez alors jusqu\u2019au 21\u00a0mai pour les <a href=\"https:\/\/www.20minutes.fr\/dossier\/departements\" class=\"c-link c-link--is-underlined\" rel=\"nofollow noopener\" target=\"_blank\">d\u00e9partements<\/a> 01 \u00e0 19 ainsi que pour les non\u2011r\u00e9sidents et ceux qui d\u00e9clarent encore sur la version papier. En ce qui concerne les d\u00e9partements 20 \u00e0 54, ils b\u00e9n\u00e9ficieront d\u2019une semaine de plus. Enfin, les autres d\u00e9partements, de 55 \u00e0 976, Paris et la r\u00e9gion parisienne compris, ils auront jusqu\u2019\u00e0 d\u00e9but juin.<\/p>\n<p>Si vous n\u2019\u00eates pas en mesure de remplir votre d\u00e9claration en ligne, vous pouvez utiliser une d\u00e9claration papier en demandant les formulaires pr\u00e9remplis \u00e0 votre service des imp\u00f4ts des particuliers. Voici les dates limites, \u00e0 titre indicatif, en r\u00e9sum\u00e9\u00a0:<\/p>\n<ul>\n<li>mardi 19\u00a0mai 2026\u00a0: d\u00e9claration d\u2019imp\u00f4t 2026 au format papier, quel que soit le lieu de r\u00e9sidence\u00a0;<\/li>\n<li>jeudi 21\u00a0mai 2026\u00a0: d\u00e9partements 01 \u00e0 19 et non-r\u00e9sidents\u00a0;<\/li>\n<li>jeudi 28\u00a0mai 2026\u00a0: d\u00e9partements 20 \u00e0 54\u00a0;<\/li>\n<li>jeudi 4\u00a0juin 2026\u00a0: d\u00e9partements 55 \u00e0 976.<\/li>\n<\/ul>\n","protected":false},"excerpt":{"rendered":"Obligatoire si votre r\u00e9sidence principale est \u00e9quip\u00e9e d\u2019un acc\u00e8s \u00e0 internet et que vous \u00eates en mesure de&hellip;\n","protected":false},"author":2,"featured_media":851862,"comment_status":"","ping_status":"","sticky":false,"template":"","format":"standard","meta":{"footnotes":"","_share_on_mastodon":"0"},"categories":[6],"tags":[35,254,5845,92265,33,34,1011,27,139,342],"class_list":["post-851861","post","type-post","status-publish","format-standard","has-post-thumbnail","category-economie","tag-business","tag-conso","tag-declaration-dimpots","tag-declaration-de-patrimoine","tag-economie","tag-economy","tag-fr","tag-france","tag-impot-sur-le-revenu","tag-impots"],"share_on_mastodon":{"url":"https:\/\/pubeurope.com\/@fr\/116359909008955161","error":""},"_links":{"self":[{"href":"https:\/\/www.europesays.com\/fr\/wp-json\/wp\/v2\/posts\/851861","targetHints":{"allow":["GET"]}}],"collection":[{"href":"https:\/\/www.europesays.com\/fr\/wp-json\/wp\/v2\/posts"}],"about":[{"href":"https:\/\/www.europesays.com\/fr\/wp-json\/wp\/v2\/types\/post"}],"author":[{"embeddable":true,"href":"https:\/\/www.europesays.com\/fr\/wp-json\/wp\/v2\/users\/2"}],"replies":[{"embeddable":true,"href":"https:\/\/www.europesays.com\/fr\/wp-json\/wp\/v2\/comments?post=851861"}],"version-history":[{"count":0,"href":"https:\/\/www.europesays.com\/fr\/wp-json\/wp\/v2\/posts\/851861\/revisions"}],"wp:featuredmedia":[{"embeddable":true,"href":"https:\/\/www.europesays.com\/fr\/wp-json\/wp\/v2\/media\/851862"}],"wp:attachment":[{"href":"https:\/\/www.europesays.com\/fr\/wp-json\/wp\/v2\/media?parent=851861"}],"wp:term":[{"taxonomy":"category","embeddable":true,"href":"https:\/\/www.europesays.com\/fr\/wp-json\/wp\/v2\/categories?post=851861"},{"taxonomy":"post_tag","embeddable":true,"href":"https:\/\/www.europesays.com\/fr\/wp-json\/wp\/v2\/tags?post=851861"}],"curies":[{"name":"wp","href":"https:\/\/api.w.org\/{rel}","templated":true}]}}