{"id":852167,"date":"2026-04-07T01:36:19","date_gmt":"2026-04-07T01:36:19","guid":{"rendered":"https:\/\/www.europesays.com\/fr\/852167\/"},"modified":"2026-04-07T01:36:19","modified_gmt":"2026-04-07T01:36:19","slug":"plus-de-1-500-stations-en-rupture-en-cette-fin-de-week-end-de-paques","status":"publish","type":"post","link":"https:\/\/www.europesays.com\/fr\/852167\/","title":{"rendered":"plus de 1\u00a0500\u00a0stations en rupture en cette fin de week-end de P\u00e2ques"},"content":{"rendered":"<p>\n                Article premium,<br \/>\n                    R\u00e9serv\u00e9 aux\u00a0abonn\u00e9s\n            <\/p>\n<p class=\"su-standfirst chapeau\">Les automobilistes \u00e9taient nombreux sur les routes pour le week-end prolong\u00e9 de P\u00e2ques. Les ruptures de carburants se sont accentu\u00e9es, en particulier dans le r\u00e9seau TotalEnergies et TotalEnergies Access, pris d\u2019assaut apr\u00e8s avoir plafonn\u00e9 ses tarifs. Lundi dans l\u2019apr\u00e8s-midi, un peu plus de 1\u00a0500\u00a0stations-service manquaient de gazole ou de SP95-E10.<\/p>\n<p>                                        <img decoding=\"async\" class=\"su-media\" src=\"https:\/\/www.europesays.com\/fr\/wp-content\/uploads\/2026\/04\/MjAyNjA0NDZlODVjMzFiYjlmMDdmNmQ0MDBjOWYyNGI5NjI0YzE.webp\" alt=\"Le 30\u00a0mars, des pompes sont hors service dans une station Total Access pr\u00e8s de Rennes\u00a0(Ille-et-Vilaine). Les stations du groupe TotalEnergies ont connu un afflux de consommateurs et des ruptures apr\u00e8s avoir plafonn\u00e9 leur prix, notamment sur le gazole.\"  \/><\/p>\n<p>                            Le 30\u00a0mars, des pompes sont hors service dans une station Total Access pr\u00e8s de Rennes\u00a0(Ille-et-Vilaine). Les stations du groupe TotalEnergies ont connu un afflux de consommateurs et des ruptures apr\u00e8s avoir plafonn\u00e9 leur prix, notamment sur le gazole. | PHOTO MATHIEU PATTIER \/ OUEST FRANCE<\/p>\n<p>                            fermer<\/p>\n<ul class=\"su-row su-carrousel-container su-not-list\" data-suswipe=\"{\" rambo=\"\" .carrousel-nav-bas=\"\" .item=\"\">\n<li class=\"su-col-xs-6 su-col-md-24 carrousel-contenu su-carrousel-item\" data-ofvwidth=\"{\" mobileonly=\"\"><img decoding=\"async\" data-ofmaxheight=\"\" class=\"su-media lazyload\" alt=\"Le 30\u00a0mars, des pompes sont hors service dans une station Total Access pr\u00e8s de Rennes\u00a0(Ille-et-Vilaine). Les stations du groupe TotalEnergies ont connu un afflux de consommateurs et des ruptures apr\u00e8s avoir plafonn\u00e9 leur prix, notamment sur le gazole.\" src=\"data:image\/png;base64,iVBORw0KGgoAAAANSUhEUgAAABAAAAAJCAYAAAA7KqwyAAAAGXRFWHRTb2Z0d2FyZQBBZG9iZSBJbWFnZVJlYWR5ccllPAAAABhJREFUeNpi\/P\/\/PwMlgHHUgFEDgAAgwAD+lBrvy+NcxAAAAABJRU5ErkJggg==\" data-oflazyload=\"{&quot;srcset&quot;:&quot;https:\/\/media.ouest-france.fr\/v1\/pictures\/MjAyNjA0NDZlODVjMzFiYjlmMDdmNmQ0MDBjOWYyNGI5NjI0YzE?width=320&amp;focuspoint=50%2C25&amp;cropresize=1&amp;client_id=bpeditorial&amp;sign=8c8e9950b408af5677fee29dbdf78105178ad3661f1aac0675d5ab7d7ef3736c 320w,https:\/\/media.ouest-france.fr\/v1\/pictures\/MjAyNjA0NDZlODVjMzFiYjlmMDdmNmQ0MDBjOWYyNGI5NjI0YzE?width=375&amp;focuspoint=50%2C25&amp;cropresize=1&amp;client_id=bpeditorial&amp;sign=b4210120c91fe4ab760a243e342bccaf76fef54c0f881b9435e740af56715bda 360w,https:\/\/media.ouest-france.fr\/v1\/pictures\/MjAyNjA0NDZlODVjMzFiYjlmMDdmNmQ0MDBjOWYyNGI5NjI0YzE?width=480&amp;focuspoint=50%2C25&amp;cropresize=1&amp;client_id=bpeditorial&amp;sign=990d9c9dd1ab52775b9302fc7cb073a0e547c8750b8a59d4f1acdf43f1eb40b6 480w,https:\/\/media.ouest-france.fr\/v1\/pictures\/MjAyNjA0NDZlODVjMzFiYjlmMDdmNmQ0MDBjOWYyNGI5NjI0YzE?width=630&amp;focuspoint=50%2C25&amp;cropresize=1&amp;client_id=bpeditorial&amp;sign=3deb0a00caba947ab8300c2b5db3fc671a0d020d8c344c06695eaf69c9afeba0 630w,https:\/\/media.ouest-france.fr\/v1\/pictures\/MjAyNjA0NDZlODVjMzFiYjlmMDdmNmQ0MDBjOWYyNGI5NjI0YzE?width=940&amp;focuspoint=50%2C25&amp;cropresize=1&amp;client_id=bpeditorial&amp;sign=f1ec26c2084f11a311c6387d6edc6a96fd2c34211d85c3edab77ac192c10d888 940w,https:\/\/media.ouest-france.fr\/v1\/pictures\/MjAyNjA0NDZlODVjMzFiYjlmMDdmNmQ0MDBjOWYyNGI5NjI0YzE?width=1260&amp;focuspoint=50%2C25&amp;cropresize=1&amp;client_id=bpeditorial&amp;sign=cbba37f18218404884d72b5f62bf163ab6780073e72d39ad72d4f887c0e8b39d 1260w&quot;}\"\/>Le 30\u00a0mars, des pompes sont hors service dans une station Total Access pr\u00e8s de Rennes\u00a0(Ille-et-Vilaine). Les stations du groupe TotalEnergies ont connu un afflux de consommateurs et des ruptures apr\u00e8s avoir plafonn\u00e9 leur prix, notamment sur le gazole. | PHOTO MATHIEU PATTIER \/ OUEST FRANCE<\/li>\n<\/ul>\n<p>        Publi\u00e9 le 06\/04\/2026  \u00e0 18h00<\/p>\n<p>                            Lire plus tard<\/p>\n<p>                            Partager<\/p>\n<ul id=\"partage-col-gauche\" class=\"su-not-list su-hidden su-margin-top-xs\">\n<li>FacebookFacebook<\/li>\n<li>BlueSkyBlueSky<\/li>\n<li>FlipboardFlipboard<\/li>\n<li>linkedinLinkedIn<\/li>\n<\/ul>\n<p class=\"su-h3 su-margin-bottom-xs\">Newsletter Mon Budget<\/p>\n<p>Chaque semaine, infos pratiques et conseils utiles pour vos d\u00e9penses du quotidien<\/p>\n<p class=\"su-margin-top-s su-text-xsmall texte-rgpd su-hidden\">Votre e-mail, avec votre consentement, est utilis\u00e9 par Ouest-France pour recevoir notre newsletter. <a class=\"su-link-light\" href=\"https:\/\/www.ouest-france.fr\/politique-de-protection-des-donnees-personnelles\/\" rel=\"nofollow noopener\" target=\"_blank\">En\u00a0savoir\u00a0plus<\/a>.<\/p>\n<p>Selon les donn\u00e9es du gouvernement, qui rend accessible les informations remont\u00e9es par les <a href=\"https:\/\/www.ouest-france.fr\/economie\/transports\/carburants-essence-diesel\/\" target=\"_self\" rel=\"nofollow noopener\">stations-service<\/a> en temps r\u00e9el, 1\u00a0559\u00a0stations affichent au moins un carburant en rupture de stock \u00e0 13\u00a0h ce lundi 6\u00a0avril 2026. Cela repr\u00e9sente plus de 15\u00a0% des 9\u00a0800\u00a0stations-service fran\u00e7aises.<\/p>\n<p>Vendredi 3\u00a0avril, on comptait 1\u00a0000\u00a0stations en rupture, la situation s\u2019est donc aggrav\u00e9e durant le week-end, avec une demande entretenue par le chass\u00e9-crois\u00e9 sur les routes, tandis que l\u2019approvisionnement \u00e9tait limit\u00e9.<\/p>\n<p>Voici la carte des stations en p\u00e9nurie d\u2019au moins un des deux principaux carburants\u00a0(SP95-E10 et gazole) ce 6\u00a0avril\u00a0:<\/p>\n<\/p>\n<p>Les&#8230;<\/p>\n<p style=\"text-align: center; background-color: #dbbe4d; padding-top: 5px; padding-bottom: 5px; font-size: 14px;\"><strong>D\u00e9j\u00e0 abonn\u00e9 ? <\/strong><a data-trkartmonet=\"Identification\" data-trk-sipa=\"{\" blockcategory=\"\" paywall=\"\" href=\"http:\/\/www.ouest-france.fr\/login?redirect=https:\/\/www.ouest-france.fr\/economie\/transports\/penurie-de-carburant\/carte-carburants-plus-de-1-500-stations-en-rupture-en-cette-fin-de-week-end-de-paques-cda877f4-31bc-11f1-b6ef-35cf984fdd2d\" rel=\"nofollow noopener\" title=\"Se connecter \u00e0 Ouest-France\" class=\"su-link-light\" target=\"_blank\">Connectez-vous<\/a><\/p>\n<p style=\"text-align: center; padding-top: 15px; padding-bottom: 8px; vertical-align: bottom;\">bloqu\u00e9<strong> Pour lire la suite, abonnez-vous<\/strong><\/p>\n<p style=\"text-align: center;\"><strong>1er mois \u00e0 1\u20ac<\/strong><\/p>\n<p style=\"text-align: center; margin-top: -5px;\">Annulable \u00e0 tout moment<\/p>\n<p style=\"text-align: center;\">\u00a0<\/p>\n<p style=\"text-align: center;\"><a data-ida=\"\" data-trkartmonet=\"Tunnel OF+\" data-trk-sipa=\"{&#010;\" blockcategory=\"\" paywall=\"\" :=\"\" m=\"\" of=\"\" class=\"&#010;        su-button&#010;        su-subscription&#010;        &#010;        &#010;    \" data-trk-bloc=\"paywall\" href=\"https:\/\/abonnement.ouest-france.fr\/tunnel\/pack-essentiel-article\/122096117101?int_medium=lien&amp;int_campaign=PWFR0225-OF&amp;int_content=page-article-payant_boutonjaune-paywall&amp;marquesource=OF&amp;rt=https:\/\/www.ouest-france.fr\/economie\/transports\/penurie-de-carburant\/carte-carburants-plus-de-1-500-stations-en-rupture-en-cette-fin-de-week-end-de-paques-cda877f4-31bc-11f1-b6ef-35cf984fdd2d\" rel=\"nofollow noopener\" target=\"_blank\"><br \/>\n    <strong>Je m&rsquo;abonne<\/strong><br \/>\n<\/a><\/p>\n<p style=\"text-align: center; padding-top: 10px; padding-bottom: 10px;\"><img decoding=\"async\" src=\"https:\/\/media.ouest-france.fr\/v1\/fonts\/be7723fcee3f1866f1ce99184077fc6f-carte-bancaire.svg?height=36\" alt=\"CB\"\/>\u00a0\u00a0<img decoding=\"async\" src=\"https:\/\/media.ouest-france.fr\/v1\/fonts\/1819d54c599d8afa64539cfba4ac9dde-rib.svg?height=36\" alt=\"RIB\"\/>\u00a0\u00a0<img decoding=\"async\" src=\"https:\/\/media.ouest-france.fr\/v1\/fonts\/065fc80d7b6a03d14a834c224ce723e1-paypal.svg?height=36\" alt=\"PAYPAL\"\/><\/p>\n","protected":false},"excerpt":{"rendered":"Article premium, R\u00e9serv\u00e9 aux\u00a0abonn\u00e9s Les automobilistes \u00e9taient nombreux sur les routes pour le week-end prolong\u00e9 de P\u00e2ques. Les&hellip;\n","protected":false},"author":2,"featured_media":852168,"comment_status":"","ping_status":"","sticky":false,"template":"","format":"standard","meta":{"footnotes":"","_share_on_mastodon":"0"},"categories":[2],"tags":[74853,11,646,86231,33,1011,27,86170,12,90888,800,96,4752],"class_list":["post-852167","post","type-post","status-publish","format-standard","has-post-thumbnail","category-actualites","tag-actualite-en-continu","tag-actualites","tag-automobile","tag-carburants-essence-diesel","tag-economie","tag-fr","tag-france","tag-mon-budget","tag-news","tag-penurie-de-carburant","tag-transports","tag-une","tag-voiture"],"share_on_mastodon":{"url":"https:\/\/pubeurope.com\/@fr\/116360864629047546","error":""},"_links":{"self":[{"href":"https:\/\/www.europesays.com\/fr\/wp-json\/wp\/v2\/posts\/852167","targetHints":{"allow":["GET"]}}],"collection":[{"href":"https:\/\/www.europesays.com\/fr\/wp-json\/wp\/v2\/posts"}],"about":[{"href":"https:\/\/www.europesays.com\/fr\/wp-json\/wp\/v2\/types\/post"}],"author":[{"embeddable":true,"href":"https:\/\/www.europesays.com\/fr\/wp-json\/wp\/v2\/users\/2"}],"replies":[{"embeddable":true,"href":"https:\/\/www.europesays.com\/fr\/wp-json\/wp\/v2\/comments?post=852167"}],"version-history":[{"count":0,"href":"https:\/\/www.europesays.com\/fr\/wp-json\/wp\/v2\/posts\/852167\/revisions"}],"wp:featuredmedia":[{"embeddable":true,"href":"https:\/\/www.europesays.com\/fr\/wp-json\/wp\/v2\/media\/852168"}],"wp:attachment":[{"href":"https:\/\/www.europesays.com\/fr\/wp-json\/wp\/v2\/media?parent=852167"}],"wp:term":[{"taxonomy":"category","embeddable":true,"href":"https:\/\/www.europesays.com\/fr\/wp-json\/wp\/v2\/categories?post=852167"},{"taxonomy":"post_tag","embeddable":true,"href":"https:\/\/www.europesays.com\/fr\/wp-json\/wp\/v2\/tags?post=852167"}],"curies":[{"name":"wp","href":"https:\/\/api.w.org\/{rel}","templated":true}]}}