{"id":85225,"date":"2025-05-08T20:32:15","date_gmt":"2025-05-08T20:32:15","guid":{"rendered":"https:\/\/www.europesays.com\/fr\/85225\/"},"modified":"2025-05-08T20:32:15","modified_gmt":"2025-05-08T20:32:15","slug":"quest-ce-que-ce-traite-de-nancy-signe-vendredi-par-les-deux-pays","status":"publish","type":"post","link":"https:\/\/www.europesays.com\/fr\/85225\/","title":{"rendered":"qu&rsquo;est-ce que ce trait\u00e9 de Nancy, sign\u00e9 vendredi par les deux pays ?"},"content":{"rendered":"<p class=\"article-p mdl\">Pour la premi\u00e8re fois, la France va signer un trait\u00e9 d&rsquo;amiti\u00e9 avec un pays europ\u00e9en non-frontalier. Ce vendredi 9 mai 2025, le pr\u00e9sident fran\u00e7ais et le Premier ministre polonais Donald Tusk, signeront ce trait\u00e9 bilat\u00e9ral \u00e0 Nancy (Meurthe-et-Moselle).\u00a0<\/p>\n<p class=\"article-p mdl\">Ce moment historique intervient \u00e0 la suite de la reprise active du dialogue politique entre les deux pays, engag\u00e9 en 2020, d&rsquo;apr\u00e8s le\u00a0<a class=\"link\" href=\"https:\/\/www.diplomatie.gouv.fr\/fr\/dossiers-pays\/pologne\/relations-bilaterales\/#:~:text=La%20France%20et%20la%20Pologne,de%20Weimar%2C%20cr%C3%A9%C3%A9%20en%201991.\" target=\"_blank\" rel=\"noopener\">minist\u00e8re de l&rsquo;Europe et des Affaires \u00e9trang\u00e8res<\/a>. Au mois de f\u00e9vrier de cette ann\u00e9e-l\u00e0,\u00a0<a class=\"link\" href=\"https:\/\/www.rtl.fr\/actu\/politique\/les-infos-de-7h30-emmanuel-macron-en-deplacement-en-pologne-repond-aux-polemiques-7800023833\" title=\"Les infos de 7h30 - Emmanuel Macron, en d\u00e9placement en Pologne, r\u00e9pond aux pol\u00e9miques\" target=\"_blank\" rel=\"noopener\">Emmanuel Macron<\/a>\u00a0avait \u00e9t\u00e9 re\u00e7u en Pologne et plusieurs d\u00e9clarations de coop\u00e9ration avaient \u00e9t\u00e9 sign\u00e9es. De plus, depuis l&rsquo;entr\u00e9e en fonction du nouveau gouvernement polonais en d\u00e9cembre 2023, les \u00ab\u00a0sujets de coop\u00e9ration et les opportunit\u00e9s de concertation\u00a0\u00bb se sont multipli\u00e9s, souligne le minist\u00e8re.\u00a0<\/p>\n<p class=\"article-p mdl\">Ce trait\u00e9 de Nancy, ax\u00e9 notamment sur les questions de s\u00e9curit\u00e9 et de d\u00e9fense, en est la preuve.\u00a0<\/p>\n<p>            Que va contenir le trait\u00e9 de Nancy, sign\u00e9 par la France et la Pologne ?\u00a0<\/p>\n<p class=\"article-p mdl\">Ce trait\u00e9 de Nancy sera inspir\u00e9 des trait\u00e9s qui existent d\u00e9j\u00e0 entre la France et\u00a0<a class=\"link\" href=\"https:\/\/www.rtl.fr\/actu\/international\/l-allemagne-et-la-france-vont-mettre-en-place-un-conseil-de-defense-et-de-securite-commun-annonce-emmanuel-macron-7900502322\" title=\"L&#039;Allemagne et la France vont mettre en place &quot;un conseil de d\u00e9fense et de s\u00e9curit\u00e9&quot; commun, annonce Emmanuel Macron\" target=\"_blank\" rel=\"noopener\">l&rsquo;Allemagne<\/a>, ou encore avec l&rsquo;Italie et l&rsquo;Espagne, \u00e0 la diff\u00e9rence qu&rsquo;il s&rsquo;agit du seul trait\u00e9 d&rsquo;amiti\u00e9 avec un pays non-frontalier. Cette signature montre que le partenariat entre la France et la Pologne prend de plus en plus d&rsquo;importance. Ce rapprochement engag\u00e9 il y a cinq ans s&rsquo;est renforc\u00e9 apr\u00e8s le d\u00e9clenchement de la\u00a0<a class=\"link\" href=\"https:\/\/www.rtl.fr\/actu\/international\/invasion-russe-plus-de-10-000-civils-tues-depuis-le-debut-de-la-guerre-selon-l-ukraine-7900286263\" title=\"Invasion russe : plus de 10.000 civils tu\u00e9s depuis le d\u00e9but de la guerre selon l&#039;Ukraine\" target=\"_blank\" rel=\"noopener\">guerre en Ukraine<\/a>\u00a0et l&rsquo;invasion du pays par la Russie, mais aussi par l&rsquo;arriv\u00e9 du gouvernement de Donald Tusk.\u00a0<\/p>\n<p class=\"article-p mdl\">Ce trait\u00e9 va permettre de sceller \u00ab\u00a0les liens encore plus forts\u00a0\u00bb entre la France et la Pologne dans de nombreux domaines, comme l&rsquo;avait indiqu\u00e9 Emmanuel Macron, dans un\u00a0<a class=\"link\" href=\"https:\/\/www.elysee.fr\/emmanuel-macron\/2024\/12\/12\/deplacement-en-pologne\" target=\"_blank\" rel=\"noopener\">discours \u00e0 Varsovie<\/a>\u00a0en d\u00e9cembre 2024. Les domaines concern\u00e9s par ce trait\u00e9 sont \u00ab\u00a0les domaines strat\u00e9giques, de la d\u00e9fense \u00e0 l&rsquo;\u00e9nergie, en passant par le nucl\u00e9aire, la coop\u00e9ration scientifique, linguistique, culturelle\u00a0\u00bb.\u00a0<\/p>\n<p>            Pourquoi le trait\u00e9 d&rsquo;amiti\u00e9 entre la France et la Pologne est sign\u00e9 \u00e0 Nancy ?<\/p>\n<p class=\"article-p mdl\">Le Premier ministre Donald Tusk sera re\u00e7u \u00e0 Nancy par le pr\u00e9sident de la R\u00e9publique Emmanuel Macron. Cela peut sembler \u00e9tonnant qu&rsquo;il ne soit pas accueilli \u00e0 l&rsquo;\u00c9lys\u00e9e, mais en r\u00e9alit\u00e9, cette ville n&rsquo;a pas \u00e9t\u00e9 choisie au hasard. Comme le rappelle\u00a0<a class=\"link\" href=\"https:\/\/www.francebleu.fr\/infos\/societe\/emmanuel-macron-vendredi-a-nancy-enjeux-programme-dispositif-de-securite-ce-qu-il-faut-savoir-4665093\" target=\"_blank\" rel=\"noopener\">Ici<\/a>, les liens entre Nancy voire plus globalement la Lorraine et la Pologne sont tr\u00e8s \u00e9troits. Le pr\u00e9sident et le Premier ministre seront ensemble sur la place Stanislas : ce nom vient de Stanislas\u00a0Leszczynski, roi de Pologne devenu dernier Duc de Lorraine et de Bar. \u00c0 savoir que la fille du Duc, \u00e9pouse de Louis XV, a \u00e9t\u00e9 reine de France et de Navarre.\u00a0<\/p>\n<p class=\"article-p mdl\"><a class=\"link\" href=\"https:\/\/france3-regions.francetvinfo.fr\/grand-est\/meurthe-et-moselle\/nancy\/emmanuel-macron-accueille-a-nancy-le-premier-ministre-polonais-donald-tusk-pour-signer-un-traite-d-amitie-historique-3148091.html\" target=\"_blank\" rel=\"noopener\">France 3<\/a>\u00a0et Ici \u00e9voquent \u00e9galement l&rsquo;accueil de centaines de milliers de Polonais en Lorraine, \u00e0 partir de 1920, qui sont venus pour travailler dans les mines, mais \u00e9galement dans les usines et dans les exploitations agricoles.\u00a0<\/p>\n<p>    La r\u00e9daction vous recommande<\/p>\n<p class=\"s-newsletter__title\">\n                L\u2019actualit\u00e9 par la r\u00e9daction de RTL dans votre bo\u00eete mail.\n            <\/p>\n<p class=\"s-newsletter__subtitle\">\n                Gr\u00e2ce \u00e0 votre compte RTL abonnez-vous \u00e0 la newsletter RTL info pour suivre toute l&rsquo;actualit\u00e9 au quotidien\n            <\/p>\n<p>\n                                    Lire la suite\n                                <\/p>\n","protected":false},"excerpt":{"rendered":"Pour la premi\u00e8re fois, la France va signer un trait\u00e9 d&rsquo;amiti\u00e9 avec un pays europ\u00e9en non-frontalier. Ce vendredi&hellip;\n","protected":false},"author":2,"featured_media":85226,"comment_status":"","ping_status":"","sticky":false,"template":"","format":"standard","meta":{"footnotes":""},"categories":[9635],"tags":[1111,11,1777,674,107,1011,27,775,14,1702,12,2437,25],"class_list":{"0":"post-85225","1":"post","2":"type-post","3":"status-publish","4":"format-standard","5":"has-post-thumbnail","7":"category-nancy","8":"tag-actu","9":"tag-actualites","10":"tag-eu","11":"tag-europe","12":"tag-fil-info","13":"tag-fr","14":"tag-france","15":"tag-grand-est","16":"tag-international","17":"tag-nancy","18":"tag-news","19":"tag-pologne","20":"tag-republique-francaise"},"share_on_mastodon":{"url":"https:\/\/pubeurope.com\/@fr\/114474119551807021","error":""},"_links":{"self":[{"href":"https:\/\/www.europesays.com\/fr\/wp-json\/wp\/v2\/posts\/85225","targetHints":{"allow":["GET"]}}],"collection":[{"href":"https:\/\/www.europesays.com\/fr\/wp-json\/wp\/v2\/posts"}],"about":[{"href":"https:\/\/www.europesays.com\/fr\/wp-json\/wp\/v2\/types\/post"}],"author":[{"embeddable":true,"href":"https:\/\/www.europesays.com\/fr\/wp-json\/wp\/v2\/users\/2"}],"replies":[{"embeddable":true,"href":"https:\/\/www.europesays.com\/fr\/wp-json\/wp\/v2\/comments?post=85225"}],"version-history":[{"count":0,"href":"https:\/\/www.europesays.com\/fr\/wp-json\/wp\/v2\/posts\/85225\/revisions"}],"wp:featuredmedia":[{"embeddable":true,"href":"https:\/\/www.europesays.com\/fr\/wp-json\/wp\/v2\/media\/85226"}],"wp:attachment":[{"href":"https:\/\/www.europesays.com\/fr\/wp-json\/wp\/v2\/media?parent=85225"}],"wp:term":[{"taxonomy":"category","embeddable":true,"href":"https:\/\/www.europesays.com\/fr\/wp-json\/wp\/v2\/categories?post=85225"},{"taxonomy":"post_tag","embeddable":true,"href":"https:\/\/www.europesays.com\/fr\/wp-json\/wp\/v2\/tags?post=85225"}],"curies":[{"name":"wp","href":"https:\/\/api.w.org\/{rel}","templated":true}]}}