{"id":852483,"date":"2026-04-07T06:02:12","date_gmt":"2026-04-07T06:02:12","guid":{"rendered":"https:\/\/www.europesays.com\/fr\/852483\/"},"modified":"2026-04-07T06:02:12","modified_gmt":"2026-04-07T06:02:12","slug":"info-trafic-un-barrage-filtrant-sur-le-peripherique-nantais-mis-en-place-par-les-artisans-des-travaux-publics","status":"publish","type":"post","link":"https:\/\/www.europesays.com\/fr\/852483\/","title":{"rendered":"INFO TRAFIC. Un barrage filtrant sur le p\u00e9riph\u00e9rique nantais mis en place par les artisans des travaux publics"},"content":{"rendered":"<p>Des perturbations sont \u00e0 pr\u00e9voir, ce mardi 7\u00a0avril 2026, sur le p\u00e9riph\u00e9rique de Nantes\u00a0(Loire-Atlantique). L\u2019antenne locale de\u00a0la Chambre nationale des artisans des travaux publics et du paysage\u00a0(CNATP 44) a mis en place un barrage filtrant au niveau de la porte de Retz, au sud ouest de l\u2019agglom\u00e9ration.<\/p>\n<p>D\u00e8s 7\u00a0h les premiers effets se font ressentir sur le p\u00e9riph\u00e9rique, \u00e0 hauteur de Bouguenais. D\u00e8s la mise en place du barrage, le site Bison fut\u00e9 a fait part d\u2019un bouchon sur les voix int\u00e9rieures.<\/p>\n<p>\u00c0 7\u00a0h\u00a030, le bouchon fait d\u00e9j\u00e0 plus de 6\u00a0km. Les manifestants devaient mettre en place le barrage filtrant dans les deux sens. Sur l\u2019ensemble de ses routes, la m\u00e9tropole nantaise enregistre d\u00e9j\u00e0 34 \u00a0km d\u2019embouteillages.<\/p>\n<p class=\"su-line-height-m\"><strong>Lire aussi\u00a0:<\/strong> <a data-trk-internal-link=\"a lire aussi\" data-trk-sipa=\"{\" blockcategory=\"\" lire=\"\" aussi=\"\" en=\"\" forte=\"\" hausse=\"\" les=\"\" artisans=\"\" des=\"\" travaux=\"\" publics=\"\" organisent=\"\" un=\"\" barrage=\"\" filtrant=\"\" sur=\"\" le=\"\" p=\"\" nantais=\"\" mardi=\"\" href=\"https:\/\/www.ouest-france.fr\/pays-de-la-loire\/nantes-44000\/faute-daides-les-artisans-des-travaux-publics-organisent-un-barrage-filtrant-sur-le-periph-nantais-mardi-7-avril-8bf14292-2f7c-11f1-b6ef-35cf984fdd2d\" rel=\"- nofollow noopener\" target=\"_blank\">Gazole en forte hausse\u00a0: les artisans des travaux publics organisent un barrage filtrant sur le p\u00e9riph nantais, mardi<\/a><\/p>\n<p>        Flamb\u00e9e des prix du carburant<\/p>\n<p>Fortement touch\u00e9s par la hausse des prix des carburants et des mat\u00e9riaux, les entreprises artisanales de travaux publics r\u00e9clament des mesures pour passer la crise.\u00a0Afin de se faire entendre, CNATP 44\u00a0avait pr\u00e9venu, d\u00e8s vendredi 3\u00a0avril, la mise en place un barrage filtrant.<\/p>\n","protected":false},"excerpt":{"rendered":"Des perturbations sont \u00e0 pr\u00e9voir, ce mardi 7\u00a0avril 2026, sur le p\u00e9riph\u00e9rique de Nantes\u00a0(Loire-Atlantique). L\u2019antenne locale de\u00a0la Chambre&hellip;\n","protected":false},"author":2,"featured_media":852484,"comment_status":"","ping_status":"","sticky":false,"template":"","format":"standard","meta":{"footnotes":"","_share_on_mastodon":"0"},"categories":[2818],"tags":[1111,11,754,5173,86231,1777,674,1011,27,803,3047,766,12,2636,90888,25,11616,5009],"class_list":["post-852483","post","type-post","status-publish","format-standard","has-post-thumbnail","category-nantes","tag-actu","tag-actualites","tag-aeroport-de-nantes","tag-bouguenais","tag-carburants-essence-diesel","tag-eu","tag-europe","tag-fr","tag-france","tag-info-trafic","tag-loire-atlantique","tag-nantes","tag-news","tag-pays-de-la-loire","tag-penurie-de-carburant","tag-republique-francaise","tag-routes","tag-securite-routiere"],"share_on_mastodon":{"url":"https:\/\/pubeurope.com\/@fr\/116361910425459412","error":""},"_links":{"self":[{"href":"https:\/\/www.europesays.com\/fr\/wp-json\/wp\/v2\/posts\/852483","targetHints":{"allow":["GET"]}}],"collection":[{"href":"https:\/\/www.europesays.com\/fr\/wp-json\/wp\/v2\/posts"}],"about":[{"href":"https:\/\/www.europesays.com\/fr\/wp-json\/wp\/v2\/types\/post"}],"author":[{"embeddable":true,"href":"https:\/\/www.europesays.com\/fr\/wp-json\/wp\/v2\/users\/2"}],"replies":[{"embeddable":true,"href":"https:\/\/www.europesays.com\/fr\/wp-json\/wp\/v2\/comments?post=852483"}],"version-history":[{"count":0,"href":"https:\/\/www.europesays.com\/fr\/wp-json\/wp\/v2\/posts\/852483\/revisions"}],"wp:featuredmedia":[{"embeddable":true,"href":"https:\/\/www.europesays.com\/fr\/wp-json\/wp\/v2\/media\/852484"}],"wp:attachment":[{"href":"https:\/\/www.europesays.com\/fr\/wp-json\/wp\/v2\/media?parent=852483"}],"wp:term":[{"taxonomy":"category","embeddable":true,"href":"https:\/\/www.europesays.com\/fr\/wp-json\/wp\/v2\/categories?post=852483"},{"taxonomy":"post_tag","embeddable":true,"href":"https:\/\/www.europesays.com\/fr\/wp-json\/wp\/v2\/tags?post=852483"}],"curies":[{"name":"wp","href":"https:\/\/api.w.org\/{rel}","templated":true}]}}