{"id":85266,"date":"2025-05-08T20:57:09","date_gmt":"2025-05-08T20:57:09","guid":{"rendered":"https:\/\/www.europesays.com\/fr\/85266\/"},"modified":"2025-05-08T20:57:09","modified_gmt":"2025-05-08T20:57:09","slug":"larcheveque-de-lyon-salue-lelection-du-pape-leon-xiv","status":"publish","type":"post","link":"https:\/\/www.europesays.com\/fr\/85266\/","title":{"rendered":"l\u2019archev\u00eaque de Lyon salue l\u2019\u00e9lection du pape L\u00e9on XIV"},"content":{"rendered":"<p>\u00ab\u00a0Habemus papam\u00a0!\u00a0\u00bb Apr\u00e8s le conclave, la c\u00e9l\u00e8bre formule a resonn\u00e9 place Saint-Pierre (Vatican) ce jeudi 8\u00a0mai pour pr\u00e9senter la successeur de Fran\u00e7ois, l\u2019Am\u00e9ricain Robert Francis Prevost, nouveau pape sous le nom de L\u00e9on XIV.<\/p>\n<p>L\u2019occasion pour Mgr Olivier de Germay, archev\u00eaque de Lyon, de rappeller que \u00ab\u00a0pour nous catholiques, le chef de l\u2019\u00c9glise, c\u2019est le Christ. Il en est \u201cla T\u00eate\u201d\u00a0\u00bb. Il souligne que le successeur de Pierre \u00ab\u00a0exerce sur l\u2019\u00c9glise universelle un minist\u00e8re d\u2019unit\u00e9\u00a0\u00bb. Il salue un pontificat qui \u00ab\u00a0s\u2019inscrit dans la ligne du pape L\u00e9on XIII, qui a beaucoup d\u00e9velopp\u00e9 la doctrine sociale de l\u2019\u00c9glise\u00a0\u00bb.<\/p>\n<p>  Un appel \u00e0 la pri\u00e8re et \u00e0 la gratitude<\/p>\n<p><a href=\"https:\/\/www.leprogres.fr\/societe\/2025\/05\/08\/americain-modere-discret-qui-est-le-nouveau-pape-leon-xiv\" target=\"_blank\" rel=\"nofollow noopener\">Le nouvel \u00e9lu<\/a> , ancien pr\u00e9fet de la Congr\u00e9gation pour les \u00e9v\u00eaques et missionnaire en Am\u00e9rique latine, a insist\u00e9 dans son premier discours sur \u00ab\u00a0la paix qui est le premier don du Christ ressuscit\u00e9, un don \u00e0 recevoir et \u00e0 partager\u00a0\u00bb. Mgr de Germay y voit \u00ab\u00a0une invitation \u00e0 cheminer ensemble, \u00e0 constituer une \u00c9glise ouverte, accueillante et en dialogue\u00a0\u00bb, dans la continuit\u00e9 du <a href=\"https:\/\/www.leprogres.fr\/p\/pape-francois\" target=\"_blank\" rel=\"nofollow noopener\">pape Fran\u00e7ois<\/a>.<\/p>\n<p>L\u2019archev\u00eaque de Lyon invite tous les fid\u00e8les \u00e0 \u00ab\u00a0venir rendre gr\u00e2ces \u00e0 Dieu pour le don de ce nouveau pape\u00a0\u00bb lors d\u2019une messe d\u2019action de gr\u00e2ce ce vendredi 9\u00a0mai \u00e0 18\u00a0h \u00e0 la primatiale Saint-Jean (Lyon 5e).<\/p>\n","protected":false},"excerpt":{"rendered":"\u00ab\u00a0Habemus papam\u00a0!\u00a0\u00bb Apr\u00e8s le conclave, la c\u00e9l\u00e8bre formule a resonn\u00e9 place Saint-Pierre (Vatican) ce jeudi 8\u00a0mai pour pr\u00e9senter&hellip;\n","protected":false},"author":2,"featured_media":85267,"comment_status":"","ping_status":"","sticky":false,"template":"","format":"standard","meta":{"footnotes":""},"categories":[1889],"tags":[1111,11,2430,2757,1777,674,107,1011,27,2428,2756,12,5889,25,2429,104],"class_list":{"0":"post-85266","1":"post","2":"type-post","3":"status-publish","4":"format-standard","5":"has-post-thumbnail","7":"category-lyon","8":"tag-actu","9":"tag-actualites","10":"tag-auvergne-rhone-alpes","11":"tag-edition-lyon-villeurbanne","12":"tag-eu","13":"tag-europe","14":"tag-fil-info","15":"tag-fr","16":"tag-france","17":"tag-lyon","18":"tag-lyon-bassin","19":"tag-news","20":"tag-religion-croyance","21":"tag-republique-francaise","22":"tag-rhone","23":"tag-societe"},"share_on_mastodon":{"url":"https:\/\/pubeurope.com\/@fr\/114474217873947169","error":""},"_links":{"self":[{"href":"https:\/\/www.europesays.com\/fr\/wp-json\/wp\/v2\/posts\/85266","targetHints":{"allow":["GET"]}}],"collection":[{"href":"https:\/\/www.europesays.com\/fr\/wp-json\/wp\/v2\/posts"}],"about":[{"href":"https:\/\/www.europesays.com\/fr\/wp-json\/wp\/v2\/types\/post"}],"author":[{"embeddable":true,"href":"https:\/\/www.europesays.com\/fr\/wp-json\/wp\/v2\/users\/2"}],"replies":[{"embeddable":true,"href":"https:\/\/www.europesays.com\/fr\/wp-json\/wp\/v2\/comments?post=85266"}],"version-history":[{"count":0,"href":"https:\/\/www.europesays.com\/fr\/wp-json\/wp\/v2\/posts\/85266\/revisions"}],"wp:featuredmedia":[{"embeddable":true,"href":"https:\/\/www.europesays.com\/fr\/wp-json\/wp\/v2\/media\/85267"}],"wp:attachment":[{"href":"https:\/\/www.europesays.com\/fr\/wp-json\/wp\/v2\/media?parent=85266"}],"wp:term":[{"taxonomy":"category","embeddable":true,"href":"https:\/\/www.europesays.com\/fr\/wp-json\/wp\/v2\/categories?post=85266"},{"taxonomy":"post_tag","embeddable":true,"href":"https:\/\/www.europesays.com\/fr\/wp-json\/wp\/v2\/tags?post=85266"}],"curies":[{"name":"wp","href":"https:\/\/api.w.org\/{rel}","templated":true}]}}