{"id":852700,"date":"2026-04-07T08:20:18","date_gmt":"2026-04-07T08:20:18","guid":{"rendered":"https:\/\/www.europesays.com\/fr\/852700\/"},"modified":"2026-04-07T08:20:18","modified_gmt":"2026-04-07T08:20:18","slug":"32e-edition-du-festival-national-danimation-cette-semaine-a-rennes","status":"publish","type":"post","link":"https:\/\/www.europesays.com\/fr\/852700\/","title":{"rendered":"32e \u00e9dition du Festival national d\u2019animation cette semaine \u00e0 Rennes"},"content":{"rendered":"<p><img decoding=\"async\" class=\"\" style=\"width:100%;max-width:100%\" src=\"https:\/\/www.europesays.com\/fr\/wp-content\/uploads\/2026\/04\/soir_e_d_ouverture__GWENDAL_LE_FLEM_7_jpg11775545154007-format16by9.jpg\" alt=\"Plusieurs milliers de spectateurs sont attendus toute la semaine \u00e0 Rennes. \"\/><\/p>\n<p>Plusieurs milliers de spectateurs sont attendus toute la semaine \u00e0 Rennes. <\/p>\n<p>Cr\u00e9dit : Gwendal Le Flem<\/p>\n<p>Les films d\u2019animation sont \u00e0 l\u2019honneur cette semaine \u00e0 Rennes. D\u00e9but ce mardi 7 avril, et durant toute la semaine, jusqu\u2019au dimanche 12 avril, de la <strong><a href=\"https:\/\/festival-film-animation.fr\/\" rel=\"noopener nofollow\" target=\"_blank\">32e \u00e9dition du Festival national d\u2019animation<\/a><\/strong>. Cette date est m\u00eame devenue <strong>la deuxi\u00e8me plus importante en France apr\u00e8s celle d\u2019Annecy<\/strong>. \u00ab\u00a0Cette ann\u00e9e, <strong>on a s\u00e9lectionn\u00e9 pr\u00e8s de 150 films, 69 seront en comp\u00e9tition<\/strong>. Ces \u0153uvres, on pourra les voir dans plus de 80 s\u00e9ances r\u00e9parties jusqu\u2019\u00e0 dimanche. Le but, c\u2019est vraiment de faire une photographie de ce qu\u2019il s\u2019est pass\u00e9 en 2025 pour l\u2019animation fran\u00e7aise\u00a0\u00bb, explique Jeanne Frommer, la programmatrice du festival.<\/p>\n<p>Lors de la pr\u00e9c\u00e9dente \u00e9dition, <strong>plus de 21 000 spectateurs sont venus dans les salles obscures rennaises<\/strong>,<strong> <\/strong>car le cin\u00e9ma d\u2019animation est la Bretagne, c\u2019est une histoire qui fonctionne bien.<\/p>\n<blockquote>\n<p>\u00ab\u00a0En fait, <strong>il y a deux studios phares ici<\/strong>. Ils donnent cette tonalit\u00e9 au territoire breton, et \u00e7a fait que beaucoup de techniciens se sont install\u00e9s en Bretagne et travaillent dans l&rsquo;un et l&rsquo;autre de ces studios. On va dire que <strong>\u00e7a structure l&rsquo;\u00e9cosyst\u00e8me de l&rsquo;animation bretonne.<\/strong> Il y aussi des \u00e9coles d&rsquo;animation sur ce territoire, qui font qu&rsquo;il y a beaucoup d&rsquo;\u00e9tudiants qui ensuite restent en Bretagne et deviennent des professionnels. Donc voil\u00e0, <strong>la Bretagne est identifi\u00e9e effectivement comme un territoire fort de l\u2019animation en France\u00a0\u00bb<\/strong>, relate Isabelle Vanini, d\u00e9l\u00e9gu\u00e9e g\u00e9n\u00e9rale de l\u2019association fran\u00e7aise du cin\u00e9ma d\u2019animation.<\/p>\n<\/blockquote>\n<p><img decoding=\"async\" class=\"\" style=\"width:100%\" src=\"https:\/\/www.europesays.com\/fr\/wp-content\/uploads\/2026\/04\/C_r_monie_des_Grands_Prix__GWENDAL_LE_FLEM_7_jpg11775536956761.jpg\" alt=\"Isabelle Vanini, d\u00e9l\u00e9gu\u00e9e g\u00e9n\u00e9rale de l'Afca et Jeanne Frommer, programmatrice du festival.\"\/><\/p>\n<p>Isabelle Vanini, d\u00e9l\u00e9gu\u00e9e g\u00e9n\u00e9rale de l&rsquo;Afca et Jeanne Frommer, programmatrice du festival.<\/p>\n<p>Cr\u00e9dit : Gwendal Le Flem<\/p>\n<p>\u00a0<\/p>\n<p>Plusieurs temps forts<\/p>\n<p>Parmi les moments importants de cette semaine, il y a bien s\u00fbr l\u2019ouverture du festival. Il <strong>commence donc ce mardi 7 avril, \u00e0 20h30, au Th\u00e9\u00e2tre National de Bretagne<\/strong> avec la diffusion en avant-premi\u00e8re du film Bouchra.<\/p>\n<p>Un autre moment fort de cette \u00e9dition sera mercredi 8 avril, \u00e0 16h, avec la projection du dernier film d\u2019animation de Michel Ocelot, Les Lapins 3 Oreilles.<\/p>\n<blockquote>\n<p>\u00ab\u00a0C\u2019est lui qui a r\u00e9alis\u00e9 <strong>Kirikou et la Sorci\u00e8re, Azur et Asmar ou encore Princes et princesses<\/strong>. Bref, c&rsquo;est vraiment <strong>un tr\u00e8s grand nom du cin\u00e9ma d\u2019animation<\/strong>. L\u00e0 de pouvoir avoir son dernier film, qui est un projet tr\u00e8s particulier, puisque <strong>c&rsquo;est une production seulement faite pour \u00eatre diffus\u00e9e soit dans un d\u00f4me ou soit dans un plan\u00e9tarium.<\/strong> Et donc nous allons pouvoir projeter ce film dans le plan\u00e9tarium de Rennes\u00a0! Pour nous, c&rsquo;est vraiment un \u00e9v\u00e9nement de pouvoir proposer \u00e7a et de <strong>montrer toute la diversit\u00e9 des formats de ce cin\u00e9ma\u00a0\u00bb<\/strong>, d\u00e9peint Jeanne Frommer.<\/p>\n<\/blockquote>\n<p>Ensuite, le film sera visible du jeudi au dimanche avec une s\u00e9ance les jeudis, et vendredis et quatre s\u00e9ances les samedis et dimanches, toujours dans le plan\u00e9tarium rennais.<\/p>\n<p>Et si le Th\u00e9\u00e2tre national de Bretagne sera l\u2019\u00e9picentre du festival, de nombreux autres lieux seront mis \u00e0 l\u2019honneur, comme <strong>le Mus\u00e9e des Beaux-arts de Rennes, les Champs Libres ou encore le Cin\u00e9ma Arvor<\/strong>. Ils seront tous des endroits cl\u00e9s de cette 32e \u00e9dition.<\/p>\n","protected":false},"excerpt":{"rendered":"Plusieurs milliers de spectateurs sont attendus toute la semaine \u00e0 Rennes. Cr\u00e9dit : Gwendal Le Flem Les films&hellip;\n","protected":false},"author":2,"featured_media":852701,"comment_status":"","ping_status":"","sticky":false,"template":"","format":"standard","meta":{"footnotes":"","_share_on_mastodon":"0"},"categories":[2821],"tags":[1111,11,3734,829,650,11062,1777,674,849,92345,1346,1011,27,80958,12,584,25,92344],"class_list":["post-852700","post","type-post","status-publish","format-standard","has-post-thumbnail","category-rennes","tag-actu","tag-actualites","tag-art","tag-bretagne","tag-cinema","tag-cinema-danimation","tag-eu","tag-europe","tag-festival","tag-festival-national-danimation","tag-films","tag-fr","tag-france","tag-michel-ocelot","tag-news","tag-rennes","tag-republique-francaise","tag-theatre-national-bretagne"],"share_on_mastodon":{"url":"https:\/\/pubeurope.com\/@fr\/116362453222610302","error":""},"_links":{"self":[{"href":"https:\/\/www.europesays.com\/fr\/wp-json\/wp\/v2\/posts\/852700","targetHints":{"allow":["GET"]}}],"collection":[{"href":"https:\/\/www.europesays.com\/fr\/wp-json\/wp\/v2\/posts"}],"about":[{"href":"https:\/\/www.europesays.com\/fr\/wp-json\/wp\/v2\/types\/post"}],"author":[{"embeddable":true,"href":"https:\/\/www.europesays.com\/fr\/wp-json\/wp\/v2\/users\/2"}],"replies":[{"embeddable":true,"href":"https:\/\/www.europesays.com\/fr\/wp-json\/wp\/v2\/comments?post=852700"}],"version-history":[{"count":0,"href":"https:\/\/www.europesays.com\/fr\/wp-json\/wp\/v2\/posts\/852700\/revisions"}],"wp:featuredmedia":[{"embeddable":true,"href":"https:\/\/www.europesays.com\/fr\/wp-json\/wp\/v2\/media\/852701"}],"wp:attachment":[{"href":"https:\/\/www.europesays.com\/fr\/wp-json\/wp\/v2\/media?parent=852700"}],"wp:term":[{"taxonomy":"category","embeddable":true,"href":"https:\/\/www.europesays.com\/fr\/wp-json\/wp\/v2\/categories?post=852700"},{"taxonomy":"post_tag","embeddable":true,"href":"https:\/\/www.europesays.com\/fr\/wp-json\/wp\/v2\/tags?post=852700"}],"curies":[{"name":"wp","href":"https:\/\/api.w.org\/{rel}","templated":true}]}}