{"id":85312,"date":"2025-05-08T21:24:09","date_gmt":"2025-05-08T21:24:09","guid":{"rendered":"https:\/\/www.europesays.com\/fr\/85312\/"},"modified":"2025-05-08T21:24:09","modified_gmt":"2025-05-08T21:24:09","slug":"jamel-debbouze-sa-femme-melissa-theuriau-fait-sensation-en-robe-de-mariee-sur-instagram","status":"publish","type":"post","link":"https:\/\/www.europesays.com\/fr\/85312\/","title":{"rendered":"Jamel Debbouze : sa femme M\u00e9lissa Theuriau fait sensation en robe de mari\u00e9e sur Instagram"},"content":{"rendered":"<p>Le temps passe vite. Cela fait <strong>17 ans<\/strong> que <strong>M\u00e9lissa Theuriau et Jamel Debbouze<\/strong> se sont dit oui pour la vie. Et l&rsquo;humoriste a souhait\u00e9 mettre en lumi\u00e8re cette date symbolique, ce fameux 7 mai 2008.<\/p>\n<p>Sur son compte Instagram, celui-ci a partag\u00e9 un <strong>tendre clich\u00e9 de leur mariage <\/strong>et il n&rsquo;est pas pass\u00e9 inaper\u00e7u&#8230; Surtout qu&rsquo;il \u00e9tait suivi d&rsquo;une autre photo o\u00f9 <strong>l&rsquo;humoriste se trouvait au Parc des Princes.<\/strong><\/p>\n<p>Jamel Debbouze et M\u00e9lissa Theuriau, une love story digne d&rsquo;un film<\/p>\n<p>Sur la photo publi\u00e9e en story, on d\u00e9couvre <strong><a href=\"https:\/\/www.public.fr\/melissa-theuriau-dans-la-tourmente-un-scandale-sexuel-eclate\" rel=\"nofollow noopener\" target=\"_blank\">M\u00e9lissa Theuriau<\/a> dans une magnifique robe de mari\u00e9e blanche. <\/strong>Elle est <strong>pench\u00e9e vers son mari<\/strong> et lui glisse quelque chose \u00e0 l&rsquo;oreille, ce qui prouve tout de suite leur grande complicit\u00e9. Sous la photo, Jaml Debbouze a <strong>simplement \u00e9crit \u201c17 ans\u201d<\/strong>, accompagn\u00e9e de plusieurs emojis et d&rsquo;un c\u0153ur. Sobre, \u00e9l\u00e9gant, efficace. Pas besoin de faire de longues d\u00e9clarations pour comprendre que ces deux-l\u00e0 se sont bel et bien trouv\u00e9s.<\/p>\n<p>En <strong>2008<\/strong>, leur union avait d\u00e9j\u00e0 \u00e9t\u00e9 remarqu\u00e9e. En effet, le couple s\u2019\u00e9tait mari\u00e9 <strong>deux fois la m\u00eame ann\u00e9e<\/strong>. Une premi\u00e8re fois \u00e0 Cernay, puis une seconde lors d\u2019une somptueuse c\u00e9r\u00e9monie au Maroc, selon Purepeople. Les invit\u00e9s avaient m\u00eame \u00e9t\u00e9 <strong>transport\u00e9s en avion priv\u00e9<\/strong> pour rejoindre Marrakech et c\u00e9l\u00e9brer leur amour <strong>dans le riad de Jamel Debbouze<\/strong>, un <strong>domaine de cinq hectares<\/strong>. Trois jours de f\u00eates, un concert, une c\u00e9r\u00e9monie de henn\u00e9&#8230; bref, <strong>un vrai mariage de star<\/strong>, digne d&rsquo;un conte des mille et une nuits.<\/p>\n<p>Depuis, M\u00e9lissa Theuriau et Jamel Debbouze ont eu <strong>deux enfants, L\u00e9on en 2008 et Lila en 2011.<\/strong> Et malgr\u00e9 le temps qui passe, leur couple semble plus solide que jamais. \u201cSi on est toujours aussi amoureux, si on continue de s\u2019admirer, je pense que c\u2019est gr\u00e2ce \u00e0 cette libert\u00e9 qu\u2019on s\u2019est toujours accord\u00e9e\u201d, a confi\u00e9 la journaliste \u00e0 Psychologies. La preuve de leur libert\u00e9, Jamel Debbouze n\u2019\u00e9tait pas aux c\u00f4t\u00e9s de son \u00e9pouse pour cette date importante.<\/p>\n<p><img loading=\"lazy\" decoding=\"async\" width=\"504\" height=\"898\" src=\"https:\/\/www.europesays.com\/fr\/wp-content\/uploads\/2025\/05\/Instagram-Jamel-Debbouze.jpg\" alt=\"Jamel Debbouze : sa femme Melissa Theuriau fait sensation en robe de mari\u00e9e sur Instagram\"  \/><\/p>\n<p>Instagram@jameldebbouze<\/p>\n<p>Un anniversaire de mariage&#8230; au Parc des Princes<\/p>\n<p>Sur la seconde photo, on voit Jamel Debbouze dans les tribunes d&rsquo;un match de football au Parc des Princes. Il assiste \u00e0 la rencontre <strong>PSG-Arsenal <\/strong>avec son fils L\u00e9on, mais <strong>aussi Tony Parker, DJ Snake, <a href=\"https:\/\/www.public.fr\/omar-sy-nouvelle-revelation-de-kerry-washington-sur-leur-relation-tout-a-demarre-sur-instagram\" rel=\"nofollow noopener\" target=\"_blank\">Omar Sy <\/a>ou encore Pierre Gasly<\/strong>. Autant dire qu\u2019il n\u2019\u00e9tait pas mal entour\u00e9.<\/p>\n<p>La <strong>passion de l&rsquo;humoriste pour le foot et le PSG <\/strong>est bien connue, notamment de sa femme qui l&rsquo;accompagne parfois au stade. Mais, rien ne dit que le couple ne s&rsquo;est pas retrouv\u00e9 plus tard, ou \u00e0 un autre moment, pour une<strong> soir\u00e9e romantique, loin des projecteurs<\/strong>. C&rsquo;est peut-\u00eatre \u00e7a la cl\u00e9 de la long\u00e9vit\u00e9 de leur histoire : s&rsquo;aimer sans s&rsquo;enfermer et respecter les passions de chacun.<\/p>\n<p><img loading=\"lazy\" decoding=\"async\" width=\"505\" height=\"915\" src=\"https:\/\/www.europesays.com\/fr\/wp-content\/uploads\/2025\/05\/instagram-jameldebbouze-.jpg\" alt=\"Jamel Debbouze : sa femme Melissa Theuriau fait sensation en robe de mari\u00e9e sur Instagram\"  \/><\/p>\n<p>instagram@jameldebbouze<\/p>\n<p>      Mentionn\u00e9s dans cet article<\/p>\n<p>\u00c0 lire aussi<\/p>\n","protected":false},"excerpt":{"rendered":"Le temps passe vite. Cela fait 17 ans que M\u00e9lissa Theuriau et Jamel Debbouze se sont dit oui&hellip;\n","protected":false},"author":2,"featured_media":85313,"comment_status":"","ping_status":"","sticky":false,"template":"","format":"standard","meta":{"footnotes":""},"categories":[1359],"tags":[58,59,1011,27,8585,19368,973],"class_list":{"0":"post-85312","1":"post","2":"type-post","3":"status-publish","4":"format-standard","5":"has-post-thumbnail","7":"category-people","8":"tag-divertissement","9":"tag-entertainment","10":"tag-fr","11":"tag-france","12":"tag-jamel-debbouze","13":"tag-melissa-theuriau","14":"tag-people"},"share_on_mastodon":{"url":"https:\/\/pubeurope.com\/@fr\/114474324159649320","error":""},"_links":{"self":[{"href":"https:\/\/www.europesays.com\/fr\/wp-json\/wp\/v2\/posts\/85312","targetHints":{"allow":["GET"]}}],"collection":[{"href":"https:\/\/www.europesays.com\/fr\/wp-json\/wp\/v2\/posts"}],"about":[{"href":"https:\/\/www.europesays.com\/fr\/wp-json\/wp\/v2\/types\/post"}],"author":[{"embeddable":true,"href":"https:\/\/www.europesays.com\/fr\/wp-json\/wp\/v2\/users\/2"}],"replies":[{"embeddable":true,"href":"https:\/\/www.europesays.com\/fr\/wp-json\/wp\/v2\/comments?post=85312"}],"version-history":[{"count":0,"href":"https:\/\/www.europesays.com\/fr\/wp-json\/wp\/v2\/posts\/85312\/revisions"}],"wp:featuredmedia":[{"embeddable":true,"href":"https:\/\/www.europesays.com\/fr\/wp-json\/wp\/v2\/media\/85313"}],"wp:attachment":[{"href":"https:\/\/www.europesays.com\/fr\/wp-json\/wp\/v2\/media?parent=85312"}],"wp:term":[{"taxonomy":"category","embeddable":true,"href":"https:\/\/www.europesays.com\/fr\/wp-json\/wp\/v2\/categories?post=85312"},{"taxonomy":"post_tag","embeddable":true,"href":"https:\/\/www.europesays.com\/fr\/wp-json\/wp\/v2\/tags?post=85312"}],"curies":[{"name":"wp","href":"https:\/\/api.w.org\/{rel}","templated":true}]}}