{"id":85314,"date":"2025-05-08T21:25:10","date_gmt":"2025-05-08T21:25:10","guid":{"rendered":"https:\/\/www.europesays.com\/fr\/85314\/"},"modified":"2025-05-08T21:25:10","modified_gmt":"2025-05-08T21:25:10","slug":"la-casa-tobi-une-residence-cachee-dans-la-nature-a-oaxaca","status":"publish","type":"post","link":"https:\/\/www.europesays.com\/fr\/85314\/","title":{"rendered":"La Casa Tobi, une r\u00e9sidence cach\u00e9e dans la nature \u00e0 Oaxaca"},"content":{"rendered":"<p>Pour expliquer le processus conceptuel et cr\u00e9atif \u00e0 l\u2019origine de la Casa Tobi, l\u2019agence mexicaine Espacio 18 Arquitectura s\u2019est appuy\u00e9e sur les r\u00e9flexions de l\u2019architecte japonais Sou Fujimoto, qui \u00e9voque \u00ab un avenir o\u00f9 les principes primitifs de l\u2019architecture permettent l\u2019\u00e9volution de l\u2019espace habitable, fa\u00e7onn\u00e9 en fonction de son utilisation et du temps, et o\u00f9 l\u2019\u00e9chelle et la forme se refl\u00e8tent dans la vie de tous les jours \u00bb. Inspir\u00e9e par cette pens\u00e9e et port\u00e9e par le r\u00e9cit d\u2019une \u00ab architecture aux principes simples \u00bb, la Casa Tobi \u2013 ancr\u00e9e au c\u0153ur de la <a href=\"https:\/\/www.admagazine.fr\/adinspiration\/article\/inspirations-nature-interieur-tendances-deco\" rel=\"nofollow noopener\" target=\"_blank\">nature<\/a> mexicaine \u2013 cherche \u00e0 r\u00e9interpr\u00e9ter les \u00e9l\u00e9ments traditionnels de son contexte \u00e0 travers un regard ludique, invitant \u00e0 la d\u00e9couverte et \u00e0 la surprise.<\/p>\n<p>Gr\u00e2ce \u00e0 son emplacement, l\u2019espace social fonctionne comme un point de vue.<\/p>\n<p>C\u00e9sar Bejar<\/p>\n<p>La r\u00e9sidence est situ\u00e9e sur la c\u00f4te d\u2019Oaxaca, sur un terrain en pente raide qui descend vers l\u2019ouest ; depuis la maison, on peut voir les couchers de soleil et les vagues d\u00e9ferlantes du Pacifique. Le projet a voulu faire \u00e9cho \u00e0 son environnement avec une architecture qui se fond dans le <a href=\"https:\/\/www.admagazine.fr\/architecture\/portfolio\/diaporama\/7-maisons-en-pleine-nature-qui-se-fondent-dans-le-paysage\/62272\" rel=\"nofollow noopener\" target=\"_blank\">paysage<\/a> en \u00e9pousant le profil du terrain et en tenant compte des formes de la v\u00e9g\u00e9tation alentour.<\/p>\n<p>Les miroirs d\u2019eau r\u00e9partis dans la maison \u00e9voquent les cascades de Hierve el Agua.<\/p>\n<p>C\u00e9sar BejarL\u2019architecture en pleine nature<\/p>\n<p>L\u2019entr\u00e9e principale se situe au niveau sup\u00e9rieur, o\u00f9 une terrasse et un bassin accueillent les visiteurs. \u00ab Ce point d\u2019eau refl\u00e8te non seulement la jungle environnante et les teintes rouge\u00e2tres du coucher de soleil, mais apporte \u00e9galement de la fra\u00eecheur aux espaces sociaux du niveau inf\u00e9rieur \u00bb, explique l\u2019agence mexicaine, dirig\u00e9e par les <a href=\"https:\/\/www.admagazine.fr\/article\/idees-architectes-cloisonner-petit-espace\" rel=\"nofollow noopener\" target=\"_blank\">architectes<\/a> Carla Osorio et Mario \u00c1vila. Ils ajoutent qu\u2019il instaure une atmosph\u00e8re de paix et de contemplation, devenant le point de d\u00e9part d\u2019une exp\u00e9rience sensorielle liant intimement nature et architecture.<\/p>\n","protected":false},"excerpt":{"rendered":"Pour expliquer le processus conceptuel et cr\u00e9atif \u00e0 l\u2019origine de la Casa Tobi, l\u2019agence mexicaine Espacio 18 Arquitectura&hellip;\n","protected":false},"author":2,"featured_media":85315,"comment_status":"","ping_status":"","sticky":false,"template":"","format":"standard","meta":{"footnotes":""},"categories":[1358],"tags":[1348,1384,1385,1386,58,59,1011,27,5697],"class_list":{"0":"post-85314","1":"post","2":"type-post","3":"status-publish","4":"format-standard","5":"has-post-thumbnail","7":"category-arts-et-design","8":"tag-arts","9":"tag-arts-and-design","10":"tag-arts-et-design","11":"tag-design","12":"tag-divertissement","13":"tag-entertainment","14":"tag-fr","15":"tag-france","16":"tag-mexique"},"share_on_mastodon":{"url":"https:\/\/pubeurope.com\/@fr\/114474328095052847","error":""},"_links":{"self":[{"href":"https:\/\/www.europesays.com\/fr\/wp-json\/wp\/v2\/posts\/85314","targetHints":{"allow":["GET"]}}],"collection":[{"href":"https:\/\/www.europesays.com\/fr\/wp-json\/wp\/v2\/posts"}],"about":[{"href":"https:\/\/www.europesays.com\/fr\/wp-json\/wp\/v2\/types\/post"}],"author":[{"embeddable":true,"href":"https:\/\/www.europesays.com\/fr\/wp-json\/wp\/v2\/users\/2"}],"replies":[{"embeddable":true,"href":"https:\/\/www.europesays.com\/fr\/wp-json\/wp\/v2\/comments?post=85314"}],"version-history":[{"count":0,"href":"https:\/\/www.europesays.com\/fr\/wp-json\/wp\/v2\/posts\/85314\/revisions"}],"wp:featuredmedia":[{"embeddable":true,"href":"https:\/\/www.europesays.com\/fr\/wp-json\/wp\/v2\/media\/85315"}],"wp:attachment":[{"href":"https:\/\/www.europesays.com\/fr\/wp-json\/wp\/v2\/media?parent=85314"}],"wp:term":[{"taxonomy":"category","embeddable":true,"href":"https:\/\/www.europesays.com\/fr\/wp-json\/wp\/v2\/categories?post=85314"},{"taxonomy":"post_tag","embeddable":true,"href":"https:\/\/www.europesays.com\/fr\/wp-json\/wp\/v2\/tags?post=85314"}],"curies":[{"name":"wp","href":"https:\/\/api.w.org\/{rel}","templated":true}]}}