{"id":85320,"date":"2025-05-08T21:28:10","date_gmt":"2025-05-08T21:28:10","guid":{"rendered":"https:\/\/www.europesays.com\/fr\/85320\/"},"modified":"2025-05-08T21:28:10","modified_gmt":"2025-05-08T21:28:10","slug":"un-nouvel-album-en-preparation-pour-la-chanteuse-indila","status":"publish","type":"post","link":"https:\/\/www.europesays.com\/fr\/85320\/","title":{"rendered":"Un nouvel album en pr\u00e9paration pour la chanteuse Indila\u00a0?"},"content":{"rendered":"<p>Il y a de ces artistes qui disparaissent pour mieux revenir. Onze ans apr\u00e8s son dernier album Mini world qui avait envahi les radios fran\u00e7aises avec ses titres Derni\u00e8re danse et Tourner dans le vide, <a href=\"https:\/\/www.20minutes.fr\/culture\/1315334-20140305-tout-savoir-indila-chanteuse-detrone-stromae\" target=\"_blank\" class=\"color-ultramarine c-link\" rel=\"noopener\">la chanteuse Indila<\/a> est pr\u00eate pour son grand retour, selon les informations du <a href=\"https:\/\/www.leparisien.fr\/culture-loisirs\/musique\/lalbum-est-fini-une-tournee-se-prepare-indila-enfin-de-retour-onze-ans-apres-derniere-danse-07-05-2025-BAUZNX3BK5EZDAL25R5YKK3AXI.php#:~:text=En%202023%2C%20Indila%20r%C3%A9appara%C3%AEt%20dans,explique%20alors%20Zaho%20sur%20Skyrock.\" target=\"_blank\" class=\"color-ultramarine c-link\" rel=\"noopener\">Parisien<\/a>.<\/p>\n<p>La chanteuse \u00e0 la musique aux influences arabes et indiennes qui avait re\u00e7u en\u00a02015, le prix de l\u2019album r\u00e9v\u00e9lation de l\u2019ann\u00e9e aux <a href=\"https:\/\/www.20minutes.fr\/arts-stars\/culture\/musique\/4138927-20250215-victoires-musique-2025-santa-zaho-sagazan-pierre-garnier-gims-grands-vainqueurs-annee\" target=\"_blank\" class=\"color-ultramarine c-link\" rel=\"noopener\">Victoires de la musique<\/a>, serait sur le point de sortir un nouveau disque. Il \u00ab\u00a0est fini depuis d\u00e9cembre et le master (l\u2019enregistrement original) rendu\u00a0\u00bb, confie \u00e0 nos confr\u00e8res un proche de la chanteuse. \u00ab\u00a0Elle veut garder l\u2019effet de surprise, c\u2019est sa marque de fabrique. La musique est finie, les singles sont choisis, elle peaufine l\u2019image. Et du synopsis \u00e0 la r\u00e9alisation, c\u2019est elle qui fait tout.\u00a0\u00bb<\/p>\n<\/p>\n<p>L\u2019artiste, tr\u00e8s discr\u00e8te, serait m\u00eame en train de pr\u00e9parer une tourn\u00e9e, ce qui n\u2019avait pas \u00e9t\u00e9 le cas lors de son pr\u00e9c\u00e9dent album.<\/p>\n<p>Aper\u00e7ue sur le pont de Bir-Hakeim<\/p>\n<p>Si la chanteuse ne s\u2019est pas exprim\u00e9e \u00e0 ce sujet, ces informations ne font que confirmer une rumeur qui circulait depuis plusieurs semaines sur les r\u00e9seaux sociaux. Le 27 mars, l\u2019artiste a \u00e9t\u00e9 aper\u00e7ue par des riverains, chantant en robe rose poudr\u00e9e sur le pont de Bir-Hakeim. Probablement dans le cadre du tournage d\u2019un nouveau clip\u00a0?<\/p>\n<p class=\"mb-m@xs text-l@xs\">En cliquant sur\u00ab J\u2019accepte \u00bb, vous acceptez le d\u00e9p\u00f4t de cookies par des services externes et aurez ainsi acc\u00e8s aux contenus de nos partenaires.<\/p>\n<p class=\"mb-xl@xs text-s@xs\">Plus d\u2019informations sur la page<a href=\"https:\/\/www.20minutes.fr\/gestion-cookies\" class=\"mx-xxs@xs color-ultramarine\" target=\"_blank\" rel=\"noopener\">Politique de gestion des cookies<\/a><\/p>\n<p>J\u2019accepte<\/p>\n<p>Avec 10,6\u00a0millions d\u2019auditeurs par mois sur Spotify, la Parisienne n\u2019est jamais r\u00e9ellement sortie des playlists et ce, m\u00eame \u00e0 l\u2019\u00e9tranger. Selon un <a href=\"https:\/\/newsroom.spotify.com\/2024-09-30\/les-auditeurs-du-monde-entier-plebiscitent-les-contenus-en-francais-sur-spotify\/\" target=\"_blank\" class=\"color-ultramarine c-link\" rel=\"noopener\">classement publi\u00e9 par la plateforme<\/a> de musique en septembre\u00a02024, le titre Derni\u00e8re danse est le deuxi\u00e8me titre francophone le plus \u00e9cout\u00e9 dans le monde, juste devant Alors on danse de Stromae.<\/p>\n<p>Pour l\u2019heure, aucune date concernant la sortie d\u2019un possible album n\u2019a \u00e9t\u00e9 annonc\u00e9e.<\/p>\n","protected":false},"excerpt":{"rendered":"Il y a de ces artistes qui disparaissent pour mieux revenir. Onze ans apr\u00e8s son dernier album Mini&hellip;\n","protected":false},"author":2,"featured_media":85321,"comment_status":"","ping_status":"","sticky":false,"template":"","format":"standard","meta":{"footnotes":""},"categories":[1355],"tags":[1692,1697,251,58,59,1011,27,662,1361,873,626,4441],"class_list":{"0":"post-85320","1":"post","2":"type-post","3":"status-publish","4":"format-standard","5":"has-post-thumbnail","7":"category-musique","8":"tag-album","9":"tag-concert","10":"tag-culture","11":"tag-divertissement","12":"tag-entertainment","13":"tag-fr","14":"tag-france","15":"tag-ile-de-france","16":"tag-music","17":"tag-musique","18":"tag-paris","19":"tag-tournee"},"share_on_mastodon":{"url":"https:\/\/pubeurope.com\/@fr\/114474339739341616","error":""},"_links":{"self":[{"href":"https:\/\/www.europesays.com\/fr\/wp-json\/wp\/v2\/posts\/85320","targetHints":{"allow":["GET"]}}],"collection":[{"href":"https:\/\/www.europesays.com\/fr\/wp-json\/wp\/v2\/posts"}],"about":[{"href":"https:\/\/www.europesays.com\/fr\/wp-json\/wp\/v2\/types\/post"}],"author":[{"embeddable":true,"href":"https:\/\/www.europesays.com\/fr\/wp-json\/wp\/v2\/users\/2"}],"replies":[{"embeddable":true,"href":"https:\/\/www.europesays.com\/fr\/wp-json\/wp\/v2\/comments?post=85320"}],"version-history":[{"count":0,"href":"https:\/\/www.europesays.com\/fr\/wp-json\/wp\/v2\/posts\/85320\/revisions"}],"wp:featuredmedia":[{"embeddable":true,"href":"https:\/\/www.europesays.com\/fr\/wp-json\/wp\/v2\/media\/85321"}],"wp:attachment":[{"href":"https:\/\/www.europesays.com\/fr\/wp-json\/wp\/v2\/media?parent=85320"}],"wp:term":[{"taxonomy":"category","embeddable":true,"href":"https:\/\/www.europesays.com\/fr\/wp-json\/wp\/v2\/categories?post=85320"},{"taxonomy":"post_tag","embeddable":true,"href":"https:\/\/www.europesays.com\/fr\/wp-json\/wp\/v2\/tags?post=85320"}],"curies":[{"name":"wp","href":"https:\/\/api.w.org\/{rel}","templated":true}]}}