{"id":85395,"date":"2025-05-08T22:17:10","date_gmt":"2025-05-08T22:17:10","guid":{"rendered":"https:\/\/www.europesays.com\/fr\/85395\/"},"modified":"2025-05-08T22:17:10","modified_gmt":"2025-05-08T22:17:10","slug":"les-etats-unis-veulent-depenser-des-milliards-pour-renover-le-systeme-vieillissant-de-controle-du-trafic-aerien-08-05-2025-a-2321","status":"publish","type":"post","link":"https:\/\/www.europesays.com\/fr\/85395\/","title":{"rendered":"Les \u00c9tats-Unis veulent d\u00e9penser des milliards pour r\u00e9nover le syst\u00e8me vieillissant de contr\u00f4le du trafic a\u00e9rien &#8211; 08\/05\/2025 \u00e0 23:21"},"content":{"rendered":"<p>\n ((Traduction automatis\u00e9e par Reuters, veuillez consulter la clause<br \/>\nde non-responsabilit\u00e9 https:\/\/bit.ly\/rtrsauto))\n<\/p>\n<p>\n *\n<\/p>\n<p>\n Les compagnies a\u00e9riennes estiment qu&rsquo;au moins 31 milliards<br \/>\nde<br \/>\ndollars sont n\u00e9cessaires\n<\/p>\n<p>\n *\n<\/p>\n<p>\n L&rsquo;administration Trump veut des milliards pour de nouveaux<br \/>\nradars, \u00e9quipements et installations\n<\/p>\n<p>\n *\n<\/p>\n<p>\n Le Congr\u00e8s devrait d\u00e9cider du financement total dans les<br \/>\nmois \u00e0<br \/>\nvenir\n<\/p>\n<p>\n (Ajout des citations de Duffy, paragraphe 3, 10-11, des d\u00e9tails<br \/>\ndu plan, paragraphe 4, et du commentaire du directeur g\u00e9n\u00e9ral de<br \/>\nSouthwest, paragraphes 7-8)<br \/>\npar David Shepardson\n<\/p>\n<p>\n Le secr\u00e9taire am\u00e9ricain aux<br \/>\ntransports, Sean Duffy, a d\u00e9voil\u00e9 jeudi un plan visant \u00e0<br \/>\ndemander au Congr\u00e8s des milliards de dollars pour moderniser le<br \/>\nsyst\u00e8me vieillissant de contr\u00f4le du trafic a\u00e9rien am\u00e9ricain afin<br \/>\nde rem\u00e9dier \u00e0 l&rsquo;encombrement des a\u00e9roports, aux retards des vols<br \/>\net \u00e0 la s\u00e9curit\u00e9.\n<\/p>\n<p>\n Le programme comprendra la mise \u00e0 niveau des syst\u00e8mes de radar<br \/>\net de t\u00e9l\u00e9communications, des tours de contr\u00f4le du trafic a\u00e9rien<br \/>\net d&rsquo;autres installations, ainsi que l&rsquo;augmentation du personnel<br \/>\ndes contr\u00f4leurs a\u00e9riens.\n<\/p>\n<p>\n \u00ab\u00a0Le syst\u00e8me que nous avons ici ne vaut pas la peine d&rsquo;\u00eatre<br \/>\nsauv\u00e9\u00a0\u00bb, a d\u00e9clar\u00e9 M. Duffy lors d&rsquo;un \u00e9v\u00e9nement annon\u00e7ant cette<br \/>\ninitiative, estimant que le projet prendrait trois \u00e0 quatre ans.<br \/>\n\u00ab\u00a0Nous devons en fait construire un tout nouveau syst\u00e8me de<br \/>\ncontr\u00f4le du trafic a\u00e9rien \u00e0 la pointe de la technologie  &#8230; .<br \/>\nNous avons laiss\u00e9 tra\u00eener les choses bien trop longtemps\n<\/p>\n<p>\n L&rsquo;administration f\u00e9d\u00e9rale de l&rsquo;aviation souhaite obtenir des<br \/>\nfonds pour acheter de nouvelles radios, des connexions r\u00e9seau et<br \/>\nremplacer 618 radars, installer une technologie anti-collision<br \/>\nsur le tarmac de 200 a\u00e9roports, construire six nouveaux centres<br \/>\nde contr\u00f4le du trafic a\u00e9rien et \u00e9tendre son r\u00e9seau ADS-B<br \/>\nd&rsquo;informations en temps r\u00e9el sur le trafic des a\u00e9ronefs.\n<\/p>\n<p>\n \u00ab\u00a0Il est plus que temps de r\u00e9gler ce probl\u00e8me\u00a0\u00bb, a d\u00e9clar\u00e9 Chris<br \/>\nRocheleau, administrateur par int\u00e9rim de la FAA.\n<\/p>\n<p>\n Le pr\u00e9sident Donald Trump () a d\u00e9clar\u00e9 que<br \/>\nl&rsquo;administration pourrait confier \u00e0 une seule entreprise la<br \/>\nsupervision de cet \u00e9norme projet.\n<\/p>\n<p>\n \u00ab\u00a0Nous sommes maintenant sur le march\u00e9 pour acheter un<br \/>\nmagnifique syst\u00e8me flambant neuf\u00a0\u00bb, a-t-il d\u00e9clar\u00e9.\n<\/p>\n<p>\n M. Duffy, accompagn\u00e9 de cinq directeur g\u00e9n\u00e9ral de compagnies<br \/>\na\u00e9riennes et de cadres sup\u00e9rieurs de Boeing<br \/>\n <a href=\"https:\/\/www.boursorama.com\/cours\/BA\/\" rel=\"nofollow noopener\" target=\"_blank\"><br \/>\n  BA.N<br \/>\n <\/a><br \/>\n et d&rsquo;Airbus\n<\/p>\n<p>\n <a href=\"https:\/\/www.boursorama.com\/cours\/1rPAIR\/\" rel=\"nofollow noopener\" target=\"_blank\"><br \/>\n  AIR.PA<br \/>\n <\/a><br \/>\n , n&rsquo;a pas fix\u00e9 de chiffre pr\u00e9cis pour la refonte dont il<br \/>\na d\u00e9j\u00e0 estim\u00e9 qu&rsquo;elle co\u00fbterait \u00ab\u00a0des dizaines de milliards de<br \/>\ndollars\u00a0\u00bb\n<\/p>\n<p>\n Le directeur g\u00e9n\u00e9ral de Southwest Airlines<br \/>\n <a href=\"https:\/\/www.boursorama.com\/cours\/LUV\/\" rel=\"nofollow noopener\" target=\"_blank\"><br \/>\n  LUV.N<br \/>\n <\/a><br \/>\n , Bob Jordan,<br \/>\na d\u00e9clar\u00e9 qu&rsquo;il \u00e9tait temps d&rsquo;agir.\n<\/p>\n<p>\n \u00ab\u00a0Il y a un large consensus sur le fait que nous avons un<br \/>\nprobl\u00e8me\u00a0\u00bb, a d\u00e9clar\u00e9 M. Jordan. \u00ab\u00a0Il nous faudra tous, de<br \/>\nl&rsquo;argent, des efforts et beaucoup de volont\u00e9 pour y parvenir\n<\/p>\n<p>\n Les probl\u00e8mes du r\u00e9seau de contr\u00f4le du trafic a\u00e9rien de la FAA<br \/>\nsont connus depuis des ann\u00e9es, mais une s\u00e9rie d&rsquo;accidents tr\u00e8s<br \/>\nm\u00e9diatis\u00e9s, de quasi-accidents et un crash catastrophique en<br \/>\njanvier ont suscit\u00e9 l&rsquo;inqui\u00e9tude de l&rsquo;opinion publique et de<br \/>\nnouveaux appels \u00e0 l&rsquo;action.\n<\/p>\n<p>\n M. Duffy a d\u00e9clar\u00e9 que le plan n\u00e9cessitait un engagement plus<br \/>\nimportant de la part des entreprises impliqu\u00e9es dans la r\u00e9forme.<br \/>\nIl a indiqu\u00e9 qu&rsquo;il s&rsquo;entretenait toutes les deux semaines avec<br \/>\nle directeur g\u00e9n\u00e9ral de Verizon<br \/>\n <a href=\"https:\/\/www.boursorama.com\/cours\/VZ\/\" rel=\"nofollow noopener\" target=\"_blank\"><br \/>\n  VZ.N<br \/>\n <\/a><br \/>\n , Hans Vestberg, sur les<br \/>\nefforts de r\u00e9forme qui ont conduit \u00e0 des am\u00e9liorations. Verizon<br \/>\na remport\u00e9 un contrat de 2,4 milliards de dollars de la FAA<br \/>\n en 2023 pour remplacer les \u00e9quipements de<br \/>\nt\u00e9l\u00e9communications obsol\u00e8tes.\n<\/p>\n<p>\n M. Duffy a d\u00e9clar\u00e9 qu&rsquo;il ne pouvait pas s&rsquo;engager \u00e0 ce que le<br \/>\nprojet Starlink d&rsquo;Elon Musk, proche alli\u00e9 de M. Trump, ()<br \/>\nfasse partie de la r\u00e9forme.\n<\/p>\n<p>\n Des proches de certaines des 67 personnes tu\u00e9es le 29 janvier<br \/>\nlors de la collision a\u00e9rienne  entre un h\u00e9licopt\u00e8re de<br \/>\nl&rsquo;arm\u00e9e am\u00e9ricaine et un avion r\u00e9gional d&rsquo;American Airlines ont<br \/>\n\u00e9galement assist\u00e9 \u00e0 l&rsquo;annonce.\n<\/p>\n<p>\n Duffy a d\u00e9clar\u00e9 qu&rsquo;il souhaitait un nouveau financement pour<br \/>\nl&rsquo;\u00e9quipement des a\u00e9roports afin de pr\u00e9venir les incidents \u00e9vit\u00e9s<br \/>\nde justesse et de nouvelles incitations pour stimuler l&#8217;embauche<br \/>\net la r\u00e9tention des contr\u00f4leurs a\u00e9riens , o\u00f9 il manque 3<br \/>\n500 personnes par rapport \u00e0 l&rsquo;objectif fix\u00e9.\n<\/p>\n<p>\n Au cours de son premier mandat en 2017, Trump a propos\u00e9 de<br \/>\nprivatiser le contr\u00f4le du trafic a\u00e9rien , mais le Congr\u00e8s<br \/>\nn&rsquo;a jamais donn\u00e9 suite \u00e0 sa proposition. Duffy a exclu jeudi de<br \/>\nchercher \u00e0 privatiser la FAA.\n<\/p>\n<p>\n Les compagnies a\u00e9riennes et d&rsquo;autres ont appel\u00e9 jeudi \u00e0 des<br \/>\nd\u00e9penses d&rsquo;au moins 31 milliards de dollars. Un groupe d&rsquo;experts<br \/>\nde la Chambre des repr\u00e9sentants des \u00c9tats-Unis a propos\u00e9 12,5<br \/>\nmilliards de dollars de d\u00e9penses initiales pour la r\u00e9forme du<br \/>\ncontr\u00f4le du trafic a\u00e9rien, dont 2,5 milliards de dollars pour le<br \/>\nremplacement des tours de contr\u00f4le du trafic a\u00e9rien et des tours<br \/>\nsous contrat.<\/p>\n","protected":false},"excerpt":{"rendered":"((Traduction automatis\u00e9e par Reuters, veuillez consulter la clause de non-responsabilit\u00e9 https:\/\/bit.ly\/rtrsauto)) * Les compagnies a\u00e9riennes estiment qu&rsquo;au moins&hellip;\n","protected":false},"author":2,"featured_media":8061,"comment_status":"","ping_status":"","sticky":false,"template":"","format":"standard","meta":{"footnotes":""},"categories":[1589],"tags":[400,11,398,408,405,73,1866,403,402,399,404,12,401,406,1864,1865,1863,308,407],"class_list":{"0":"post-85395","1":"post","2":"type-post","3":"status-publish","4":"format-standard","5":"has-post-thumbnail","7":"category-etats-unis","8":"tag-action-cac-40","9":"tag-actualites","10":"tag-bourse-de-paris","11":"tag-boursorama","12":"tag-cotations","13":"tag-etats-unis","14":"tag-etats-unis-damerique","15":"tag-indices-devises","16":"tag-investir","17":"tag-investissement","18":"tag-marche-boursier","19":"tag-news","20":"tag-sicav","21":"tag-trackers","22":"tag-united-states","23":"tag-united-states-of-america","24":"tag-us","25":"tag-usa","26":"tag-warrants"},"share_on_mastodon":{"url":"https:\/\/pubeurope.com\/@fr\/114474532462575401","error":""},"_links":{"self":[{"href":"https:\/\/www.europesays.com\/fr\/wp-json\/wp\/v2\/posts\/85395","targetHints":{"allow":["GET"]}}],"collection":[{"href":"https:\/\/www.europesays.com\/fr\/wp-json\/wp\/v2\/posts"}],"about":[{"href":"https:\/\/www.europesays.com\/fr\/wp-json\/wp\/v2\/types\/post"}],"author":[{"embeddable":true,"href":"https:\/\/www.europesays.com\/fr\/wp-json\/wp\/v2\/users\/2"}],"replies":[{"embeddable":true,"href":"https:\/\/www.europesays.com\/fr\/wp-json\/wp\/v2\/comments?post=85395"}],"version-history":[{"count":0,"href":"https:\/\/www.europesays.com\/fr\/wp-json\/wp\/v2\/posts\/85395\/revisions"}],"wp:featuredmedia":[{"embeddable":true,"href":"https:\/\/www.europesays.com\/fr\/wp-json\/wp\/v2\/media\/8061"}],"wp:attachment":[{"href":"https:\/\/www.europesays.com\/fr\/wp-json\/wp\/v2\/media?parent=85395"}],"wp:term":[{"taxonomy":"category","embeddable":true,"href":"https:\/\/www.europesays.com\/fr\/wp-json\/wp\/v2\/categories?post=85395"},{"taxonomy":"post_tag","embeddable":true,"href":"https:\/\/www.europesays.com\/fr\/wp-json\/wp\/v2\/tags?post=85395"}],"curies":[{"name":"wp","href":"https:\/\/api.w.org\/{rel}","templated":true}]}}