{"id":85412,"date":"2025-05-08T22:26:08","date_gmt":"2025-05-08T22:26:08","guid":{"rendered":"https:\/\/www.europesays.com\/fr\/85412\/"},"modified":"2025-05-08T22:26:08","modified_gmt":"2025-05-08T22:26:08","slug":"le-gfca-doit-frapper-un-grand-coup-en-finale-face-a-frejus","status":"publish","type":"post","link":"https:\/\/www.europesays.com\/fr\/85412\/","title":{"rendered":"le GFCA doit frapper un grand coup en finale face \u00e0 Fr\u00e9jus"},"content":{"rendered":"<p>On ne se lasse jamais de ces moments d&rsquo;impatience, d&rsquo;attente, de r\u00eave et d&rsquo;espoir.<\/p>\n<p>De cette ivresse les soirs de conqu\u00eate et parce que c&rsquo;est la beaut\u00e9 du sport, parfois m\u00eame de d\u00e9tresse lorsque le destin se montre contraire.<\/p>\n<p>Vendredi soir, dans une salle de Fr\u00e9jus qui ne paie pas de mine, mais charg\u00e9e d&rsquo;histoire puisqu&rsquo;elle ram\u00e8ne presque quarante ans en arri\u00e8re, il ne sera pas encore question de titre et d&rsquo;accession, mais l&rsquo;opportunit\u00e9 belle \u00e0 saisir, pour s&rsquo;en rapprocher dans une semaine au Palatinu.<\/p>\n<p>Certes, le gagnant devra par la suite transformer l&rsquo;essai et si le souvenir encore frais de la finale l&rsquo;an pass\u00e9, indique que sur un match et \u00e0 plus forte raison une finale tout demeure envisageable, il va de soi que l&rsquo;avantage du terrain que tenait par-dessus tout \u00e0 obtenir les gaziers, demeurera un atout consid\u00e9rable au moment de conclure.<\/p>\n","protected":false},"excerpt":{"rendered":"On ne se lasse jamais de ces moments d&rsquo;impatience, d&rsquo;attente, de r\u00eave et d&rsquo;espoir. De cette ivresse les&hellip;\n","protected":false},"author":2,"featured_media":85413,"comment_status":"","ping_status":"","sticky":false,"template":"","format":"standard","meta":{"footnotes":""},"categories":[1417],"tags":[17,3952,5404,2396,1011,27,16514,6392,2515,60,1470,1469],"class_list":{"0":"post-85412","1":"post","2":"type-post","3":"status-publish","4":"format-standard","5":"has-post-thumbnail","7":"category-volley","8":"tag-17","9":"tag-coup","10":"tag-doit","11":"tag-finale","12":"tag-fr","13":"tag-france","14":"tag-frapper","15":"tag-gfca","16":"tag-grand","17":"tag-sports","18":"tag-volley","19":"tag-volleyball"},"share_on_mastodon":{"url":"https:\/\/pubeurope.com\/@fr\/114474567842120204","error":""},"_links":{"self":[{"href":"https:\/\/www.europesays.com\/fr\/wp-json\/wp\/v2\/posts\/85412","targetHints":{"allow":["GET"]}}],"collection":[{"href":"https:\/\/www.europesays.com\/fr\/wp-json\/wp\/v2\/posts"}],"about":[{"href":"https:\/\/www.europesays.com\/fr\/wp-json\/wp\/v2\/types\/post"}],"author":[{"embeddable":true,"href":"https:\/\/www.europesays.com\/fr\/wp-json\/wp\/v2\/users\/2"}],"replies":[{"embeddable":true,"href":"https:\/\/www.europesays.com\/fr\/wp-json\/wp\/v2\/comments?post=85412"}],"version-history":[{"count":0,"href":"https:\/\/www.europesays.com\/fr\/wp-json\/wp\/v2\/posts\/85412\/revisions"}],"wp:featuredmedia":[{"embeddable":true,"href":"https:\/\/www.europesays.com\/fr\/wp-json\/wp\/v2\/media\/85413"}],"wp:attachment":[{"href":"https:\/\/www.europesays.com\/fr\/wp-json\/wp\/v2\/media?parent=85412"}],"wp:term":[{"taxonomy":"category","embeddable":true,"href":"https:\/\/www.europesays.com\/fr\/wp-json\/wp\/v2\/categories?post=85412"},{"taxonomy":"post_tag","embeddable":true,"href":"https:\/\/www.europesays.com\/fr\/wp-json\/wp\/v2\/tags?post=85412"}],"curies":[{"name":"wp","href":"https:\/\/api.w.org\/{rel}","templated":true}]}}