{"id":85420,"date":"2025-05-08T22:31:10","date_gmt":"2025-05-08T22:31:10","guid":{"rendered":"https:\/\/www.europesays.com\/fr\/85420\/"},"modified":"2025-05-08T22:31:10","modified_gmt":"2025-05-08T22:31:10","slug":"sir-alex-ferguson-nouvelle-ere-john-textor-discours-de-nasser-al-khelaifi-les-coulisses-dune-soiree-pour-lhistoire","status":"publish","type":"post","link":"https:\/\/www.europesays.com\/fr\/85420\/","title":{"rendered":"Sir Alex Ferguson, \u00abnouvelle \u00e8re\u00bb, John Textor, discours de Nasser Al-Khela\u00effi&#8230; Les coulisses d\u2019une soir\u00e9e pour l\u2019histoire"},"content":{"rendered":"<p>Le PSG a compost\u00e9 son billet pour la deuxi\u00e8me finale de Ligue des champions de son histoire mercredi, au Parc des Princes. Une soir\u00e9e qui restera dans les annales du club.<\/p>\n<p class=\"fig-paragraph\">\u00abHonn\u00eatement, je ne sais pas comment expliquer mon sentiment&#8230;\u00bb Pas peu fier, Nasser Al-Khela\u00effi s\u2019est pr\u00e9sent\u00e9 devant les journalistes mercredi, en zone mixte, apr\u00e8s\u00a0<a href=\"http:\/\/www.lefigaro.fr\/sports\/football\/ligue-des-champions\/ligue-des-champions-vainqueur-d-arsenal-le-psg-defiera-l-inter-milan-pour-la-deuxieme-finale-de-son-histoire-20250507\" data-fig-type=\"NewsFlash\" data-gtm-custom-categorie=\"navigation\" data-gtm-custom-action=\"crossclick\" data-gtm-custom-label=\"Contextuel\" data-gtm-event=\"customEventSPE\" data-fig-domain=\"LEFIGARO\" target=\"_blank\" rel=\"noopener\">la victoire du PSG sur Arsenal (2-1)<\/a>, en demi-finale retour de Ligue des champions. Pas n\u2019importe quelle victoire\u00a0: elle offre au club de la capitale le droit de disputer la finale de C1, le 31 mai, \u00e0 Munich, contre l\u2019Inter Milan. La deuxi\u00e8me finale dans l\u2019histoire de la maison rouge et bleue,\u00a0<a href=\"https:\/\/www.lefigaro.fr\/sports\/football\/ligue-des-champions\/actualites\/ligue-des-champions-la-finale-psg-bayern-munich-en-direct-1011523\" data-fig-type=\"Article\" data-gtm-custom-categorie=\"navigation\" data-gtm-custom-action=\"crossclick\" data-gtm-custom-label=\"Contextuel\" data-gtm-event=\"customEventSPE\" data-fig-domain=\"LEFIGARO\" target=\"_blank\" rel=\"noopener\">apr\u00e8s 2020<\/a>. \u00c0 l\u2019\u00e9poque, c\u2019\u00e9tait dans la bulle sanitaire de Lisbonne. \u00abC\u2019est sp\u00e9cial aujourd\u2019hui. On va jouer la finale avec nos supporters. Ce n\u2019\u00e9tait pas le cas la derni\u00e8re fois. Ce sera diff\u00e9rent pour nous aussi. Le sentiment est magnifique\u00bb,\u00a0<a href=\"http:\/\/www.lefigaro.fr\/sports\/football\/ligue-des-champions\/ligue-des-champions-il-a-cree-une-grande-equipe-hakimi-encense-son-entraineur-luis-enrique-20250507\" data-fig-type=\"NewsFlash\" data-gtm-custom-categorie=\"navigation\" data-gtm-custom-action=\"crossclick\" data-gtm-custom-label=\"Contextuel\" data-gtm-event=\"customEventSPE\" data-fig-domain=\"LEFIGARO\" target=\"_blank\" rel=\"noopener\">s\u2019est r\u00e9joui le pr\u00e9sident parisien<\/a>, ne manquant pas de glisser que \u00abce n\u2019est pas fini. Il y a encore un match tr\u00e8s important.\u00bb<\/p>\n<p class=\"fig-paragraph\">\u00abNAK\u00bb a \u00e9galement fait part de sa \u00abfiert\u00e9\u00bb. Et c\u2019est peu ou prou le discours qu\u2019il a tenu aux joueurs dans le vestiaire. Apr\u00e8s avoir quitt\u00e9 le Carr\u00e9 sous les applaudissements\u2026<\/p>\n<p class=\"fig-premium-paywall__infos\">\n        Cet article est r\u00e9serv\u00e9 aux abonn\u00e9s.        Il vous reste 83% \u00e0 d\u00e9couvrir.\n    <\/p>\n<p>                <img  data- alt=\"Le Figaro\" class=\"fig-img--complete fig-img\"\/><\/p>\n<p class=\"fig-premium-paywall__title\">Je m&rsquo;informe, je m&rsquo;inspire, je m&rsquo;abonne.<\/p>\n<p class=\"fig-premium-paywall__subtitle\">D\u00e9couvrez notre offre de bienvenue.<\/p>\n<p class=\"fig-premium-paywall__connect\">\n                D\u00e9j\u00e0 abonn\u00e9\u00a0?                <a class=\"fig-premium-paywall__connect-link\" href=\"https:\/\/connect.lefigaro.fr\/login?client=horizon_web&amp;type=main&amp;redirect_uri=https%3A%2F%2Fwww.lefigaro.fr%2Fsports%2Ffootball%2Fligue-des-champions%2Fpsg-arsenal-sir-alex-ferguson-nouvelle-ere-john-textor-discours-de-nasser-al-khelaifi-les-coulisses-d-une-soiree-pour-l-histoire-20250508\" data-js-gtm=\"{&quot;customCategorie&quot;: &quot;conversion&quot;, &quot;customAction&quot;: &quot;before_Landing_Connexion_paywall_auto&quot;, &quot;customLabel&quot;: &quot;bGVmaWdhcm8uZnJfXzFmMDJjM2JhLTMxZTEtNjUzZS05YTNiLTYzYjY5Y2JlZmVhNV9fTmV3c0ZsYXNo_PSG-Arsenal\u00a0: Sir Alex Ferguson, \u00abnouvelle \u00e8re\u00bb, John Textor, discours de Nasser Al-Khela\u00effi... Les coulisses d\u2019une soir\u00e9e pour l\u2019histoire_161&quot;, &quot;customIDSPE&quot;: &quot;bGVmaWdhcm8uZnJfXzFmMDJjM2JhLTMxZTEtNjUzZS05YTNiLTYzYjY5Y2JlZmVhNV9fTmV3c0ZsYXNo&quot;, &quot;event&quot;: &quot;customEventSPE&quot;}\" target=\"_blank\" rel=\"noopener\"><br \/>\n                    Connectez-vous<br \/>\n                <\/a>\n            <\/p>\n","protected":false},"excerpt":{"rendered":"Le PSG a compost\u00e9 son billet pour la deuxi\u00e8me finale de Ligue des champions de son histoire mercredi,&hellip;\n","protected":false},"author":2,"featured_media":85421,"comment_status":"","ping_status":"","sticky":false,"template":"","format":"standard","meta":{"footnotes":""},"categories":[1412],"tags":[5357,4791,786,525,448,1981,1089,814,1451,2257,63,1452,1453,1454,1455,1011,27,2705,12428,447,1307,3490,955,11486,2334,4589,4789,93,4790,1980,60,455],"class_list":{"0":"post-85420","1":"post","2":"type-post","3":"status-publish","4":"format-standard","5":"has-post-thumbnail","7":"category-f1","8":"tag-arsenal","9":"tag-barcelone","10":"tag-c1","11":"tag-calendrier","12":"tag-champions-league","13":"tag-classement","14":"tag-coupe-deurope","15":"tag-direct","16":"tag-f1","17":"tag-foot","18":"tag-football","19":"tag-formula-1","20":"tag-formula1","21":"tag-formule-1","22":"tag-formule1","23":"tag-fr","24":"tag-france","25":"tag-groupe","26":"tag-john-textor","27":"tag-ligue-des-champions","28":"tag-lille","29":"tag-liverpool","30":"tag-match","31":"tag-nasser-al-khelaifi","32":"tag-parc-des-princes","33":"tag-phase-finale","34":"tag-poule","35":"tag-psg","36":"tag-real-madrid","37":"tag-resultats","38":"tag-sports","39":"tag-uefa"},"share_on_mastodon":{"url":"https:\/\/pubeurope.com\/@fr\/114474587608414004","error":""},"_links":{"self":[{"href":"https:\/\/www.europesays.com\/fr\/wp-json\/wp\/v2\/posts\/85420","targetHints":{"allow":["GET"]}}],"collection":[{"href":"https:\/\/www.europesays.com\/fr\/wp-json\/wp\/v2\/posts"}],"about":[{"href":"https:\/\/www.europesays.com\/fr\/wp-json\/wp\/v2\/types\/post"}],"author":[{"embeddable":true,"href":"https:\/\/www.europesays.com\/fr\/wp-json\/wp\/v2\/users\/2"}],"replies":[{"embeddable":true,"href":"https:\/\/www.europesays.com\/fr\/wp-json\/wp\/v2\/comments?post=85420"}],"version-history":[{"count":0,"href":"https:\/\/www.europesays.com\/fr\/wp-json\/wp\/v2\/posts\/85420\/revisions"}],"wp:featuredmedia":[{"embeddable":true,"href":"https:\/\/www.europesays.com\/fr\/wp-json\/wp\/v2\/media\/85421"}],"wp:attachment":[{"href":"https:\/\/www.europesays.com\/fr\/wp-json\/wp\/v2\/media?parent=85420"}],"wp:term":[{"taxonomy":"category","embeddable":true,"href":"https:\/\/www.europesays.com\/fr\/wp-json\/wp\/v2\/categories?post=85420"},{"taxonomy":"post_tag","embeddable":true,"href":"https:\/\/www.europesays.com\/fr\/wp-json\/wp\/v2\/tags?post=85420"}],"curies":[{"name":"wp","href":"https:\/\/api.w.org\/{rel}","templated":true}]}}