{"id":85426,"date":"2025-05-08T22:34:14","date_gmt":"2025-05-08T22:34:14","guid":{"rendered":"https:\/\/www.europesays.com\/fr\/85426\/"},"modified":"2025-05-08T22:34:14","modified_gmt":"2025-05-08T22:34:14","slug":"jamel-debbouze-partage-de-rares-photos-avec-son-fils-leon-et-leur-ressemblance-est-frappante","status":"publish","type":"post","link":"https:\/\/www.europesays.com\/fr\/85426\/","title":{"rendered":"Jamel Debbouze partage de rares photos avec son fils L\u00e9on et leur ressemblance est frappante !"},"content":{"rendered":"<p>Jamel Debbouze a surpris ses fans en partageant sur Instagram de rares clich\u00e9s en compagnie de son fils L\u00e9on, alors qu\u2019ils assistaient ce 7 mai 2025 au Parc des Princes \u00e0 la demi-finale de la Ligue des Champions entre le PSG et Arsenal.<\/p>\n<p>Un moment d\u2019anthologie. Ce mercredi 7 mai 2025, les Parisiens ont suscit\u00e9 l\u2019engouement en se qualifiant pour la deuxi\u00e8me fois de leur histoire pour la finale de la Ligue des champions (C1). Le Paris Saint-Germain (PSG) est parvenu \u00e0 battre Arsenal pour la deuxi\u00e8me fois cons\u00e9cutive, apr\u00e8s une premi\u00e8re victoire lors du match aller le 29 avril (1-0). Cette fois, le club fran\u00e7ais entra\u00een\u00e9 par Luis Enrique s\u2019est impos\u00e9 deux buts \u00e0 un, au terme d\u2019une rencontre \u00e0 suspense. Plus de 45 000 spectateurs \u00e9taient pr\u00e9sents au Parc des Princes pour applaudir cet exploit de l\u2019\u00e9quipe dirig\u00e9e par le capitaine Marquinhos. Parmi eux, de nombreuses personnalit\u00e9s\u00a0se trouvaient dans les gradins : le basketteur Tony Parker, l\u2019acteur Omar Sy, le compositeur DJ Snake, l\u2019animateur Cyril Hanouna, l\u2019humoriste Malik Bentalha, le pilote automobile Pierre Gasly et Jamel Debbouze.<\/p>\n<p><b>L\u00e9on Debbouze, \u00ab\u00a0portrait crach\u00e9\u00a0\u00bb\u00a0de son p\u00e8re Jamel Debbouze<\/b><\/p>\n<p>Ce dernier a immortalis\u00e9 sa venue en postant plusieurs photos sur son compte Instagram ce jeudi 8 mai 2025. L\u2019une d\u2019elles a particuli\u00e8rement attir\u00e9 l\u2019attention de ses 1,9 million de followers. On voit l\u2019inoubliable Num\u00e9robis dans <a href=\"https:\/\/www.programme-tv.net\/news\/cinema\/318791-asterix-et-obelix-mission-cleopatre-pourquoi-joeystarr-a-t-il-ete-supprime-du-scenario\/\" data-api-deeplink=\"teleloisirs:\/\/news\/318791\" rel=\"nofollow noopener\" target=\"_blank\">Ast\u00e9rix et Ob\u00e9lix : Mission Cl\u00e9op\u00e2tre<\/a> poser aux c\u00f4t\u00e9s de son fils, L\u00e9on, qu\u2019il a eu avec <a href=\"https:\/\/www.programme-tv.net\/news\/people\/373586-on-ne-toublie-pas-melissa-theuriau-rend-hommage-au-pere-de-jamel-debbouze-4-ans-apres-sa-mort\/\" data-api-deeplink=\"teleloisirs:\/\/news\/373586\" rel=\"nofollow noopener\" target=\"_blank\">sa compagne, M\u00e9lissa Theuriau<\/a>. Le jeune homme, d\u00e9sormais \u00e2g\u00e9 de 16 ans, se montre tout sourire en compagnie de son p\u00e8re. Mais c\u2019est surtout la ressemblance saisissante entre les deux hommes qui a frapp\u00e9 les internautes. \u00ab\u00a0C\u2019est fou comme votre fils est le parfait m\u00e9lange de ses parents\u00a0\u00bb, \u00e9crit une utilisatrice. \u00ab\u00a0Ton fils est ton portrait crach\u00e9\u00a0\u00bb, commente une autre. \u00ab\u00a0Mais ce n&rsquo;est pas possible de ressembler autant \u00e0 son papa\u00a0\u00bb, peut-on lire aussi.<\/p>\n<p>                        <b>Une publication post\u00e9e six jours apr\u00e8s le buzz du silure<\/b><\/p>\n<p>Le duo s\u2019affiche rarement ensemble en public. <a href=\"https:\/\/www.programme-tv.net\/news\/people\/371682-mercato-jamel-debbouze-et-son-fils-leon-alice-david-vincent-desagnat-et-sa-compagne-les-stars-presentes-en-nombre-pour-l-avant-premiere-du-film-photos\/\" data-api-deeplink=\"teleloisirs:\/\/news\/371682\" rel=\"nofollow noopener\" target=\"_blank\">Le fr\u00e8re de Lila \u00e9tait n\u00e9anmoins venu soutenir Jamel Debbouze le 17 f\u00e9vrier dernier<\/a>, lors de l\u2019avant-premi\u00e8re de Mercato de Tristan S\u00e9gu\u00e9la, qui s\u2019est r\u00e9v\u00e9l\u00e9 \u00eatre un \u00e9chec au box-office. L\u2019acteur a n\u00e9anmoins fait le buzz sur les r\u00e9seaux sociaux la semaine derni\u00e8re en partageant une vid\u00e9o insolite d\u2019un homme qui p\u00eache un silure de 2,17 m\u00e8tres dans la Seine, en plein Paris. Une s\u00e9quence visionn\u00e9e 642 000 fois sur X, anciennement Twitter, et qui a propuls\u00e9 son auteur, le scientifique Bill Fran\u00e7ois, sur le devant de la sc\u00e8ne.<\/p>\n<p><b>Pour d\u00e9couvrir les photos de Jamel Debbouze et son fils L\u00e9on, <\/b><a href=\"https:\/\/www.instagram.com\/p\/DJYurJ6N468\/?img_index=1\" rel=\"nofollow noopener\" target=\"_blank\"><b>cliquez ici<\/b><\/a><b> ! <\/b><\/p>\n<p>Article \u00e9crit en collaboration avec 6M\u00e9dias<\/p>\n<p>        <script async src=\"\/\/www.instagram.com\/embed.js\"><\/script><\/p>\n","protected":false},"excerpt":{"rendered":"Jamel Debbouze a surpris ses fans en partageant sur Instagram de rares clich\u00e9s en compagnie de son fils&hellip;\n","protected":false},"author":2,"featured_media":85427,"comment_status":"","ping_status":"","sticky":false,"template":"","format":"standard","meta":{"footnotes":""},"categories":[1359],"tags":[244,58,59,19475,1011,27,8585,19473,19474,973,93,1421],"class_list":{"0":"post-85426","1":"post","2":"type-post","3":"status-publish","4":"format-standard","5":"has-post-thumbnail","7":"category-people","8":"tag-commentaire","9":"tag-divertissement","10":"tag-entertainment","11":"tag-football-ligue-des-champions","12":"tag-fr","13":"tag-france","14":"tag-jamel-debbouze","15":"tag-lu00e9on-debbouze","16":"tag-mu00e9lissa-theuriau","17":"tag-people","18":"tag-psg","19":"tag-zap"},"share_on_mastodon":{"url":"https:\/\/pubeurope.com\/@fr\/114474599720526662","error":""},"_links":{"self":[{"href":"https:\/\/www.europesays.com\/fr\/wp-json\/wp\/v2\/posts\/85426","targetHints":{"allow":["GET"]}}],"collection":[{"href":"https:\/\/www.europesays.com\/fr\/wp-json\/wp\/v2\/posts"}],"about":[{"href":"https:\/\/www.europesays.com\/fr\/wp-json\/wp\/v2\/types\/post"}],"author":[{"embeddable":true,"href":"https:\/\/www.europesays.com\/fr\/wp-json\/wp\/v2\/users\/2"}],"replies":[{"embeddable":true,"href":"https:\/\/www.europesays.com\/fr\/wp-json\/wp\/v2\/comments?post=85426"}],"version-history":[{"count":0,"href":"https:\/\/www.europesays.com\/fr\/wp-json\/wp\/v2\/posts\/85426\/revisions"}],"wp:featuredmedia":[{"embeddable":true,"href":"https:\/\/www.europesays.com\/fr\/wp-json\/wp\/v2\/media\/85427"}],"wp:attachment":[{"href":"https:\/\/www.europesays.com\/fr\/wp-json\/wp\/v2\/media?parent=85426"}],"wp:term":[{"taxonomy":"category","embeddable":true,"href":"https:\/\/www.europesays.com\/fr\/wp-json\/wp\/v2\/categories?post=85426"},{"taxonomy":"post_tag","embeddable":true,"href":"https:\/\/www.europesays.com\/fr\/wp-json\/wp\/v2\/tags?post=85426"}],"curies":[{"name":"wp","href":"https:\/\/api.w.org\/{rel}","templated":true}]}}