{"id":85430,"date":"2025-05-08T22:36:32","date_gmt":"2025-05-08T22:36:32","guid":{"rendered":"https:\/\/www.europesays.com\/fr\/85430\/"},"modified":"2025-05-08T22:36:32","modified_gmt":"2025-05-08T22:36:32","slug":"33-place-brugmann-dalice-austen-les-vies-mode-demploi","status":"publish","type":"post","link":"https:\/\/www.europesays.com\/fr\/85430\/","title":{"rendered":"33, Place Brugmann, d\u2019Alice Austen: les vies, mode d\u2019emploi"},"content":{"rendered":"<p><strong>CRITIQUE &#8211;<\/strong> La vie paisible d\u2019un immeuble bruxellois en 1939. Et comment la guerre va avoir un impact sur ses quatorze habitants.<\/p>\n<p class=\"fig-paragraph\">Un immeuble, et ce qui se passe \u00e0 l\u2019int\u00e9rieur de chaque appartement, comme dans diff\u00e9rentes cases\u00a0: autant de romanciers, autant de variations sur un m\u00eame th\u00e8me.<\/p>\n<p class=\"fig-paragraph\"><a href=\"http:\/\/www.lefigaro.fr\/livres\/emile-zola-nouvelliste-utopiste-et-polemiste-20250327\" data-fig-type=\"Article\" data-gtm-custom-categorie=\"navigation\" data-gtm-custom-action=\"crossclick\" data-gtm-custom-label=\"Contextuel\" data-gtm-event=\"customEventSPE\" data-fig-domain=\"LEFIGARO\" target=\"_blank\" rel=\"noopener\">Zola<\/a>, dans Pot-Bouille, a donn\u00e9 au genre ses lettres de noblesse, avec un de ses meilleurs romans, un roman social, \u00e0 l\u2019\u00e9poque o\u00f9 l\u2019\u00e9tage noble \u00e9tait le moins \u00e9lev\u00e9, avant le temps des ascenseurs. Michel Butor, avec Passage de Milan, a \u00e9crit une esp\u00e8ce de roman policier, et a born\u00e9 sa dur\u00e9e \u00e0 douze heures, qui verront un meurtre. La Vie, mode d\u2019emploi, de\u00a0<a href=\"http:\/\/www.lefigaro.fr\/histoire\/archives\/georges-perec-notes-sur-ce-que-je-cherche-20220303\" data-fig-type=\"Article\" data-gtm-custom-categorie=\"navigation\" data-gtm-custom-action=\"crossclick\" data-gtm-custom-label=\"Contextuel\" data-gtm-event=\"customEventSPE\" data-fig-domain=\"LEFIGARO\" target=\"_blank\" rel=\"noopener\">Georges P\u00e9rec<\/a>, plus ambitieux, essaie une reconstitution \u00e0 travers le temps, et donne une curieuse com\u00e9die humaine, en forme de puzzle, cr\u00e9ant des dizaines de personnages dont les histoires s\u2019enchev\u00eatrent. L\u2019Am\u00e9ricaine Alice Austen, par ailleurs cin\u00e9aste (Give me Liberty, prix John-Cassavetes du premier film), a imagin\u00e9 un roman situ\u00e9 dans un immeuble de Bruxelles o\u00f9 elle-m\u00eame a v\u00e9cu. Mais elle limite son regard aux ann\u00e9es 1939-1943, et en fait un roman sur l\u2019occupation en\u2026<\/p>\n<p class=\"fig-premium-paywall__infos\">\n        Cet article est r\u00e9serv\u00e9 aux abonn\u00e9s.        Il vous reste 75% \u00e0 d\u00e9couvrir.\n    <\/p>\n<p>                <img  data- alt=\"Le Figaro\" class=\"fig-img--complete fig-img\"\/><\/p>\n<p class=\"fig-premium-paywall__title\">Je m&rsquo;informe, je m&rsquo;inspire, je m&rsquo;abonne.<\/p>\n<p class=\"fig-premium-paywall__subtitle\">D\u00e9couvrez notre offre de bienvenue.<\/p>\n<p class=\"fig-premium-paywall__connect\">\n                D\u00e9j\u00e0 abonn\u00e9\u00a0?                <a class=\"fig-premium-paywall__connect-link\" href=\"https:\/\/connect.lefigaro.fr\/login?client=horizon_web&amp;type=main&amp;redirect_uri=https%3A%2F%2Fwww.lefigaro.fr%2Flivres%2F33-place-brugmann-d-alice-austen-les-vies-mode-d-emploi-20250508\" data-js-gtm=\"{&quot;customCategorie&quot;: &quot;conversion&quot;, &quot;customAction&quot;: &quot;before_Landing_Connexion_paywall_auto&quot;, &quot;customLabel&quot;: &quot;bGVmaWdhcm8uZnJfXzFmMDJiMmEwLWFjMGMtNmZmMC1iMDU2LWJmZmJiN2RhZTM0N19fQXJ0aWNsZQ==_&lt;i&gt;33, Place Brugmann&lt;\/i&gt;, d\u2019Alice Austen: les vies, mode d\u2019emploi_834&quot;, &quot;customIDSPE&quot;: &quot;bGVmaWdhcm8uZnJfXzFmMDJiMmEwLWFjMGMtNmZmMC1iMDU2LWJmZmJiN2RhZTM0N19fQXJ0aWNsZQ==&quot;, &quot;event&quot;: &quot;customEventSPE&quot;}\" target=\"_blank\" rel=\"noopener\"><br \/>\n                    Connectez-vous<br \/>\n                <\/a>\n            <\/p>\n","protected":false},"excerpt":{"rendered":"CRITIQUE &#8211; La vie paisible d\u2019un immeuble bruxellois en 1939. Et comment la guerre va avoir un impact&hellip;\n","protected":false},"author":2,"featured_media":85431,"comment_status":"","ping_status":"","sticky":false,"template":"","format":"standard","meta":{"footnotes":""},"categories":[1357],"tags":[2008,2007,1379,58,2005,2006,59,1011,27,1351,2003,1380,2009,2004,1479],"class_list":{"0":"post-85430","1":"post","2":"type-post","3":"status-publish","4":"format-standard","5":"has-post-thumbnail","7":"category-livres","8":"tag-autobiographies","9":"tag-biographies","10":"tag-books","11":"tag-divertissement","12":"tag-ecrivain","13":"tag-ecrivains","14":"tag-entertainment","15":"tag-fr","16":"tag-france","17":"tag-litterature","18":"tag-livre","19":"tag-livres","20":"tag-oeuvre","21":"tag-roman","22":"tag-romans"},"share_on_mastodon":{"url":"https:\/\/pubeurope.com\/@fr\/114474607205832948","error":""},"_links":{"self":[{"href":"https:\/\/www.europesays.com\/fr\/wp-json\/wp\/v2\/posts\/85430","targetHints":{"allow":["GET"]}}],"collection":[{"href":"https:\/\/www.europesays.com\/fr\/wp-json\/wp\/v2\/posts"}],"about":[{"href":"https:\/\/www.europesays.com\/fr\/wp-json\/wp\/v2\/types\/post"}],"author":[{"embeddable":true,"href":"https:\/\/www.europesays.com\/fr\/wp-json\/wp\/v2\/users\/2"}],"replies":[{"embeddable":true,"href":"https:\/\/www.europesays.com\/fr\/wp-json\/wp\/v2\/comments?post=85430"}],"version-history":[{"count":0,"href":"https:\/\/www.europesays.com\/fr\/wp-json\/wp\/v2\/posts\/85430\/revisions"}],"wp:featuredmedia":[{"embeddable":true,"href":"https:\/\/www.europesays.com\/fr\/wp-json\/wp\/v2\/media\/85431"}],"wp:attachment":[{"href":"https:\/\/www.europesays.com\/fr\/wp-json\/wp\/v2\/media?parent=85430"}],"wp:term":[{"taxonomy":"category","embeddable":true,"href":"https:\/\/www.europesays.com\/fr\/wp-json\/wp\/v2\/categories?post=85430"},{"taxonomy":"post_tag","embeddable":true,"href":"https:\/\/www.europesays.com\/fr\/wp-json\/wp\/v2\/tags?post=85430"}],"curies":[{"name":"wp","href":"https:\/\/api.w.org\/{rel}","templated":true}]}}