{"id":85432,"date":"2025-05-08T22:37:09","date_gmt":"2025-05-08T22:37:09","guid":{"rendered":"https:\/\/www.europesays.com\/fr\/85432\/"},"modified":"2025-05-08T22:37:09","modified_gmt":"2025-05-08T22:37:09","slug":"cyril-hanouna-sosie-de-donald-trump-les-similitudes-qui-pourraient-porter-la-star-dechue-de-c8-au-pouvoir","status":"publish","type":"post","link":"https:\/\/www.europesays.com\/fr\/85432\/","title":{"rendered":"Cyril Hanouna, sosie de Donald Trump ? Les similitudes qui pourraient porter la star d\u00e9chue de C8 au pouvoir"},"content":{"rendered":"<p>Et si <strong>Cyril Hanouna \u00e9tait le nouveau Donald<br \/>\nTrump<\/strong> ? C&rsquo;est la th\u00e9orie abracadabrante (et un peu<br \/>\neffrayante) avanc\u00e9e par un sp\u00e9cialiste. Invit\u00e9 sur le plateau de<br \/>\nQuotidien le 8 mai, Cole Stangler, journaliste franco-am\u00e9ricain,<br \/>\nest venu pr\u00e9senter son livre Le Miroir am\u00e9ricain, enqu\u00eate sur<br \/>\nla radicalisation des droites et l&rsquo;avenir de la gauche (Les<br \/>\nAr\u00e8nes). Dans cet ouvrage, il s&rsquo;interroge : <strong>la politique<br \/>\nfran\u00e7aise est-elle en train de s&rsquo;am\u00e9ricaniser ?<\/strong> La<br \/>\npolitique aux \u00c9tats-Unis est-elle un dangereux pr\u00e9lude \u00e0 ce qui<br \/>\npourrait nous arriver ?<\/p>\n<p>Pour mieux comprendre, <a href=\"https:\/\/www.closermag.fr\/tv_tele_realite\/ca-se-voit-tant-que-ca-linvite-de-yann-barthes-cherche-a-esquiver-une-question-mais-cest-rate-3542647\" target=\"_blank\" rel=\"noopener\"><br \/>\nYann Barth\u00e8s<\/a> a demand\u00e9 \u00e0 son invit\u00e9 quel(le) homme ou femme<br \/>\npolitique fran\u00e7ais(e) lui faisait le plus penser \u00e0 <a href=\"https:\/\/www.closermag.fr\/people\/p-diddy-il-se-mastrubait-et-les-ecoeurantes-accusations-dun-homme-que-connait-bien-donald-trump-3543041\" target=\"_blank\" rel=\"noopener\"><br \/>\nDonald Trump<\/a>. Les visages de Sarah Knafo, Bruno Retailleau,<br \/>\nEric Zemmour, Jordan Bardella et de Laurent Wauquier se sont<br \/>\naffich\u00e9s \u00e0 l&rsquo;\u00e9cran. Mais malgr\u00e9 ce bon casting, <strong>le<br \/>\njournaliste n&rsquo;a pas trouv\u00e9 l&rsquo;alter \u00e9go du pr\u00e9sident<br \/>\nam\u00e9ricain.<\/strong> \u00ab\u00a0La r\u00e9ponse, c&rsquo;est que je pense qu&rsquo;il n&rsquo;y a<br \/>\npersonne\u00a0\u00bb, a-t-il lanc\u00e9 avant de citer le nom de Cyril<br \/>\nHanouna.<\/p>\n<p>Sorties outranci\u00e8res, r\u00f4le de clown&#8230; Donald Trump et Cyril<br \/>\nHanouna pas si \u00e9loign\u00e9s<\/p>\n<p>Cole Stangler a d&rsquo;abord consid\u00e9r\u00e9 que d&rsquo;un point de vue<br \/>\npolitique, la politique de <strong>Marine Le Pen et celle d&rsquo;\u00c9ric<br \/>\nCiotti se rapprochaient le plus de celle de l&rsquo;\u00e9poux de<br \/>\nMelania.<\/strong> Tous deux semblent en effet avoir compris qu&rsquo;il<br \/>\nfallait \u00ab\u00a0construire un rassemblement des classes populaires et<br \/>\ndes \u00e9lecteurs de droite\u00a0\u00bb. Mais celui qui a le mieux compris la<br \/>\nstrat\u00e9gie populiste est largement <a href=\"https:\/\/www.closermag.fr\/tv_tele_realite\/tpmp-cest-termine-annonce-coup-de-tonnerre-de-cyril-hanouna-3543052\" target=\"_blank\" rel=\"noopener\"><br \/>\nCyril Hanouna<\/a>.<\/p>\n<p>Le sp\u00e9cialiste a \u00e9num\u00e9r\u00e9 les <strong>nombreux points communs<br \/>\nentre le roi d\u00e9chu de C8 et Donald Trump<\/strong> :\u00a0\u00bbComme lui,<br \/>\nc&rsquo;est une star de la t\u00e9l\u00e9vision. Il comprend tr\u00e8s tr\u00e8s bien les<br \/>\ncodes des m\u00e9dias, <strong>comment faire des sorties<br \/>\noutranci\u00e8res<\/strong>, il joue le clown\u00a0\u00bb. \u00ab\u00a0Il sid\u00e8re et il sature,<br \/>\nexactement comme Trump\u00a0\u00bb, a rench\u00e9ri Yann Barth\u00e8s.<\/p>\n<p>Des nouilles dans le slip \u00e0<br \/>\nl&rsquo;\u00c9lys\u00e9e<\/p>\n<p>Si certains pr\u00eatent des ambitions pr\u00e9sidentielles \u00e0 l&rsquo;ancien<br \/>\npr\u00e9sentateur de TPMP, le principal concern\u00e9 n&rsquo;a jamais confirm\u00e9 (ni<br \/>\ninfirm\u00e9), les rumeurs. <strong>Cole Stangler ne se consid\u00e8re pas<br \/>\nnon plus \u00e0 m\u00eame de savoir si Cyril Hanouna aura une carri\u00e8re<br \/>\npolitique.<\/strong><\/p>\n<p>En revanche, pour lui, une chose est s\u00fbre. Le trublion du PAF<br \/>\npartage ind\u00e9niablement son c\u00f4t\u00e9 d\u00e9shinib\u00e9 avec l&rsquo;ex pr\u00e9sentateur de<br \/>\nThe Apprentice. Entre les nouilles dans le slip et<br \/>\nl&rsquo;\u00c9lys\u00e9e, il n&rsquo;y a qu&rsquo;un pas ?<\/p>\n","protected":false},"excerpt":{"rendered":"Et si Cyril Hanouna \u00e9tait le nouveau Donald Trump ? C&rsquo;est la th\u00e9orie abracadabrante (et un peu effrayante)&hellip;\n","protected":false},"author":2,"featured_media":83641,"comment_status":"","ping_status":"","sticky":false,"template":"","format":"standard","meta":{"footnotes":""},"categories":[1356],"tags":[548,1083,58,75,59,1011,27,252,1364],"class_list":{"0":"post-85432","1":"post","2":"type-post","3":"status-publish","4":"format-standard","5":"has-post-thumbnail","7":"category-television","8":"tag-article-simple","9":"tag-cyril-hanouna","10":"tag-divertissement","11":"tag-donald-trump","12":"tag-entertainment","13":"tag-fr","14":"tag-france","15":"tag-television","16":"tag-tv"},"share_on_mastodon":{"url":"https:\/\/pubeurope.com\/@fr\/114474611113208826","error":""},"_links":{"self":[{"href":"https:\/\/www.europesays.com\/fr\/wp-json\/wp\/v2\/posts\/85432","targetHints":{"allow":["GET"]}}],"collection":[{"href":"https:\/\/www.europesays.com\/fr\/wp-json\/wp\/v2\/posts"}],"about":[{"href":"https:\/\/www.europesays.com\/fr\/wp-json\/wp\/v2\/types\/post"}],"author":[{"embeddable":true,"href":"https:\/\/www.europesays.com\/fr\/wp-json\/wp\/v2\/users\/2"}],"replies":[{"embeddable":true,"href":"https:\/\/www.europesays.com\/fr\/wp-json\/wp\/v2\/comments?post=85432"}],"version-history":[{"count":0,"href":"https:\/\/www.europesays.com\/fr\/wp-json\/wp\/v2\/posts\/85432\/revisions"}],"wp:featuredmedia":[{"embeddable":true,"href":"https:\/\/www.europesays.com\/fr\/wp-json\/wp\/v2\/media\/83641"}],"wp:attachment":[{"href":"https:\/\/www.europesays.com\/fr\/wp-json\/wp\/v2\/media?parent=85432"}],"wp:term":[{"taxonomy":"category","embeddable":true,"href":"https:\/\/www.europesays.com\/fr\/wp-json\/wp\/v2\/categories?post=85432"},{"taxonomy":"post_tag","embeddable":true,"href":"https:\/\/www.europesays.com\/fr\/wp-json\/wp\/v2\/tags?post=85432"}],"curies":[{"name":"wp","href":"https:\/\/api.w.org\/{rel}","templated":true}]}}