{"id":854345,"date":"2026-04-08T01:42:17","date_gmt":"2026-04-08T01:42:17","guid":{"rendered":"https:\/\/www.europesays.com\/fr\/854345\/"},"modified":"2026-04-08T01:42:17","modified_gmt":"2026-04-08T01:42:17","slug":"quand-domusvi-interdisait-a-un-salarie-de-se-proteger-en-pleine-epidemie-de-covid","status":"publish","type":"post","link":"https:\/\/www.europesays.com\/fr\/854345\/","title":{"rendered":"Quand DomusVi interdisait \u00e0 un salari\u00e9 de se prot\u00e9ger en pleine \u00e9pid\u00e9mie de Covid"},"content":{"rendered":"<p>C\u2019est devenu son rituel. Chaque jour, Akram F. marche deux kilom\u00e8tres pour tenter de lutter contre les effets d\u2019une fibrose pulmonaire qui appauvrit son souffle, et qui est la cons\u00e9quence directe du Covid long qu\u2019il a contract\u00e9, en octobre 2020.<\/p>\n<p>Aujourd\u2019hui, retrait\u00e9, il accuse son ancien employeur, DomusVi, d\u2019\u00eatre \u00e0 l\u2019origine de la d\u00e9gradation de son \u00e9tat de sant\u00e9, et conteste \u00e9galement son licenciement pour inaptitude sans possibilit\u00e9 de reclassement.\u00a0La premi\u00e8re audience de conciliation et d\u2019orientation devant le conseil de prud\u2019hommes, \u00e0 Toulouse, mi\u2010d\u00e9cembre dernier, n\u2019a rien donn\u00e9. Un proc\u00e8s devrait donc se tenir d\u2019ici \u00e0 la fin de l\u2019ann\u00e9e.<\/p>\n<p>Interrog\u00e9e par Mediacit\u00e9s, via le service communication de DomusVi, la direction de la R\u00e9sidence Nouvelle\u2010Orl\u00e9ans n\u2019a souhait\u00e9 \u00ab\u202f\u00e0 ce stade\u202f\u00bb formuler aucun commentaire \u00ab\u202fpar respect pour le cadre judiciaire ainsi que pour l\u2019ensemble des parties concern\u00e9es\u202f\u00bb.<br \/>Expos\u00e9 aux malades sans pouvoir porter de masque<br \/>Il y a six ans, quelques jours avant le premier confinement, le 4 mars 2020, DomusVi, l\u2019un des trois plus importants gestionnaires d\u2019Ehpad en France, affiche fi\u00e8rement sur son site Internet avoir \u00ab\u202factiv\u00e9 d\u00e8s le 24 f\u00e9vrier sur l\u2019ensemble de ses \u00e9tablissements et agences son Plan Vigilance\u202f\u00bb, indiquant que ses \u00ab\u202fcollaborateurs sont mobilis\u00e9s depuis les premiers jours de l\u2019\u00e9pid\u00e9mie\u202f\u00bb.<\/p>\n<p>La semaine suivante, Akram F. subit une op\u00e9ration programm\u00e9e des yeux qui l\u2019\u00e9loigne pendant deux mois de son lieu de travail. Il est de retour le 18 mai \u00e0 son poste d\u2019infirmier coordinateur \u00e0 la R\u00e9sidence Nouvelle\u2010Orl\u00e9ans, avenue des \u00c9tats\u2010Unis \u00e0 Toulouse.<\/p>\n<p>Sa hi\u00e9rarchie d\u00e9cide alors de\u00a0ne\u00a0\u2026<\/p>\n<p>Nous vous offrons l\u2019acc\u00e8s \u00e0 cet article<\/p>\n<p>Et \u00e0 toutes nos enqu\u00eates pendant deux jours\u00a0\u00a0! <br \/>Oui, on est g\u00e9n\u00e9reux \ud83d\ude09 Mais pensez aussi \u00e0 <a href=\"https:\/\/www.mediacites.fr\/sabonner\/\" target=\"_blank\" style=\"color:#fff\" rel=\"nofollow noopener\">vous abonner<\/a>\u00a0\u00a0!<\/p>\n<p>\t\tEn renseignant votre adresse, vous acceptez nos <a href=\"https:\/\/www.mediacites.fr\/conditions-generales-d-utilisation\/\" target=\"_blank\" rel=\"nofollow noopener\">conditions g\u00e9n\u00e9rales d\u2019utilisation<\/a>. <br \/>Mediacit\u00e9s s\u2019engage \u00e0 ne pas c\u00e9der votre adresse \u00e0 des tiers. En cas d\u2019\u00e9chec, \u00e9crivez \u00e0 <a href=\"https:\/\/www.mediacites.fr\/enquete\/toulouse\/2026\/04\/07\/quand-domusvi-interdisait-a-ses-salaries-de-mettre-des-masques-en-pleine-epidemie-de-covid\/mailto:contact@mediacites.fr\" rel=\"nofollow noopener\" target=\"_blank\">contact@mediacites.fr<\/a><\/p>\n<ul>\n<li>J\u2019acc\u00e8de aux 4 \u00e9ditions de Mediacit\u00e9s (Lille, Lyon, Nantes et Toulouse)<\/li>\n<li>Je d\u00e9couvre un m\u00e9dia 100 % ind\u00e9pendant, avec 0 % de publicit\u00e9<\/li>\n<\/ul>\n<p>Envie de lire la\u00a0suite\u202f?<\/p>\n<p>Depuis neuf ans, Mediacit\u00e9s enqu\u00eate en toute ind\u00e9pendance dans votre ville. Gr\u00e2ce \u00e0 ses lecteurs\u202f! Abonnez\u2010vous pour ne rien manquer de nos enqu\u00eates, suivre les \u00e9lections municipales et soutenir un journal local d\u2019investigation.<\/p>\n<ul>\n<li>Acc\u00e8s aux 4 \u00e9ditions de Mediacit\u00e9s (Lille, Lyon, Nantes et Toulouse)<\/li>\n<li>100 % ind\u00e9pendant, avec 0 % de publicit\u00e9<\/li>\n<li>R\u00e9siliation facile \u00e0 tout moment<\/li>\n<\/ul>\n<p>Mediacit\u00e9s offre l\u2019acc\u00e8s \u00e0 cet article aux lecteurs de News2Com<\/p>\n<p>Et \u00e0 toutes nos enqu\u00eates pendant deux jours\u00a0\u00a0! <br \/>Oui, on est g\u00e9n\u00e9reux \ud83d\ude09 Mais pensez aussi \u00e0 <a href=\"https:\/\/www.mediacites.fr\/sabonner\/\" target=\"_blank\" style=\"color:#fff\" rel=\"nofollow noopener\">vous abonner<\/a>\u00a0\u00a0!<\/p>\n<p>\t\tEn renseignant votre adresse, vous acceptez nos <a href=\"https:\/\/www.mediacites.fr\/conditions-generales-d-utilisation\/\" target=\"_blank\" rel=\"nofollow noopener\">conditions g\u00e9n\u00e9rales d\u2019utilisation<\/a>. <br \/>Mediacit\u00e9s s\u2019engage \u00e0 ne pas c\u00e9der votre adresse \u00e0 des tiers. En cas d\u2019\u00e9chec, \u00e9crivez \u00e0 <a href=\"https:\/\/www.mediacites.fr\/enquete\/toulouse\/2026\/04\/07\/quand-domusvi-interdisait-a-ses-salaries-de-mettre-des-masques-en-pleine-epidemie-de-covid\/mailto:contact@mediacites.fr\" rel=\"nofollow noopener\" target=\"_blank\">contact@mediacites.fr<\/a><\/p>\n<ul>\n<li>J\u2019acc\u00e8de aux 4 \u00e9ditions de Mediacit\u00e9s (Lille, Lyon, Nantes et Toulouse)<\/li>\n<li>Je d\u00e9couvre un m\u00e9dia 100 % ind\u00e9pendant, avec 0 % de publicit\u00e9<\/li>\n<\/ul>\n","protected":false},"excerpt":{"rendered":"C\u2019est devenu son rituel. Chaque jour, Akram F. marche deux kilom\u00e8tres pour tenter de lutter contre les effets&hellip;\n","protected":false},"author":2,"featured_media":854346,"comment_status":"","ping_status":"","sticky":false,"template":"","format":"standard","meta":{"footnotes":"","_share_on_mastodon":"0"},"categories":[2816],"tags":[1111,11,92554,12216,1067,1777,674,1011,27,12,2680,25,2312],"class_list":["post-854345","post","type-post","status-publish","format-standard","has-post-thumbnail","category-toulouse","tag-actu","tag-actualites","tag-domusvi","tag-ehpad","tag-enquete","tag-eu","tag-europe","tag-fr","tag-france","tag-news","tag-occitanie","tag-republique-francaise","tag-toulouse"],"share_on_mastodon":{"url":"https:\/\/pubeurope.com\/@fr\/116366550429482915","error":""},"_links":{"self":[{"href":"https:\/\/www.europesays.com\/fr\/wp-json\/wp\/v2\/posts\/854345","targetHints":{"allow":["GET"]}}],"collection":[{"href":"https:\/\/www.europesays.com\/fr\/wp-json\/wp\/v2\/posts"}],"about":[{"href":"https:\/\/www.europesays.com\/fr\/wp-json\/wp\/v2\/types\/post"}],"author":[{"embeddable":true,"href":"https:\/\/www.europesays.com\/fr\/wp-json\/wp\/v2\/users\/2"}],"replies":[{"embeddable":true,"href":"https:\/\/www.europesays.com\/fr\/wp-json\/wp\/v2\/comments?post=854345"}],"version-history":[{"count":0,"href":"https:\/\/www.europesays.com\/fr\/wp-json\/wp\/v2\/posts\/854345\/revisions"}],"wp:featuredmedia":[{"embeddable":true,"href":"https:\/\/www.europesays.com\/fr\/wp-json\/wp\/v2\/media\/854346"}],"wp:attachment":[{"href":"https:\/\/www.europesays.com\/fr\/wp-json\/wp\/v2\/media?parent=854345"}],"wp:term":[{"taxonomy":"category","embeddable":true,"href":"https:\/\/www.europesays.com\/fr\/wp-json\/wp\/v2\/categories?post=854345"},{"taxonomy":"post_tag","embeddable":true,"href":"https:\/\/www.europesays.com\/fr\/wp-json\/wp\/v2\/tags?post=854345"}],"curies":[{"name":"wp","href":"https:\/\/api.w.org\/{rel}","templated":true}]}}