{"id":85469,"date":"2025-05-08T23:01:10","date_gmt":"2025-05-08T23:01:10","guid":{"rendered":"https:\/\/www.europesays.com\/fr\/85469\/"},"modified":"2025-05-08T23:01:10","modified_gmt":"2025-05-08T23:01:10","slug":"cela-me-remplit-de-joie-larcheveque-du-diocese-de-rennes-reagit-a-lelection-du-2","status":"publish","type":"post","link":"https:\/\/www.europesays.com\/fr\/85469\/","title":{"rendered":"\u00ab\u00a0Cela me remplit de joie\u00a0\u00bb\u00a0. L\u2019archev\u00eaque du dioc\u00e8se de Rennes r\u00e9agit \u00e0 l\u2019\u00e9lection du"},"content":{"rendered":"<p>Monseigneur Pierre d\u2019Ornellas, archev\u00eaque de <a href=\"https:\/\/rennes.maville.com\/info\/info-locale\/\" target=\"_parent\" rel=\"noopener\">Rennes, Saint-Malo et Dol (Ille-et-Vilaine)<\/a>, a assist\u00e9 en direct \u00e0 la t\u00e9l\u00e9vision \u00e0 la pr\u00e9sentation du <a href=\"https:\/\/www.ouest-france.fr\/societe\/religions\/pape-leon-xiv\/\" target=\"_parent\" rel=\"noopener\">nouveau pape, L\u00e9on XIV<\/a>, depuis son dioc\u00e8se, ce jeudi 8\u00a0mai 2025.<\/p>\n<p><strong>\u00ab\u00a0On peut d\u00e9j\u00e0 noter la r\u00e9f\u00e9rence au pape L\u00e9on XIII, qui avait lanc\u00e9 la doctrine sociale de l\u2019\u00c9glise, en particulier en faveur des ouvriers. Cela montre bien la volont\u00e9 de s\u2019inscrire dans la lign\u00e9e du pape Fran\u00e7ois\u00a0\u00bb<\/strong>, explique l\u2019archev\u00eaque.<\/p>\n<p>Un sentiment confirm\u00e9 apr\u00e8s le discours du nouveau pape, depuis le balcon de la chapelle Sixtine, au Vatican, une heure environ apr\u00e8s l\u2019apparition de la fum\u00e9e blanche.<\/p>\n<p>\u00ab\u00a0La paix pour tous les peuples\u00a0\u00bb<\/p>\n<p>Face \u00e0 l\u2019\u00e9motion perceptible de L\u00e9on XIV, et son discours orient\u00e9 vers \u00ab\u00a0la paix\u00a0\u00bb, Mgr\u00a0d\u2019Ornellas note <strong>\u00ab\u00a0le fait qu\u2019il ait bien insist\u00e9 sur cette dimension de paix pour tous les peuples, tout en ayant un mot pour le dioc\u00e8se de Callo, au P\u00e9rou, l\u00e0 o\u00f9 il a offici\u00e9\u00a0\u00bb.<\/strong><\/p>\n<p><strong>\u00ab\u00a0Tout cela me remplit d\u2019une joie immense\u00a0! C\u2019\u00e9tait, \u00e0 mon humble avis, les plus beaux des signaux \u00e0 envoyer aux chr\u00e9tiens et aux peuples du monde entier\u00a0\u00bb<\/strong>, conclut Monseigneur d\u2019Ornellas.<\/p>\n<p>\u00a0<\/p>\n","protected":false},"excerpt":{"rendered":"Monseigneur Pierre d\u2019Ornellas, archev\u00eaque de Rennes, Saint-Malo et Dol (Ille-et-Vilaine), a assist\u00e9 en direct \u00e0 la t\u00e9l\u00e9vision \u00e0&hellip;\n","protected":false},"author":2,"featured_media":85468,"comment_status":"","ping_status":"","sticky":false,"template":"","format":"standard","meta":{"footnotes":""},"categories":[2821],"tags":[1111,11,12730,829,11385,11035,1777,674,1011,27,19484,12,4565,12672,7914,19483,584,25],"class_list":{"0":"post-85469","1":"post","2":"type-post","3":"status-publish","4":"format-standard","5":"has-post-thumbnail","7":"category-rennes","8":"tag-actu","9":"tag-actualites","10":"tag-archeveque","11":"tag-bretagne","12":"tag-diocese","13":"tag-election","14":"tag-eu","15":"tag-europe","16":"tag-fr","17":"tag-france","18":"tag-joie","19":"tag-news","20":"tag-nouveau","21":"tag-pape","22":"tag-reagit","23":"tag-remplit","24":"tag-rennes","25":"tag-republique-francaise"},"share_on_mastodon":{"url":"https:\/\/pubeurope.com\/@fr\/114474705440286192","error":""},"_links":{"self":[{"href":"https:\/\/www.europesays.com\/fr\/wp-json\/wp\/v2\/posts\/85469","targetHints":{"allow":["GET"]}}],"collection":[{"href":"https:\/\/www.europesays.com\/fr\/wp-json\/wp\/v2\/posts"}],"about":[{"href":"https:\/\/www.europesays.com\/fr\/wp-json\/wp\/v2\/types\/post"}],"author":[{"embeddable":true,"href":"https:\/\/www.europesays.com\/fr\/wp-json\/wp\/v2\/users\/2"}],"replies":[{"embeddable":true,"href":"https:\/\/www.europesays.com\/fr\/wp-json\/wp\/v2\/comments?post=85469"}],"version-history":[{"count":0,"href":"https:\/\/www.europesays.com\/fr\/wp-json\/wp\/v2\/posts\/85469\/revisions"}],"wp:featuredmedia":[{"embeddable":true,"href":"https:\/\/www.europesays.com\/fr\/wp-json\/wp\/v2\/media\/85468"}],"wp:attachment":[{"href":"https:\/\/www.europesays.com\/fr\/wp-json\/wp\/v2\/media?parent=85469"}],"wp:term":[{"taxonomy":"category","embeddable":true,"href":"https:\/\/www.europesays.com\/fr\/wp-json\/wp\/v2\/categories?post=85469"},{"taxonomy":"post_tag","embeddable":true,"href":"https:\/\/www.europesays.com\/fr\/wp-json\/wp\/v2\/tags?post=85469"}],"curies":[{"name":"wp","href":"https:\/\/api.w.org\/{rel}","templated":true}]}}