{"id":85470,"date":"2025-05-08T23:02:21","date_gmt":"2025-05-08T23:02:21","guid":{"rendered":"https:\/\/www.europesays.com\/fr\/85470\/"},"modified":"2025-05-08T23:02:21","modified_gmt":"2025-05-08T23:02:21","slug":"on-aime-notre-pays-et-cest-important-de-se-rappeler","status":"publish","type":"post","link":"https:\/\/www.europesays.com\/fr\/85470\/","title":{"rendered":"\u00ab\u00a0On aime notre pays et c\u2019est important de se rappeler\u00a0\u00bb"},"content":{"rendered":"<p>Il y a les fid\u00e8les. Comme Sylvain, 33 ans, et Elvire, 36 ans qui assistent \u00e0 la c\u00e9r\u00e9monie chaque ann\u00e9e, peu importe l\u2019endroit de France o\u00f9 ils se trouvent. \u00ab\u00a0Je suis militaire dans <a href=\"https:\/\/www.dna.fr\/encadres\/2025\/05\/02\/comment-l-armee-francaise-s-adapte-depuis-la-guerre-en-ukraine\" target=\"_blank\" rel=\"nofollow noopener\"> l\u2019arm\u00e9e<\/a> de Terre, c\u2019est mon devoir\u00a0\u00bb, estime Sylvain. \u00ab\u00a0On ne doit jamais oublier ce qu\u2019il s\u2019est pass\u00e9. C\u2019est notre h\u00e9ritage, c\u2019est notre culture\u00a0\u00bb, abonde Elvire. \u00ab\u00a0Allez, on \u00e9coute\u00a0\u00bb, s\u2019enthousiasme son conjoint en hissant leur petit C\u00f4me, 2 ans, sur ses \u00e9paules.<\/p>\n<p>\u00ab\u00a0Chouette\u00a0\u00bb et m\u00eame \u00ab\u00a0cool\u00a0\u00bb<\/p>\n<p>Les \u00e9tendards et les drapeaux entrent sur la place. Ce c\u00e9r\u00e9monial r\u00e9jouit Nicolas, 45 ans. Cet&#8230;<\/p>\n","protected":false},"excerpt":{"rendered":"Il y a les fid\u00e8les. Comme Sylvain, 33 ans, et Elvire, 36 ans qui assistent \u00e0 la c\u00e9r\u00e9monie&hellip;\n","protected":false},"author":2,"featured_media":85471,"comment_status":"","ping_status":"","sticky":false,"template":"","format":"standard","meta":{"footnotes":""},"categories":[2820],"tags":[1111,11,3206,2880,1777,674,107,1011,27,775,937,12,25,104,640,2879],"class_list":{"0":"post-85470","1":"post","2":"type-post","3":"status-publish","4":"format-standard","5":"has-post-thumbnail","7":"category-strasbourg","8":"tag-actu","9":"tag-actualites","10":"tag-defense-guerre-conflit","11":"tag-edition-strasbourg","12":"tag-eu","13":"tag-europe","14":"tag-fil-info","15":"tag-fr","16":"tag-france","17":"tag-grand-est","18":"tag-histoire","19":"tag-news","20":"tag-republique-francaise","21":"tag-societe","22":"tag-strasbourg","23":"tag-strasbourg-ville"},"share_on_mastodon":{"url":"https:\/\/pubeurope.com\/@fr\/114474709392979008","error":""},"_links":{"self":[{"href":"https:\/\/www.europesays.com\/fr\/wp-json\/wp\/v2\/posts\/85470","targetHints":{"allow":["GET"]}}],"collection":[{"href":"https:\/\/www.europesays.com\/fr\/wp-json\/wp\/v2\/posts"}],"about":[{"href":"https:\/\/www.europesays.com\/fr\/wp-json\/wp\/v2\/types\/post"}],"author":[{"embeddable":true,"href":"https:\/\/www.europesays.com\/fr\/wp-json\/wp\/v2\/users\/2"}],"replies":[{"embeddable":true,"href":"https:\/\/www.europesays.com\/fr\/wp-json\/wp\/v2\/comments?post=85470"}],"version-history":[{"count":0,"href":"https:\/\/www.europesays.com\/fr\/wp-json\/wp\/v2\/posts\/85470\/revisions"}],"wp:featuredmedia":[{"embeddable":true,"href":"https:\/\/www.europesays.com\/fr\/wp-json\/wp\/v2\/media\/85471"}],"wp:attachment":[{"href":"https:\/\/www.europesays.com\/fr\/wp-json\/wp\/v2\/media?parent=85470"}],"wp:term":[{"taxonomy":"category","embeddable":true,"href":"https:\/\/www.europesays.com\/fr\/wp-json\/wp\/v2\/categories?post=85470"},{"taxonomy":"post_tag","embeddable":true,"href":"https:\/\/www.europesays.com\/fr\/wp-json\/wp\/v2\/tags?post=85470"}],"curies":[{"name":"wp","href":"https:\/\/api.w.org\/{rel}","templated":true}]}}