{"id":85480,"date":"2025-05-08T23:07:23","date_gmt":"2025-05-08T23:07:23","guid":{"rendered":"https:\/\/www.europesays.com\/fr\/85480\/"},"modified":"2025-05-08T23:07:23","modified_gmt":"2025-05-08T23:07:23","slug":"element-a-la-relance-ouvre-a-nantes-et-enrole-le-skater-vincent-milou","status":"publish","type":"post","link":"https:\/\/www.europesays.com\/fr\/85480\/","title":{"rendered":"Element, \u00e0 la relance, ouvre \u00e0 Nantes et enr\u00f4le le skater Vincent Milou"},"content":{"rendered":"<p class=\"article-content col-md-8 offset-md-1\">\n                                La France a beau \u00eatre l&rsquo;un de ses march\u00e9s cl\u00e9s, la marque Element n&rsquo;avait jusque-l\u00e0 pas connu d&rsquo;ambassadeur issu de l&rsquo;Hexagone. L&rsquo;impair est corrig\u00e9 avec Vincent Milou: le skater, finaliste des JO de Tokyo et l&rsquo;un des repr\u00e9sentants tricolores \u00e0 Paris, est devenu le premier pro-rider fran\u00e7ais a rejoindre le label cr\u00e9\u00e9 en 1992.<img decoding=\"async\" class=\"news-image\" style=\"width:100%;\" src=\"https:\/\/www.europesays.com\/fr\/wp-content\/uploads\/2025\/05\/dc1f.jpg\" alt=\"Le skater fran\u00e7ais Vincent Milou rejoint Element\" loading=\"lazy\"\/>Le skater fran\ufffdais Vincent Milou rejoint Element &#8211; Gre PoissionnierCr\u00e9\u00e9e aux \u00c9tats-Unis par Johnny Schillereff, qui a quitt\u00e9 l&rsquo;entreprise en 2020, sous le nom Element Underworld, Element fait partie du groupe de marques de glisse Boardriders, qui a son si\u00e8ge europ\u00e9en dans le Sud-Ouest de la France.\n                            <\/p>\n<p>\n                                Tous droits de reproduction et de repr\u00e9sentation r\u00e9serv\u00e9s.<br \/>\u00a9 2025 FashionNetwork.com\n                            <\/p>\n","protected":false},"excerpt":{"rendered":"La France a beau \u00eatre l&rsquo;un de ses march\u00e9s cl\u00e9s, la marque Element n&rsquo;avait jusque-l\u00e0 pas connu d&rsquo;ambassadeur&hellip;\n","protected":false},"author":2,"featured_media":85481,"comment_status":"","ping_status":"","sticky":false,"template":"","format":"standard","meta":{"footnotes":""},"categories":[2818],"tags":[1111,11,2424,8742,537,2423,19486,1777,674,1011,27,19485,2425,985,766,12,2298,2636,2426,2427,25,2421,2422],"class_list":{"0":"post-85480","1":"post","2":"type-post","3":"status-publish","4":"format-standard","5":"has-post-thumbnail","7":"category-nantes","8":"tag-actu","9":"tag-actualites","10":"tag-beaute","11":"tag-boardriders","12":"tag-contact","13":"tag-cosmetiques","14":"tag-element","15":"tag-eu","16":"tag-europe","17":"tag-fr","18":"tag-france","19":"tag-groupe-beaumanoir","20":"tag-luxe","21":"tag-mode","22":"tag-nantes","23":"tag-news","24":"tag-parfum","25":"tag-pays-de-la-loire","26":"tag-professionnel","27":"tag-professionnels","28":"tag-republique-francaise","29":"tag-reseau","30":"tag-textile"},"share_on_mastodon":{"url":"https:\/\/pubeurope.com\/@fr\/114474729037998376","error":""},"_links":{"self":[{"href":"https:\/\/www.europesays.com\/fr\/wp-json\/wp\/v2\/posts\/85480","targetHints":{"allow":["GET"]}}],"collection":[{"href":"https:\/\/www.europesays.com\/fr\/wp-json\/wp\/v2\/posts"}],"about":[{"href":"https:\/\/www.europesays.com\/fr\/wp-json\/wp\/v2\/types\/post"}],"author":[{"embeddable":true,"href":"https:\/\/www.europesays.com\/fr\/wp-json\/wp\/v2\/users\/2"}],"replies":[{"embeddable":true,"href":"https:\/\/www.europesays.com\/fr\/wp-json\/wp\/v2\/comments?post=85480"}],"version-history":[{"count":0,"href":"https:\/\/www.europesays.com\/fr\/wp-json\/wp\/v2\/posts\/85480\/revisions"}],"wp:featuredmedia":[{"embeddable":true,"href":"https:\/\/www.europesays.com\/fr\/wp-json\/wp\/v2\/media\/85481"}],"wp:attachment":[{"href":"https:\/\/www.europesays.com\/fr\/wp-json\/wp\/v2\/media?parent=85480"}],"wp:term":[{"taxonomy":"category","embeddable":true,"href":"https:\/\/www.europesays.com\/fr\/wp-json\/wp\/v2\/categories?post=85480"},{"taxonomy":"post_tag","embeddable":true,"href":"https:\/\/www.europesays.com\/fr\/wp-json\/wp\/v2\/tags?post=85480"}],"curies":[{"name":"wp","href":"https:\/\/api.w.org\/{rel}","templated":true}]}}