{"id":85492,"date":"2025-05-08T23:14:09","date_gmt":"2025-05-08T23:14:09","guid":{"rendered":"https:\/\/www.europesays.com\/fr\/85492\/"},"modified":"2025-05-08T23:14:09","modified_gmt":"2025-05-08T23:14:09","slug":"marseille-concert-de-bad-bunny-au-velodrome-en-2026-comment-obtenir-ses-places","status":"publish","type":"post","link":"https:\/\/www.europesays.com\/fr\/85492\/","title":{"rendered":"Marseille. Concert de Bad Bunny au V\u00e9lodrome en 2026 : comment obtenir ses places\u00a0?"},"content":{"rendered":"<p>Cette fois, c\u2019est officiel. Apr\u00e8s avoir sp\u00e9cul\u00e9 sur <a href=\"https:\/\/actu.fr\/provence-alpes-cote-d-azur\/marseille_13055\/bad-bunny-en-concert-au-velodrome-ces-indices-confirment-la-venue-de-la-star-a-marseille_62594018.html\" rel=\"nofollow noopener\" target=\"_blank\">la venue de Bad Bunny<\/a> \u00e0 <a href=\"https:\/\/actu.fr\/marseille\/\" rel=\"nofollow noopener\" target=\"_blank\">Marseille<\/a>, <a href=\"https:\/\/actu.fr\/tag\/stade-velodrome\" rel=\"nofollow noopener\" target=\"_blank\">le stade V\u00e9lodrome<\/a> a officialis\u00e9 mardi 6\u00a0mai 2025 la date du concert de l\u2019artiste portoricain sur <a href=\"https:\/\/actu.fr\/tag\/reseaux-sociaux\" rel=\"nofollow noopener\" target=\"_blank\">ses r\u00e9seaux sociaux<\/a>. Il se produira sur sc\u00e8ne <strong>le 1er\u00a0juillet 2026<\/strong>.<\/p>\n<p>La billetterie ouvre ce vendredi<\/p>\n<p class=\" wall-content\">M\u00eame si la date para\u00eet encore loin, il ne faudra pas trop tarder pour penser \u00e0 sa venue, puisque<strong> la billetterie ouvre d\u00e8s ce vendredi 9\u00a0mai 2025 \u00e0 midi<\/strong> sur les diff\u00e9rentes plateformes de vente.<\/p>\n<p class=\" wall-content\">Plusieurs d\u2019entre elles se tiennent d\u00e9j\u00e0 pr\u00eates \u00e0 commercialiser les places\u2009: <a href=\"https:\/\/www.spectacles.carrefour.fr\/fr\/manifestation\/bad-bunny-billet\/idmanif\/622268\" rel=\"nofollow noopener\" target=\"_blank\">Carrefour<\/a>, <a href=\"https:\/\/www.fnacspectacles.com\/event\/bad-bunny-debi-tirar-mas-fotos-world-tour-orange-velodrome-20227318\/?srsltid=AfmBOoqNhDyqIYf6hqcFDxL9sdDUO7ug0S0Jn-coIzwNgMeBr89zOc_r\" rel=\"nofollow noopener\" target=\"_blank\">Fnac Spectacles<\/a> ou encore <a href=\"https:\/\/www.leclercbilletterie.com\/fr\/manifestation\/bad-bunny-billet\/idmanif\/622268\" rel=\"nofollow noopener\" target=\"_blank\">Leclerc<\/a>.<\/p>\n<p class=\" wall-content\">Pour les plus impatients,<strong> des phases de pr\u00e9vente ouvriront d\u00e8s ce jeudi 8\u00a0mai \u00e0 midi<\/strong> \u00e9galement sur les sites mentionn\u00e9s ci-dessus, mais aussi sur <a href=\"https:\/\/www.livenation.fr\/show\/1596791\/bad-bunny-deb%C3%AD-tirar-m%C3%A1s-fotos-world-tour\/marseille\/2026-07-01\" rel=\"nofollow noopener\" target=\"_blank\">Live Nation France<\/a>.<\/p>\n<p>Quel prix\u2009?<\/p>\n<p class=\" wall-content\">Concernant le prix des billets, rien n\u2019est en encore officiel. Mais plusieurs internautes affirment avoir r\u00e9ussi \u00e0 trouver cette information importante. Plusieurs \u00e9voquent sur <a href=\"https:\/\/actu.fr\/tag\/tiktok\" rel=\"nofollow noopener\" target=\"_blank\">TikTok<\/a> des <strong>places allant de 98\u00a0euros en pelouse \u00e0 160\u00a0euros en carr\u00e9 or<\/strong>.<\/p>\n<p>Vid\u00e9os : en ce moment sur Actu<\/p>\n<blockquote class=\"tiktok-embed\" cite=\"https:\/\/www.tiktok.com\/@chloecfi\/video\/7501295503850753302\" data-video-id=\"7501295503850753302\" data-embed-from=\"oembed\" style=\"max-width:605px; min-width:325px;\"><p>\n<a target=\"_blank\" title=\"@chloecfi\" href=\"https:\/\/www.tiktok.com\/@chloecfi?refer=embed\" rel=\"nofollow noopener\">@chloecfi<\/a> <\/p>\n<p><a title=\"badbunnypr\" target=\"_blank\" href=\"https:\/\/www.tiktok.com\/tag\/badbunnypr?refer=embed\" rel=\"nofollow noopener\">#badbunnypr<\/a> <a title=\"badbunnyconcert\" target=\"_blank\" href=\"https:\/\/www.tiktok.com\/tag\/badbunnyconcert?refer=embed\" rel=\"nofollow noopener\">#badbunnyconcert<\/a> <a title=\"marseille\" target=\"_blank\" href=\"https:\/\/www.tiktok.com\/tag\/marseille?refer=embed\" rel=\"nofollow noopener\">#marseille<\/a> <a title=\"concertmarseille\" target=\"_blank\" href=\"https:\/\/www.tiktok.com\/tag\/concertmarseille?refer=embed\" rel=\"nofollow noopener\">#concertmarseille<\/a> <a title=\"badbunnyfans\" target=\"_blank\" href=\"https:\/\/www.tiktok.com\/tag\/badbunnyfans?refer=embed\" rel=\"nofollow noopener\">#badbunnyfans<\/a> <a title=\"badbunnyedits\" target=\"_blank\" href=\"https:\/\/www.tiktok.com\/tag\/badbunnyedits?refer=embed\" rel=\"nofollow noopener\">#badbunnyedits<\/a> <a title=\"badbunnylive\" target=\"_blank\" href=\"https:\/\/www.tiktok.com\/tag\/badbunnylive?refer=embed\" rel=\"nofollow noopener\">#badbunnylive<\/a> <a title=\"dtmf\" target=\"_blank\" href=\"https:\/\/www.tiktok.com\/tag\/dtmf?refer=embed\" rel=\"nofollow noopener\">#dtmf<\/a> <a title=\"velodrome\" target=\"_blank\" href=\"https:\/\/www.tiktok.com\/tag\/velodrome?refer=embed\" rel=\"nofollow noopener\">#velodrome<\/a> <a title=\"ladefensearena\" target=\"_blank\" href=\"https:\/\/www.tiktok.com\/tag\/ladefensearena?refer=embed\" rel=\"nofollow noopener\">#ladefensearena<\/a><\/p>\n<p> <a target=\"_blank\" title=\"\u266c son original - Chloecfi\" href=\"https:\/\/www.tiktok.com\/music\/son-original-7501295498718759702?refer=embed\" rel=\"nofollow noopener\">\u266c son original \u2013 Chloecfi<\/a> <\/p>\n<\/blockquote>\n<p class=\" wall-content\">Le <a href=\"https:\/\/pariseventicket.com\/bad-bunny-marseille-01-07-2026.html\" rel=\"nofollow noopener\" target=\"_blank\">site Paris Event Ticket<\/a> \u2013 car la star aux millions d\u2019albums vendus se produira aussi dans la capitale dans le cadre de sa tourn\u00e9e mondiale \u2013 \u00e9crit que les billets seront accessibles \u00e0 partir de 97\u00a0euros.<\/p>\n<p class=\" wall-content\">Pour esp\u00e9rer apercevoir Bad Bunny, il faudra donc y mettre le prix.<\/p>\n<p class=\" wall-content\">Suivez toute l\u2019actualit\u00e9 de vos villes et m\u00e9dias favoris en vous inscrivant \u00e0 <a href=\"https:\/\/moncompte.actu.fr\" title=\"D\u00e9couvez Mon Actu\" rel=\"nofollow noopener\" data-trk=\"{&quot;cta&quot;:{&quot;action&quot;:&quot;https:\\\/\\\/moncompte.actu.fr&quot;,&quot;category&quot;:&quot;mon compte&quot;,&quot;from&quot;:&quot;article footer&quot;,&quot;name&quot;:&quot;Mon actu&quot;,&quot;type&quot;:&quot;cta&quot;}}\" target=\"_blank\">Mon Actu<\/a>.<\/p>\n<p>                    <script async src=\"\/\/www.tiktok.com\/embed.js\"><\/script><\/p>\n","protected":false},"excerpt":{"rendered":"Cette fois, c\u2019est officiel. Apr\u00e8s avoir sp\u00e9cul\u00e9 sur la venue de Bad Bunny \u00e0 Marseille, le stade V\u00e9lodrome&hellip;\n","protected":false},"author":2,"featured_media":76416,"comment_status":"","ping_status":"","sticky":false,"template":"","format":"standard","meta":{"footnotes":""},"categories":[2814],"tags":[1111,11,1697,1777,674,1011,27,1652,884,873,12,882,25,1280],"class_list":{"0":"post-85492","1":"post","2":"type-post","3":"status-publish","4":"format-standard","5":"has-post-thumbnail","7":"category-marseille","8":"tag-actu","9":"tag-actualites","10":"tag-concert","11":"tag-eu","12":"tag-europe","13":"tag-fr","14":"tag-france","15":"tag-loisirs-culture","16":"tag-marseille","17":"tag-musique","18":"tag-news","19":"tag-provence-alpes-cote-dazur","20":"tag-republique-francaise","21":"tag-stade-velodrome"},"share_on_mastodon":{"url":"https:\/\/pubeurope.com\/@fr\/114474756814624282","error":""},"_links":{"self":[{"href":"https:\/\/www.europesays.com\/fr\/wp-json\/wp\/v2\/posts\/85492","targetHints":{"allow":["GET"]}}],"collection":[{"href":"https:\/\/www.europesays.com\/fr\/wp-json\/wp\/v2\/posts"}],"about":[{"href":"https:\/\/www.europesays.com\/fr\/wp-json\/wp\/v2\/types\/post"}],"author":[{"embeddable":true,"href":"https:\/\/www.europesays.com\/fr\/wp-json\/wp\/v2\/users\/2"}],"replies":[{"embeddable":true,"href":"https:\/\/www.europesays.com\/fr\/wp-json\/wp\/v2\/comments?post=85492"}],"version-history":[{"count":0,"href":"https:\/\/www.europesays.com\/fr\/wp-json\/wp\/v2\/posts\/85492\/revisions"}],"wp:featuredmedia":[{"embeddable":true,"href":"https:\/\/www.europesays.com\/fr\/wp-json\/wp\/v2\/media\/76416"}],"wp:attachment":[{"href":"https:\/\/www.europesays.com\/fr\/wp-json\/wp\/v2\/media?parent=85492"}],"wp:term":[{"taxonomy":"category","embeddable":true,"href":"https:\/\/www.europesays.com\/fr\/wp-json\/wp\/v2\/categories?post=85492"},{"taxonomy":"post_tag","embeddable":true,"href":"https:\/\/www.europesays.com\/fr\/wp-json\/wp\/v2\/tags?post=85492"}],"curies":[{"name":"wp","href":"https:\/\/api.w.org\/{rel}","templated":true}]}}