{"id":855358,"date":"2026-04-08T12:30:37","date_gmt":"2026-04-08T12:30:37","guid":{"rendered":"https:\/\/www.europesays.com\/fr\/855358\/"},"modified":"2026-04-08T12:30:37","modified_gmt":"2026-04-08T12:30:37","slug":"ce-week-end-cest-le-retour-du-tour-de-reze-avec-des-randos-a-la-tombee-du-jour-2","status":"publish","type":"post","link":"https:\/\/www.europesays.com\/fr\/855358\/","title":{"rendered":"Ce week-end, c\u2019est le retour du Tour de Rez\u00e9 avec des randos \u00e0 la tomb\u00e9e du jour"},"content":{"rendered":"<p>\u00c0 Rez\u00e9, le traditionnel Tour de Rez\u00e9 change d\u2019horaires. Pour sa 23e \u00e9dition, samedi 11\u00a0avril, la randonn\u00e9e se vivra \u00e0 la tomb\u00e9e du jour, avec des d\u00e9parts en fin d\u2019apr\u00e8s-midi et une arriv\u00e9e festive au coucher du soleil. Pour cet \u00e9v\u00e9nement, qui attire environ 2\u00a0000\u00a0participants chaque ann\u00e9e, trois parcours sont pr\u00e9vus, tous au d\u00e9part et \u00e0 l\u2019arriv\u00e9e du centre socioculturel Jaunais-Blordi\u00e8re\u00a0:<\/p>\n<p>Une marche de 15\u00a0km partira \u00e0 16\u00a0h\u00a030, avec un ravitaillement \u00e0 la Maison des Isles. La balade de 8\u00a0km partira une heure plus tard, avec un ravitaillement salle de la Mirette. \u00c0 noter que plusieurs parcours ludiques sous forme de chasses aux tr\u00e9sors sont pr\u00e9vus en \u00ab\u00a0g\u00e9ocaching\u00a0\u00bb, d\u2019une longueur de 2 \u00e0 3\u00a0km et accessibles aux personnes \u00e0 mobilit\u00e9 r\u00e9duite\u00a0(d\u00e9part 17\u00a0h).\u00a0Plus sp\u00e9cifiquement \u00e0 destination des enfants, les organisateurs proposent\u00a0deux chasses au tr\u00e9sor familiales avec GPS. L\u2019une r\u00e9serv\u00e9e aux 4-7\u00a0ans au parc de la Morini\u00e8re et une autre pour les 8-15\u00a0ans autour de l\u2019Ilette.<\/p>\n<p>Le Tour de Rez\u00e9 est organis\u00e9 par la Ville avec le concours d\u2019associations\u00a0: AEPR section seniors, centre socioculturel Ragon et Rez\u00e9 rando plaisir, qui participent \u00e0 la conception des parcours, \u00e0 leur balisage et \u00e0 la tenue des ravitaillements. L\u2019association Team Troc encadrera les d\u00e9parts group\u00e9s.<\/p>\n<p>Samedi 11\u00a0avril. Contact organisation, t\u00e9l.\u00a007\u00a060\u00a093\u00a060\u00a049.<\/p>\n<p>\u00a0<\/p>\n","protected":false},"excerpt":{"rendered":"\u00c0 Rez\u00e9, le traditionnel Tour de Rez\u00e9 change d\u2019horaires. Pour sa 23e \u00e9dition, samedi 11\u00a0avril, la randonn\u00e9e se&hellip;\n","protected":false},"author":2,"featured_media":854779,"comment_status":"","ping_status":"","sticky":false,"template":"","format":"standard","meta":{"footnotes":"","_share_on_mastodon":"0"},"categories":[2818],"tags":[1111,11,1777,674,1011,27,4432,766,12,2636,92587,25,8133,3740,3272,11926,3584,4064],"class_list":["post-855358","post","type-post","status-publish","format-standard","has-post-thumbnail","category-nantes","tag-actu","tag-actualites","tag-eu","tag-europe","tag-fr","tag-france","tag-jour","tag-nantes","tag-news","tag-pays-de-la-loire","tag-randos","tag-republique-francaise","tag-retour","tag-reze","tag-saint-nazaire","tag-tombee","tag-tour","tag-week-end"],"share_on_mastodon":{"url":"https:\/\/pubeurope.com\/@fr\/116369098537555642","error":""},"_links":{"self":[{"href":"https:\/\/www.europesays.com\/fr\/wp-json\/wp\/v2\/posts\/855358","targetHints":{"allow":["GET"]}}],"collection":[{"href":"https:\/\/www.europesays.com\/fr\/wp-json\/wp\/v2\/posts"}],"about":[{"href":"https:\/\/www.europesays.com\/fr\/wp-json\/wp\/v2\/types\/post"}],"author":[{"embeddable":true,"href":"https:\/\/www.europesays.com\/fr\/wp-json\/wp\/v2\/users\/2"}],"replies":[{"embeddable":true,"href":"https:\/\/www.europesays.com\/fr\/wp-json\/wp\/v2\/comments?post=855358"}],"version-history":[{"count":0,"href":"https:\/\/www.europesays.com\/fr\/wp-json\/wp\/v2\/posts\/855358\/revisions"}],"wp:featuredmedia":[{"embeddable":true,"href":"https:\/\/www.europesays.com\/fr\/wp-json\/wp\/v2\/media\/854779"}],"wp:attachment":[{"href":"https:\/\/www.europesays.com\/fr\/wp-json\/wp\/v2\/media?parent=855358"}],"wp:term":[{"taxonomy":"category","embeddable":true,"href":"https:\/\/www.europesays.com\/fr\/wp-json\/wp\/v2\/categories?post=855358"},{"taxonomy":"post_tag","embeddable":true,"href":"https:\/\/www.europesays.com\/fr\/wp-json\/wp\/v2\/tags?post=855358"}],"curies":[{"name":"wp","href":"https:\/\/api.w.org\/{rel}","templated":true}]}}