{"id":85542,"date":"2025-05-08T23:46:12","date_gmt":"2025-05-08T23:46:12","guid":{"rendered":"https:\/\/www.europesays.com\/fr\/85542\/"},"modified":"2025-05-08T23:46:12","modified_gmt":"2025-05-08T23:46:12","slug":"new-york-section-criminelle-s07-e11-les-exclus","status":"publish","type":"post","link":"https:\/\/www.europesays.com\/fr\/85542\/","title":{"rendered":"New York Section Criminelle &#8211; S07 E11 &#8211; Les exclus"},"content":{"rendered":"<p id=\"descriptionPanel\" aria-labelledby=\"descriptionArrow\" aria-expanded=\"false\" class=\"mr-2 line-clamp-2 pr-2.5 text-secondary overflow-visible\">Goren, suspendu six mois sans solde, rencontre Mike Stoat, un flic victime du m\u00eame genre de mesure disciplinaire pour consommation de drogue. En attendant de retrouver leurs plaques, Mike lui propose de travailler avec lui dans la \u00abs\u00e9curit\u00e9 priv\u00e9e\u00bb : il joue les videurs pour des bo\u00eetes de nuit et les gros bras pour des patrons de bars louches. Eames m\u00e8ne l&rsquo;enqu\u00eate sur la mort de deux touristes anglais apparemment tu\u00e9s pour avoir \u00e9t\u00e9 t\u00e9moins d&rsquo;un r\u00e8glement de compte entre dealers. L&rsquo;arme utilis\u00e9e aurait \u00e9t\u00e9 vol\u00e9e au d\u00e9p\u00f4t de la police o\u00f9 sont stock\u00e9es les pi\u00e8ces \u00e0 conviction. Eames d\u00e9couvre alors que l&rsquo;ex-\u00e9quipi\u00e8re de Stoats, elle aussi sous le coup d&rsquo;une mesure disciplinaire, a \u00e9t\u00e9 d\u00e9grad\u00e9e et affect\u00e9e dans ce d\u00e9p\u00f4t.<\/p>\n<p><a class=\"shrink-0\" href=\"https:\/\/www.tf1.fr\/tf1\/new-york-section-criminelle\" rel=\"nofollow noopener\" target=\"_blank\"><img decoding=\"async\" src=\"https:\/\/www.europesays.com\/fr\/wp-content\/uploads\/2025\/05\/program-card-portrait-1-afd805-79c423-0@1x.jpg\" width=\"138\" height=\"184\" alt=\"\" loading=\"eager\" fetchpriority=\"auto\" class=\"aspect-[3\/4] h-24 w-auto rounded-3px\" aria-hidden=\"true\"\/><\/a><\/p>\n","protected":false},"excerpt":{"rendered":"Goren, suspendu six mois sans solde, rencontre Mike Stoat, un flic victime du m\u00eame genre de mesure disciplinaire&hellip;\n","protected":false},"author":2,"featured_media":85543,"comment_status":"","ping_status":"","sticky":false,"template":"","format":"standard","meta":{"footnotes":""},"categories":[1356],"tags":[58,59,1365,19494,1011,27,19496,19495,19498,252,1364,19499,19497],"class_list":{"0":"post-85542","1":"post","2":"type-post","3":"status-publish","4":"format-standard","5":"has-post-thumbnail","7":"category-television","8":"tag-divertissement","9":"tag-entertainment","10":"tag-episode","11":"tag-episode-new-york-section-criminelle","12":"tag-fr","13":"tag-france","14":"tag-new-york-section-criminelle","15":"tag-new-york-section-criminelle-episode","16":"tag-streaming-new-york-section-criminelle","17":"tag-television","18":"tag-tv","19":"tag-video-en-streaming-new-york-section-criminelle","20":"tag-video-new-york-section-criminelle"},"share_on_mastodon":{"url":"https:\/\/pubeurope.com\/@fr\/114474882396576062","error":""},"_links":{"self":[{"href":"https:\/\/www.europesays.com\/fr\/wp-json\/wp\/v2\/posts\/85542","targetHints":{"allow":["GET"]}}],"collection":[{"href":"https:\/\/www.europesays.com\/fr\/wp-json\/wp\/v2\/posts"}],"about":[{"href":"https:\/\/www.europesays.com\/fr\/wp-json\/wp\/v2\/types\/post"}],"author":[{"embeddable":true,"href":"https:\/\/www.europesays.com\/fr\/wp-json\/wp\/v2\/users\/2"}],"replies":[{"embeddable":true,"href":"https:\/\/www.europesays.com\/fr\/wp-json\/wp\/v2\/comments?post=85542"}],"version-history":[{"count":0,"href":"https:\/\/www.europesays.com\/fr\/wp-json\/wp\/v2\/posts\/85542\/revisions"}],"wp:featuredmedia":[{"embeddable":true,"href":"https:\/\/www.europesays.com\/fr\/wp-json\/wp\/v2\/media\/85543"}],"wp:attachment":[{"href":"https:\/\/www.europesays.com\/fr\/wp-json\/wp\/v2\/media?parent=85542"}],"wp:term":[{"taxonomy":"category","embeddable":true,"href":"https:\/\/www.europesays.com\/fr\/wp-json\/wp\/v2\/categories?post=85542"},{"taxonomy":"post_tag","embeddable":true,"href":"https:\/\/www.europesays.com\/fr\/wp-json\/wp\/v2\/tags?post=85542"}],"curies":[{"name":"wp","href":"https:\/\/api.w.org\/{rel}","templated":true}]}}