{"id":85729,"date":"2025-05-09T01:48:10","date_gmt":"2025-05-09T01:48:10","guid":{"rendered":"https:\/\/www.europesays.com\/fr\/85729\/"},"modified":"2025-05-09T01:48:10","modified_gmt":"2025-05-09T01:48:10","slug":"leon-xiv-elu-pape-de-leurope-a-lamerique-la-communaute-internationale-espere-un-pontificat-de-paix","status":"publish","type":"post","link":"https:\/\/www.europesays.com\/fr\/85729\/","title":{"rendered":"L\u00e9on XIV \u00e9lu pape\u00a0: de l\u2019Europe \u00e0 l\u2019Am\u00e9rique, la communaut\u00e9 internationale esp\u00e8re un pontificat de \u00ab\u00a0paix\u00a0\u00bb"},"content":{"rendered":"<p class=\"paragraph text_align_left\">En p\u00e9riode d\u2019incertitudes g\u00e9opolitiques, les dirigeants mondiaux rassur\u00e9s par la promesse d\u2019un pontificat d\u2019\u00e9coute et de synth\u00e8se. <a href=\"https:\/\/www.leparisien.fr\/societe\/religions\/qui-est-le-cardinal-americain-robert-francis-prevost-nouveau-pape-nomme-leon-xiv-08-05-2025-PJPPEY3ACBGJLHXSVLLB2FCZXE.php\" target=\"_blank\" rel=\"nofollow noopener\">L\u2019Am\u00e9ricain Robert Francis Prevost<\/a>, 69 ans, devenu jeudi sous le nom de L\u00e9on XIV <a href=\"https:\/\/www.leparisien.fr\/societe\/religions\/habemus-papam-le-cardinal-americain-robert-francis-prevost-elu-pape-08-05-2025-QOPNHEI7LBFGDPU5EGJFZUSEXQ.php\" target=\"_blank\" rel=\"nofollow noopener\">le nouveau pape<\/a>, a lanc\u00e9 un \u00ab appel de paix \u00bb \u00e0 \u00ab tous les peuples \u00bb lors de sa premi\u00e8re apparition devant une foule en liesse.<\/p>\n<p class=\"paragraph text_align_left\">En Europe, <a href=\"https:\/\/www.leparisien.fr\/politique\/emmanuel-macron\/\" target=\"_blank\" rel=\"nofollow noopener\">Emmanuel Macron<\/a> a plaid\u00e9 pour que le \u00ab nouveau pontificat soit porteur de paix et d\u2019esp\u00e9rance \u00bb, alors qu\u2019\u00e9tait c\u00e9l\u00e9br\u00e9 ce jeudi le 80e anniversaire de la <a href=\"https:\/\/www.leparisien.fr\/international\/8-mai-1945-lallemagne-vaincue-la-guerre-sarrete-en-europe-18-06-2024-KZ6AN3O5IZHB5JAFPIWFT5SURE.php#:~:text=Syrie-,8%20mai%201945%20%3A%20l&#039;Allemagne%20vaincue%2C%20la%20guerre%20s,six%20ann%C3%A9es%20de%20guerre%20mondiale.\" target=\"_blank\" rel=\"nofollow noopener\">fin de la Seconde Guerre mondiale<\/a> en Europe. Le Premier ministre espagnol, le socialiste <a href=\"https:\/\/www.leparisien.fr\/international\/espagne-le-premier-ministre-pedro-sanchez-ne-quittera-pas-son-poste-malgre-louverture-dune-enquete-visant-son-epouse-29-04-2024-LN4KNOADP5H6LBZFAGT43QB6A4.php\" target=\"_blank\" rel=\"nofollow noopener\">Pedro S\u00e1nchez<\/a>, a affirm\u00e9 esp\u00e9rer que L\u00e9on XIV pourra contribuer \u00e0 \u00ab renforcer la d\u00e9fense des Droits humains dans un monde qui a besoin d\u2019espoir et d\u2019unit\u00e9 \u00bb.<\/p>\n<blockquote class=\"twitter-tweet\">\n<p lang=\"fr\" dir=\"ltr\">Moment historique pour l\u2019\u00c9glise catholique et ses millions de fid\u00e8les. Au Pape L\u00e9on XIV, \u00e0 tous les catholiques de France et du monde, j\u2019adresse un message fraternel.<\/p>\n<p>En ce 8 mai, que ce nouveau pontificat soit porteur de paix et d\u2019esp\u00e9rance.<\/p>\n<p>\u2014 Emmanuel Macron (@EmmanuelMacron) <a href=\"https:\/\/twitter.com\/EmmanuelMacron\/status\/1920538890210885950?ref_src=twsrc%5Etfw\" rel=\"nofollow noopener\" target=\"_blank\">May 8, 2025<\/a><\/p><\/blockquote>\n<p class=\"paragraph text_align_left\">La pr\u00e9sidente de la Commission europ\u00e9enne, <a href=\"https:\/\/www.leparisien.fr\/international\/ursula-von-der-leyen\/\" target=\"_blank\" rel=\"nofollow noopener\">Ursula von der Leyen<\/a>, a pour sa part soulign\u00e9 la n\u00e9cessit\u00e9 d\u2019un pontificat en faveur \u00ab de la paix et du dialogue \u00bb. Le britannique Keir Starmer a salu\u00e9 un \u00ab moment majeur \u00bb tandis que l\u2019italienne Giorgia Meloni s\u2019est r\u00e9jouie du premier discours du L\u00e9on XIV, un \u00ab appel puissant la paix \u00bb.<\/p>\n<p>R\u00e9actions diff\u00e9rentes \u00e0 Kiev et Moscou<\/p>\n<p class=\"paragraph text_align_left\">Le pr\u00e9sident ukrainien <a href=\"https:\/\/www.leparisien.fr\/international\/volodymyr-zelensky\/\" target=\"_blank\" rel=\"nofollow noopener\">Volodymyr Zelensky<\/a> esp\u00e8re, lui, <a href=\"https:\/\/x.com\/ZelenskyyUa\/status\/1920536707079823589\" target=\"_blank\" rel=\"nofollow\">sur X<\/a>, que le Vatican continuera \u00e0 soutenir \u00ab moralement et spirituellement \u00bb Kiev pour \u00ab r\u00e9tablir la justice et parvenir \u00e0 une paix durable \u00bb avec Moscou. Pas d\u2019appel \u00e0 la paix en revanche pour <a href=\"https:\/\/www.leparisien.fr\/international\/vladimir-poutine\/\" target=\"_blank\" rel=\"nofollow noopener\">Vladimir Poutine<\/a>, le pr\u00e9sident russe soulignant l\u2019importance du \u00ab dialogue constructif \u00bb entre Moscou et le Vatican \u00ab sur la base des valeurs chr\u00e9tiennes qui nous unissent \u00bb.<\/p>\n<p class=\"paragraph text_align_left\">Le pr\u00e9sident isra\u00e9lien, Isaac Herzog, a dit esp\u00e9rer jeudi un renforcement des liens entre son pays et le Saint-Si\u00e8ge, d\u00e9t\u00e9rior\u00e9s depuis les attaques du 7 octobre 2023 et les <a href=\"https:\/\/www.leparisien.fr\/international\/israel\/gaza-le-pape-francois-legue-une-papamobile-transformee-en-unite-mobile-de-soins-pour-enfants-05-05-2025-SGTYBBIJPBFSJF34T4ZD5V56NM.php\" target=\"_blank\" rel=\"nofollow noopener\">prises de position critiques de Fran\u00e7ois sur la guerre \u00e0 Gaza<\/a>.<\/p>\n<p class=\"paragraph text_align_left\">Le premier souverain pontife venant des \u00c9tats-Unis de l\u2019Histoire a \u00e9galement \u00e9t\u00e9 f\u00e9licit\u00e9 par le locataire de la Maison-Blanche. \u00ab Quelle excitation et quel grand honneur pour notre pays \u00bb, a \u00e9crit <a href=\"https:\/\/www.leparisien.fr\/international\/etats-unis\/donald-trump\/\" target=\"_blank\" rel=\"nofollow noopener\">Donald Trump<\/a> sur Truth Social, se disant \u00ab impatient \u00bb de rencontrer le nouveau chef de l\u2019\u00c9glise catholique.<\/p>\n<p class=\"paragraph text_align_left\">En Am\u00e9rique du Sud, le pr\u00e9sident colombien <a href=\"https:\/\/www.leparisien.fr\/international\/le-president-colombien-gustavo-petro-veut-legaliser-la-vente-de-cocaine-pas-plus-mauvaise-que-le-whisky-06-02-2025-I2GNN6AOAVH2FMNQ7KBSNJJGNE.php\" target=\"_blank\" rel=\"nofollow noopener\">Gustavo Petro<\/a> a lui dit esp\u00e9rer que le nouveau pontife L\u00e9on XIV d\u00e9fendra les migrants latino-am\u00e9ricains \u00ab humili\u00e9s \u00bb dans son pays natal, les \u00c9tats-Unis. Une r\u00e9f\u00e9rence notamment aux ann\u00e9es pass\u00e9es au P\u00e9rou par Robert Francis Prevost.<\/p>\n<p><script async src=\"https:\/\/platform.twitter.com\/widgets.js\" charset=\"utf-8\"><\/script><\/p>\n","protected":false},"excerpt":{"rendered":"En p\u00e9riode d\u2019incertitudes g\u00e9opolitiques, les dirigeants mondiaux rassur\u00e9s par la promesse d\u2019un pontificat d\u2019\u00e9coute et de synth\u00e8se. L\u2019Am\u00e9ricain&hellip;\n","protected":false},"author":2,"featured_media":85730,"comment_status":"","ping_status":"","sticky":false,"template":"","format":"standard","meta":{"footnotes":""},"categories":[1586],"tags":[11,1777,674,1011,27,14,12,11725,25,104],"class_list":{"0":"post-85729","1":"post","2":"type-post","3":"status-publish","4":"format-standard","5":"has-post-thumbnail","7":"category-europe","8":"tag-actualites","9":"tag-eu","10":"tag-europe","11":"tag-fr","12":"tag-france","13":"tag-international","14":"tag-news","15":"tag-religions","16":"tag-republique-francaise","17":"tag-societe"},"share_on_mastodon":{"url":"https:\/\/pubeurope.com\/@fr\/114475362101437980","error":""},"_links":{"self":[{"href":"https:\/\/www.europesays.com\/fr\/wp-json\/wp\/v2\/posts\/85729","targetHints":{"allow":["GET"]}}],"collection":[{"href":"https:\/\/www.europesays.com\/fr\/wp-json\/wp\/v2\/posts"}],"about":[{"href":"https:\/\/www.europesays.com\/fr\/wp-json\/wp\/v2\/types\/post"}],"author":[{"embeddable":true,"href":"https:\/\/www.europesays.com\/fr\/wp-json\/wp\/v2\/users\/2"}],"replies":[{"embeddable":true,"href":"https:\/\/www.europesays.com\/fr\/wp-json\/wp\/v2\/comments?post=85729"}],"version-history":[{"count":0,"href":"https:\/\/www.europesays.com\/fr\/wp-json\/wp\/v2\/posts\/85729\/revisions"}],"wp:featuredmedia":[{"embeddable":true,"href":"https:\/\/www.europesays.com\/fr\/wp-json\/wp\/v2\/media\/85730"}],"wp:attachment":[{"href":"https:\/\/www.europesays.com\/fr\/wp-json\/wp\/v2\/media?parent=85729"}],"wp:term":[{"taxonomy":"category","embeddable":true,"href":"https:\/\/www.europesays.com\/fr\/wp-json\/wp\/v2\/categories?post=85729"},{"taxonomy":"post_tag","embeddable":true,"href":"https:\/\/www.europesays.com\/fr\/wp-json\/wp\/v2\/tags?post=85729"}],"curies":[{"name":"wp","href":"https:\/\/api.w.org\/{rel}","templated":true}]}}