{"id":857333,"date":"2026-04-09T09:50:45","date_gmt":"2026-04-09T09:50:45","guid":{"rendered":"https:\/\/www.europesays.com\/fr\/857333\/"},"modified":"2026-04-09T09:50:45","modified_gmt":"2026-04-09T09:50:45","slug":"la-cupra-raval-vient-bousculer-le-marche-de-lelectrique-frandroid","status":"publish","type":"post","link":"https:\/\/www.europesays.com\/fr\/857333\/","title":{"rendered":"la Cupra Raval vient bousculer le march\u00e9 de l&rsquo;\u00e9lectrique \u2014 Frandroid"},"content":{"rendered":"<p>Voici la nouvelle voiture \u00e9lectrique du groupe Volkswagen \u00e0 moins de 25 000 \u20ac gr\u00e2ce au bonus : la Cupra Raval. Cette cousine de la Volkswagen ID. Polo \u00e9lectrique d\u00e9voile ses caract\u00e9ristiques techniques et son design. La Renault 5 E-Tech a une nouvelle concurrente.<\/p>\n<p><a href=\"https:\/\/images.frandroid.com\/wp-content\/uploads\/2026\/04\/14-cupra-raval-manganese-matt.jpg\" target=\"_blank\" class=\"article-content__figure\" rel=\"nofollow noopener\"><img fetchpriority=\"high\" decoding=\"async\" loading=\"eager\" width=\"1200\" height=\"749\" src=\"https:\/\/www.europesays.com\/fr\/wp-content\/uploads\/2026\/04\/cupra-raval-vincent-00005.jpg\" alt=\"\" class=\"wp-image-3057835 wp-image wp-image\"  \/><\/a>Cupra Raval \/\/ Source : Cupra<\/p>\n<p>Le groupe <a href=\"https:\/\/www.frandroid.com\/produits\/volkswagen\" rel=\"nofollow noopener\" target=\"_blank\">Volkswagen<\/a> poursuit sa grande offensive sur le segment B. Bas\u00e9e sur la plateforme de la future <a href=\"https:\/\/www.frandroid.com\/marques\/volkswagen\/2962121_volkswagen-id-polo-de-la-version-a-25-000-e-a-la-puissance-de-la-gti-tout-ce-que-lon-sait-sur-la-gamme-2026\" rel=\"nofollow noopener\" target=\"_blank\">ID. Polo \u00e9lectrique<\/a>, la filiale espagnole Cupra d\u00e9voile sa <a href=\"https:\/\/www.frandroid.com\/marques\/cupra\/2784105_une-autre-voiture-electrique-a-25-000-e-arrive-voici-la-tres-mysterieuse-cupra-raval\" rel=\"nofollow noopener\" target=\"_blank\">citadine \u00e0 moins de 25 000 euros annonc\u00e9e il y a quelques mois<\/a>, en grillant la politesse \u00e0 Volkswagen.<\/p>\n<p>Baptis\u00e9e Raval, du nom d\u2019un quartier cr\u00e9atif et urbain de Barcelone, cette nouvelle <a href=\"https:\/\/www.frandroid.com\/guide-dachat\/guides-dachat-survoltes\/guides-dachat-voitures\/1032457_comparatif-meilleures-voitures-electriques-a-choisir\" rel=\"nofollow noopener\" target=\"_blank\">voiture \u00e9lectrique<\/a> entend bien prouver que la compacit\u00e9 peut rimer avec sportivit\u00e9 et technologies de pointe. La promesse est ambitieuse, mais les fiches techniques d\u00e9voil\u00e9es aujourd\u2019hui montrent que le constructeur s\u2019en donne les moyens.<\/p>\n<p><a href=\"https:\/\/images.frandroid.com\/wp-content\/uploads\/2026\/04\/04-cupra-raval-plasma.jpg\" target=\"_blank\" class=\"article-content__figure\" rel=\"nofollow noopener\"><img loading=\"lazy\" decoding=\"async\" width=\"1200\" height=\"800\" src=\"https:\/\/www.europesays.com\/fr\/wp-content\/uploads\/2026\/04\/04-cupra-raval-plasma-1200x800.jpg\" alt=\"\" class=\"wp-image-3057859 wp-image\"  \/><\/a>Cupra Raval \/\/ Source : Cupra<\/p>\n<p>Nous avons pu monter <a href=\"https:\/\/www.frandroid.com\/marques\/cupra\/3058361_je-suis-monte-a-bord-de-la-cupra-raval-volkswagen-sattaque-enfin-a-la-r5-electrique-avec-une-citadine-enervee-a-moins-de-25-000-e\" rel=\"nofollow noopener\" target=\"_blank\">\u00e0 bord de la Cupra Raval, et nous relatons notre exp\u00e9rience et notre avis dans un article d\u00e9di\u00e9<\/a>.<\/p>\n<p>Un design agressif et pens\u00e9 pour l\u2019efficience a\u00e9rodynamique<\/p>\n<p>D\u00e8s le premier coup d\u2019\u0153il, la <a href=\"https:\/\/www.frandroid.com\/produits\/cupra\" rel=\"nofollow noopener\" target=\"_blank\">Cupra<\/a> Raval affiche une posture r\u00e9solument agressive. La face avant est caract\u00e9ris\u00e9e par un dessin en \u00ab shark nose \u00bb (nez de requin), qui conf\u00e8re au v\u00e9hicule une tension musculaire \u00e9vidente. Ce parti pris esth\u00e9tique est soulign\u00e9 par des projecteurs Matrix LED dot\u00e9s d\u2019une cin\u00e9matique d\u2019ouverture sp\u00e9cifique, ainsi que par un logo illumin\u00e9 \u00e0 l\u2019avant comme \u00e0 l\u2019arri\u00e8re.<\/p>\n<p><a href=\"https:\/\/images.frandroid.com\/wp-content\/uploads\/2026\/04\/07-cupra-raval-manganese-matt.jpg\" target=\"_blank\" class=\"article-content__figure\" rel=\"nofollow noopener\"><img loading=\"lazy\" decoding=\"async\" width=\"1200\" height=\"800\" src=\"https:\/\/www.europesays.com\/fr\/wp-content\/uploads\/2026\/04\/07-cupra-raval-manganese-matt-1200x800.jpg\" alt=\"\" class=\"wp-image-3057855 wp-image\"  \/><\/a>Cupra Raval \/\/ Source : Cupra<\/p>\n<p>Cependant, le design ne sacrifie pas l\u2019efficience. Le constructeur indique avoir particuli\u00e8rement soign\u00e9 la gestion des flux d\u2019air pour offrir le meilleur coefficient a\u00e9rodynamique de toute la gamme de la marque, sans le pr\u00e9ciser.<\/p>\n<p>Cette optimisation passe par l\u2019int\u00e9gration de poign\u00e9es de porte affleurantes et dissimul\u00e9es, de rideaux d\u2019air \u00e0 l\u2019avant, d\u2019un spoiler arri\u00e8re et de jantes pleines sp\u00e9cialement dessin\u00e9es pour r\u00e9duire la tra\u00een\u00e9e. Ces derni\u00e8res seront d\u2019ailleurs propos\u00e9es dans des diam\u00e8tres allant de 17 \u00e0 19 pouces selon les versions.<\/p>\n<p>\t\t\t\t\t\t<a href=\"https:\/\/images.frandroid.com\/wp-content\/uploads\/2026\/04\/12-cupra-raval-manganese-matt.jpg\" itemprop=\"url\" rel=\"nofollow noopener\" target=\"_blank\"><\/p>\n<p>\t\t\t\t\t\t\t<img class=\"wp-image\" decoding=\"async\" src=\"https:\/\/www.europesays.com\/fr\/wp-content\/uploads\/2026\/04\/12-cupra-raval-manganese-matt.jpg\"  width=\"460\" height=\"307\" loading=\"lazy\" data-original-width=\"460\" data-original-height=\"307\" itemprop=\"http:\/\/schema.org\/image\" title=\"12_CUPRA Raval Manganese Matt\" alt=\"Cupra Raval \/\/ Source : Cupra\" style=\"width: 460px; height: 307px;\"\/><br \/>\n\t\t\t\t\t\t<\/a><\/p>\n<p>\n\t\t\t\t\t\t\t\tCupra Raval \/\/ Source : Cupra\t\t\t\t\t\t\t<\/p>\n<p>\t\t\t\t\t\t<a href=\"https:\/\/images.frandroid.com\/wp-content\/uploads\/2026\/04\/11-cupra-raval-plasma.jpg\" itemprop=\"url\" rel=\"nofollow noopener\" target=\"_blank\"><\/p>\n<p>\t\t\t\t\t\t\t<img class=\"wp-image\" decoding=\"async\" src=\"https:\/\/www.europesays.com\/fr\/wp-content\/uploads\/2026\/04\/11-cupra-raval-plasma.jpg\"  width=\"460\" height=\"307\" loading=\"lazy\" data-original-width=\"460\" data-original-height=\"307\" itemprop=\"http:\/\/schema.org\/image\" title=\"11_CUPRA Raval Plasma\" alt=\"Cupra Raval \/\/ Source : Cupra\" style=\"width: 460px; height: 307px;\"\/><br \/>\n\t\t\t\t\t\t<\/a><\/p>\n<p>\n\t\t\t\t\t\t\t\tCupra Raval \/\/ Source : Cupra\t\t\t\t\t\t\t<\/p>\n<p>Avec ses 4,046 m\u00e8tres de long, 1,784 m\u00e8tre de large et 1,518 m\u00e8tre de haut, la voiture conserve un gabarit id\u00e9al pour la ville. La marque propose \u00e9galement de nouvelles teintes de carrosserie, dont une peinture iris\u00e9e nomm\u00e9e Plasma, capable de changer de couleur (du cyan au rouge ros\u00e9) selon l\u2019angle de la lumi\u00e8re, compl\u00e9tant des finitions mates plus classiques comme le Vert Manganese.<\/p>\n<tr>\n<td><strong>Sp\u00e9cificit\u00e9s Techniques<\/strong><\/td>\n<td><strong>Dimensions<\/strong><\/td>\n<\/tr>\n<tr>\n<td>Plateforme<\/td>\n<td>MEB+ <\/td>\n<\/tr>\n<tr>\n<td>Transmission<\/td>\n<td>Traction avant <\/td>\n<\/tr>\n<tr>\n<td>Longueur<\/td>\n<td>4 046 mm <\/td>\n<\/tr>\n<tr>\n<td>Largeur<\/td>\n<td>1 784 mm <\/td>\n<\/tr>\n<tr>\n<td>Hauteur<\/td>\n<td>1 518 mm <\/td>\n<\/tr>\n<tr>\n<td>Empattement<\/td>\n<td>2 600 mm <\/td>\n<\/tr>\n<tr>\n<td>Capacit\u00e9 du coffre<\/td>\n<td>441 Litres <\/td>\n<\/tr>\n<p>Habitacle et habitabilit\u00e9 : l\u2019espace d\u2019une grande<\/p>\n<p>Le principal d\u00e9fi des v\u00e9hicules urbains r\u00e9side dans l\u2019optimisation de l\u2019espace int\u00e9rieur. Reposant sur la toute nouvelle plateforme MEB+ du groupe allemand, la Raval tire profit d\u2019un empattement g\u00e9n\u00e9reux de 2,60 m\u00e8tres.<\/p>\n<p><a href=\"https:\/\/images.frandroid.com\/wp-content\/uploads\/2026\/04\/10-cupra-raval-manganese-matt.jpg\" target=\"_blank\" class=\"article-content__figure\" rel=\"nofollow noopener\"><img loading=\"lazy\" decoding=\"async\" width=\"1200\" height=\"773\" src=\"https:\/\/www.europesays.com\/fr\/wp-content\/uploads\/2026\/04\/10-cupra-raval-manganese-matt-1200x773.jpg\" alt=\"\" class=\"wp-image-3057847 wp-image\"  \/><\/a>Cupra Raval \/\/ Source : Cupra<\/p>\n<p>Cette architecture technique, qui repousse les roues aux quatre coins et int\u00e8gre la batterie dans le plancher de mani\u00e8re optimis\u00e9e gr\u00e2ce \u00e0 la technologie \u00ab cell-to-pack \u00bb, permet de d\u00e9gager un espace int\u00e9rieur plus \u00e9lev\u00e9 pour la cat\u00e9gorie.<\/p>\n<p>Le volume du coffre s\u2019\u00e9tablit \u00e0 441 litres. Ce chiffre est rendu possible, selon la marque, par \u00ab l\u2019absence de composants haute tension \u00e0 l\u2019arri\u00e8re du v\u00e9hicule \u00bb.<\/p>\n<p><a href=\"https:\/\/images.frandroid.com\/wp-content\/uploads\/2026\/04\/13-cupra-raval-plasma.jpg\" target=\"_blank\" class=\"article-content__figure\" rel=\"nofollow noopener\"><img loading=\"lazy\" decoding=\"async\" width=\"1200\" height=\"791\" src=\"https:\/\/www.europesays.com\/fr\/wp-content\/uploads\/2026\/04\/13-cupra-raval-plasma-1200x791.jpg\" alt=\"\" class=\"wp-image-3057839 wp-image\"  \/><\/a>Cupra Raval \/\/ Source : Cupra<\/p>\n<p>\u00c0 l\u2019int\u00e9rieur, l\u2019ergonomie est r\u00e9solument tourn\u00e9e vers la personne au volant. Une console centrale suspendue lib\u00e8re de l\u2019espace de rangement, tandis que l\u2019\u00e9clairage d\u2019ambiance dynamique interagit avec les aides \u00e0 la conduite.<\/p>\n<p>Le constructeur propose quatre niveaux de finition pour l\u2019habitacle (Pulse, Immersive, Feel, et Ahead), faisant la part belle aux mat\u00e9riaux durables. La finition haut de gamme Ahead se distingue particuli\u00e8rement en introduisant des si\u00e8ges baquets fabriqu\u00e9s avec une technique de maillage 3D \u00e0 partir de mat\u00e9riaux recycl\u00e9s.<\/p>\n<p><a href=\"https:\/\/images.frandroid.com\/wp-content\/uploads\/2026\/04\/08-cupra-raval-plasma.jpg\" target=\"_blank\" class=\"article-content__figure\" rel=\"nofollow noopener\"><img loading=\"lazy\" decoding=\"async\" width=\"1200\" height=\"790\" src=\"https:\/\/www.europesays.com\/fr\/wp-content\/uploads\/2026\/04\/08-cupra-raval-plasma-1200x790.jpg\" alt=\"\" class=\"wp-image-3057853 wp-image\"  \/><\/a>Cupra Raval \/\/ Source : Cupra<\/p>\n<p>Infodivertissement : l\u2019arriv\u00e9e tr\u00e8s attendue d\u2019Android Automotive<\/p>\n<p>Le talon d\u2019Achille historique des pr\u00e9c\u00e9dentes g\u00e9n\u00e9rations de voitures \u00e9lectriques du groupe r\u00e9sidait souvent dans la r\u00e9activit\u00e9 de leur interface logicielle. La Raval corrige le tir en devenant le premier mod\u00e8le de la marque \u00e0 embarquer nativement le syst\u00e8me d\u2019exploitation Android Automotive de Google.<\/p>\n<p>L\u2019interface s\u2019affiche sur un grand \u00e9cran central tactile de 12,9 pouces, compl\u00e9t\u00e9 par un combin\u00e9 d\u2019instrumentation num\u00e9rique de 10,25 pouces plac\u00e9 derri\u00e8re le volant.<\/p>\n<p><a href=\"https:\/\/images.frandroid.com\/wp-content\/uploads\/2026\/04\/09-cupra-raval-plasma.jpg\" target=\"_blank\" class=\"article-content__figure\" rel=\"nofollow noopener\"><img loading=\"lazy\" decoding=\"async\" width=\"1200\" height=\"800\" src=\"https:\/\/www.europesays.com\/fr\/wp-content\/uploads\/2026\/04\/09-cupra-raval-plasma-1200x800.jpg\" alt=\"\" class=\"wp-image-3057849 wp-image\"  \/><\/a>Cupra Raval \/\/ Source : Cupra<\/p>\n<p>L\u2019int\u00e9gration de l\u2019\u00e9cosyst\u00e8me Google permet d\u2019acc\u00e9der \u00e0 un magasin d\u2019applications tierces directement depuis la voiture. Il sera ainsi possible de profiter de services de streaming vid\u00e9o comme YouTube lors des arr\u00eats recharge, ou d\u2019utiliser Spotify en natif.<\/p>\n<p>Le constructeur promet \u00e9galement un <a href=\"https:\/\/www.frandroid.com\/survoltes\/voitures-electriques\/1574001_voiture-electrique-quest-ce-quun-planificateur-ditineraire-et-pourquoi-cest-indispensable\" rel=\"nofollow noopener\" target=\"_blank\">planificateur d\u2019itin\u00e9raire <\/a>intelligent (e-Route Planner) coupl\u00e9 \u00e0 la fonction <a href=\"https:\/\/www.frandroid.com\/survoltes\/voitures-electriques\/1563858_plug-charge-pourquoi-cette-nouvelle-fonctionnalite-va-devenir-indispensable-sur-les-voitures-electriques\" rel=\"nofollow noopener\" target=\"_blank\">Plug &amp; Charge<\/a>, facilitant les longs trajets en s\u2019affranchissant des cartes RFID sur les bornes compatibles.<\/p>\n<p>Enfin, les m\u00e9lomanes pourront opter pour un syst\u00e8me audio immersif d\u00e9velopp\u00e9 par Sennheiser, d\u00e9livrant 475 W \u00e0 travers 12 haut-parleurs.<\/p>\n<p>Moteurs, puissances et performances : de la douceur \u00e0 la brutalit\u00e9<\/p>\n<p>Con\u00e7ue et d\u00e9velopp\u00e9e \u00e0 Barcelone, cette traction avant promet un dynamisme particulier. La gamme s\u2019articule autour de plusieurs motorisations, partag\u00e9es avec l\u2019ID. Polo, du bloc sage de 85 kW (116 ch) \u00e0 la d\u00e9clinaison sportive VZ culminant \u00e0 166 kW (226 ch).<\/p>\n<p>C\u2019est bien \u00e9videmment cette version VZ (pour Veloz) qui cristallise l\u2019attention. Avec ses 290 Nm de couple, elle exp\u00e9die le 0 \u00e0 100 km\/h en seulement 6,8 secondes et atteint une vitesse de pointe de 175 km\/h.<\/p>\n<p><a href=\"https:\/\/images.frandroid.com\/wp-content\/uploads\/2026\/04\/01-cupra-raval-plasma.jpg\" target=\"_blank\" class=\"article-content__figure\" rel=\"nofollow noopener\"><img loading=\"lazy\" decoding=\"async\" width=\"1200\" height=\"800\" src=\"https:\/\/www.europesays.com\/fr\/wp-content\/uploads\/2026\/04\/01-cupra-raval-plasma-1200x800.jpg\" alt=\"\" class=\"wp-image-3057869 wp-image\"  \/><\/a>Cupra Raval \/\/ Source : Cupra<\/p>\n<p>Pour encaisser cette puissance sur le seul train avant, les ing\u00e9nieurs ont int\u00e9gr\u00e9 un diff\u00e9rentiel \u00e9lectronique autobloquant charg\u00e9 de r\u00e9partir le couple en temps r\u00e9el pour optimiser l\u2019adh\u00e9rence en courbe.<\/p>\n<p>La suspension pilot\u00e9e DCC Sport b\u00e9n\u00e9ficie \u00e9galement d\u2019une rigidit\u00e9 accrue de 5 % sur cette version, tandis que la caisse est rabaiss\u00e9e de 15 mm par rapport \u00e0 la plateforme standard. Le tout est couronn\u00e9 par une fonction in\u00e9dite baptis\u00e9e \u00ab e-Launch \u00bb, qui recr\u00e9e l\u2019ambiance d\u2019un d\u00e9part arr\u00eat\u00e9 de course via des animations visuelles et sonores sp\u00e9cifiques.<\/p>\n<p>Au quotidien, l\u2019efficience est assur\u00e9e par un <a href=\"https:\/\/www.frandroid.com\/survoltes\/voitures-electriques\/1487828_voiture-electrique-et-conduite-a-une-pedale-comment-ca-fonctionne-et-quels-avantages\" rel=\"nofollow noopener\" target=\"_blank\">mode de conduite \u00e0 une p\u00e9dale (One Pedal)<\/a> autorisant l\u2019arr\u00eat complet du v\u00e9hicule sans toucher aux freins m\u00e9caniques, maximisant ainsi la r\u00e9cup\u00e9ration d\u2019\u00e9nergie en milieu urbain.<\/p>\n<p>Batterie, recharge et l\u2019avantage du bonus \u00e9cologique<\/p>\n<p>La Raval repose sur une double offre de chimie de batteries, un choix technique pertinent pour couvrir diff\u00e9rents usages et budgets.<\/p>\n<p>Les versions d\u2019entr\u00e9e de gamme (Raval et V Plus) embarquent une petite batterie de 37 kWh utilisant la technologie LFP (Lithium Fer Phosphate, sans cobalt). Cette chimie, r\u00e9put\u00e9e plus robuste et moins on\u00e9reuse, limite logiquement l\u2019autonomie \u00e0 environ 300 kilom\u00e8tres en <a href=\"https:\/\/www.frandroid.com\/comment-faire\/652748_wltp-nedc-epa-comment-mesure-t-on-lautonomie-des-voitures-electriques\" rel=\"nofollow noopener\" target=\"_blank\">cycle WLTP<\/a>.<\/p>\n<tr>\n<td><strong>Version<\/strong><\/td>\n<td><strong>Puissance (kW \/ ch)<\/strong><\/td>\n<td><strong>Batterie (Capacit\u00e9 nette)<\/strong><\/td>\n<td><strong>Autonomie estim\u00e9e WLTP<\/strong><\/td>\n<td><strong>Temps de recharge DC (10-80%)<\/strong><\/td>\n<\/tr>\n<tr>\n<td><strong>Raval<\/strong><\/td>\n<td>85 kW \/ 116 ch <\/td>\n<td>37 kWh (LFP) <\/td>\n<td>Environ 300 km <\/td>\n<td>\u00c0 confirmer <\/td>\n<\/tr>\n<tr>\n<td><strong>V Plus<\/strong><\/td>\n<td>99 kW \/ 135 ch <\/td>\n<td>37 kWh (LFP) <\/td>\n<td>Environ 300 km <\/td>\n<td>23 minutes (jusqu\u2019\u00e0 88 kW) <\/td>\n<\/tr>\n<tr>\n<td><strong>V Endurance<\/strong><\/td>\n<td>155 kW \/ 211 ch <\/td>\n<td>52 kWh (NMC) <\/td>\n<td>Environ 450 km <\/td>\n<td>24 minutes (jusqu\u2019\u00e0 105 kW) <\/td>\n<\/tr>\n<tr>\n<td><strong>VZ<\/strong><\/td>\n<td>166 kW \/ 226 ch <\/td>\n<td>52 kWh (NMC) <\/td>\n<td>Environ 400 km <\/td>\n<td>24 minutes (jusqu\u2019\u00e0 105 kW) <\/td>\n<\/tr>\n<p>Les versions sup\u00e9rieures (V Endurance et VZ) font appel \u00e0 une batterie de 52 kWh de capacit\u00e9 nette, utilisant des cellules unifi\u00e9es NMC (Nickel Mangan\u00e8se Cobalt) fournies par <a href=\"https:\/\/www.frandroid.com\/marques\/volkswagen\/2914703_volkswagen-lance-larme-secrete-de-ses-petites-voitures-electriques-voici-pourquoi-elles-pourraient-devenir-moins-cheres\" rel=\"nofollow noopener\" target=\"_blank\">PowerCo<\/a>, filiale du groupe. Ce pack permet d\u2019atteindre une autonomie estim\u00e9e \u00e0 450 kilom\u00e8tres.<\/p>\n<p><a href=\"https:\/\/images.frandroid.com\/wp-content\/uploads\/2026\/04\/02-cupra-raval-manganese-matt.jpg\" target=\"_blank\" class=\"article-content__figure\" rel=\"nofollow noopener\"><img loading=\"lazy\" decoding=\"async\" width=\"1200\" height=\"800\" src=\"https:\/\/www.europesays.com\/fr\/wp-content\/uploads\/2026\/04\/02-cupra-raval-manganese-matt-1200x800.jpg\" alt=\"\" class=\"wp-image-3057863 wp-image\"  \/><\/a>Cupra Raval \/\/ Source : Cupra<\/p>\n<p>C\u00f4t\u00e9 recharge, l\u2019architecture accepte jusqu\u2019\u00e0 105 kW en courant continu, permettant de passer de 10 \u00e0 80 % en 24 minutes. Petit d\u00e9tail technique tr\u00e8s appr\u00e9ciable : la voiture int\u00e8gre la technologie <a href=\"https:\/\/www.frandroid.com\/survoltes\/voitures-electriques\/1275609_charge-bidirectionnelle-v2l-v2x-v2g-quest-ce-que-cest-et-a-quoi-ca-sert%E2%80%89\" rel=\"nofollow noopener\" target=\"_blank\">V2L (Vehicle-to-Load)<\/a>, autorisant la recharge d\u2019appareils \u00e9lectriques externes (comme un v\u00e9lo ou un ordinateur) directement depuis la batterie de la voiture.<\/p>\n<p>Un argument de poids pour le march\u00e9 fran\u00e7ais concerne la provenance de ces composants. Le v\u00e9hicule sera assembl\u00e9 \u00e0 l\u2019usine de Martorell en Espagne. De plus, le groupe automobile a r\u00e9cemment investi massivement pour b\u00e2tir une nouvelle usine de batteries sur le sol europ\u00e9en.<\/p>\n<p><a href=\"https:\/\/images.frandroid.com\/wp-content\/uploads\/2026\/04\/12-cupra-raval-plasma.jpg\" target=\"_blank\" class=\"article-content__figure\" rel=\"nofollow noopener\"><img loading=\"lazy\" decoding=\"async\" width=\"1200\" height=\"800\" src=\"https:\/\/www.europesays.com\/fr\/wp-content\/uploads\/2026\/04\/12-cupra-raval-plasma-1200x800.jpg\" alt=\"\" class=\"wp-image-3057841 wp-image\"  \/><\/a>Cupra Raval \/\/ Source : Cupra<\/p>\n<p>Cette production locale garantit \u00e0 la petite citadine un excellent score environnemental, la rendant de facto \u00e9ligible au bonus \u00e9cologique fran\u00e7ais, un avantage concurrentiel d\u00e9cisif.<\/p>\n<p>Finitions, prix et disponibilit\u00e9 en France<\/p>\n<p>Le carnet de commandes ouvrira pour un lancement officiel pr\u00e9vu \u00e0 l\u2019\u00e9t\u00e9 2026. Le nerf de la guerre sur ce segment reste le budget. Et sur ce point, le constructeur frappe fort.<\/p>\n<p class=\"shortcode-container see-more\">\n    Pour aller plus loin<br \/><a href=\"https:\/\/www.frandroid.com\/marques\/cupra\/3058361_je-suis-monte-a-bord-de-la-cupra-raval-volkswagen-sattaque-enfin-a-la-r5-electrique-avec-une-citadine-enervee-a-moins-de-25-000-e\" rel=\"nofollow noopener\" target=\"_blank\">Je suis mont\u00e9 \u00e0 bord de la Cupra Raval : Volkswagen s\u2019attaque enfin \u00e0 la R5 \u00e9lectrique avec une citadine \u00e9nerv\u00e9e \u00e0 moins de 25 000 \u20ac<\/a>\n            <\/p>\n<p>Le ticket d\u2019entr\u00e9e est annonc\u00e9 \u00e0 partir de 25 995 euros (hors <a href=\"https:\/\/www.frandroid.com\/survoltes\/voitures-electriques\/660794_bonus-ecologique-dossier-2026\" rel=\"nofollow noopener\" target=\"_blank\">bonus \u00e9cologique<\/a>), ou sous la barre des 250 euros par mois en location. Ce <a href=\"https:\/\/www.frandroid.com\/marques\/cupra\/2960811_volkswagen-id-2-a-25-000-e-la-version-cupra-devoile-deja-son-tarif-en-france-et-cest-une-bonne-nouvelle\" rel=\"nofollow noopener\" target=\"_blank\">tarif de d\u00e9part agressif<\/a> positionne id\u00e9alement la Raval face \u00e0 une concurrence fran\u00e7aise (notamment la <a href=\"https:\/\/www.frandroid.com\/produits\/voitures\/renault\/1515362-renault-5-electrique\" rel=\"nofollow noopener\" target=\"_blank\">Renault 5 E-Tech<\/a>) qui compte bien d\u00e9fendre son territoire.<\/p>\n<p>Au lancement, quatre \u00e9ditions sp\u00e9ciales seront propos\u00e9es, dont la Dynamic Plus (insistant sur les aides \u00e0 la conduite et le son Sennheiser) et la VZ Extreme (incarnant la sportivit\u00e9 absolue de la gamme).<\/p>\n","protected":false},"excerpt":{"rendered":"Voici la nouvelle voiture \u00e9lectrique du groupe Volkswagen \u00e0 moins de 25 000 \u20ac gr\u00e2ce au bonus :&hellip;\n","protected":false},"author":2,"featured_media":857334,"comment_status":"","ping_status":"","sticky":false,"template":"","format":"standard","meta":{"footnotes":"","_share_on_mastodon":"0"},"categories":[6],"tags":[35,92840,33,34,1011,27,14357],"class_list":["post-857333","post","type-post","status-publish","format-standard","has-post-thumbnail","category-economie","tag-business","tag-cupra-raval","tag-economie","tag-economy","tag-fr","tag-france","tag-officialisation"],"share_on_mastodon":{"url":"https:\/\/pubeurope.com\/@fr\/116374132454312377","error":""},"_links":{"self":[{"href":"https:\/\/www.europesays.com\/fr\/wp-json\/wp\/v2\/posts\/857333","targetHints":{"allow":["GET"]}}],"collection":[{"href":"https:\/\/www.europesays.com\/fr\/wp-json\/wp\/v2\/posts"}],"about":[{"href":"https:\/\/www.europesays.com\/fr\/wp-json\/wp\/v2\/types\/post"}],"author":[{"embeddable":true,"href":"https:\/\/www.europesays.com\/fr\/wp-json\/wp\/v2\/users\/2"}],"replies":[{"embeddable":true,"href":"https:\/\/www.europesays.com\/fr\/wp-json\/wp\/v2\/comments?post=857333"}],"version-history":[{"count":0,"href":"https:\/\/www.europesays.com\/fr\/wp-json\/wp\/v2\/posts\/857333\/revisions"}],"wp:featuredmedia":[{"embeddable":true,"href":"https:\/\/www.europesays.com\/fr\/wp-json\/wp\/v2\/media\/857334"}],"wp:attachment":[{"href":"https:\/\/www.europesays.com\/fr\/wp-json\/wp\/v2\/media?parent=857333"}],"wp:term":[{"taxonomy":"category","embeddable":true,"href":"https:\/\/www.europesays.com\/fr\/wp-json\/wp\/v2\/categories?post=857333"},{"taxonomy":"post_tag","embeddable":true,"href":"https:\/\/www.europesays.com\/fr\/wp-json\/wp\/v2\/tags?post=857333"}],"curies":[{"name":"wp","href":"https:\/\/api.w.org\/{rel}","templated":true}]}}