{"id":85740,"date":"2025-05-09T01:56:11","date_gmt":"2025-05-09T01:56:11","guid":{"rendered":"https:\/\/www.europesays.com\/fr\/85740\/"},"modified":"2025-05-09T01:56:11","modified_gmt":"2025-05-09T01:56:11","slug":"atp-rome-la-der-de-fognini-a-rome-fetee-par-le-nouveau-pape-leon-xiv","status":"publish","type":"post","link":"https:\/\/www.europesays.com\/fr\/85740\/","title":{"rendered":"ATP &#8211; Rome > La der de Fognini \u00e0 Rome f\u00eat\u00e9e par le nouveau pape L\u00e9on XIV"},"content":{"rendered":"<p>L\u2019image est un peu savou\u00adreuse. Lors de son match perdu face au Britannique Feaney (2\u22126, 3\u20136), Fabio Fognini a v\u00e9cu un moment unique puisque le duel a \u00e9t\u00e9 inter\u00adrompu pour l\u2019an\u00adnonce du nouveau pape.<\/p>\n<blockquote class=\"twitter-tweet\">\n<p lang=\"en\" dir=\"ltr\">They just announced the new pope to wides\u00adpread applause on Campo Centrale at a change of ends in the middle of Jacob Fearnley vs Fabio Fognini. <a href=\"https:\/\/t.co\/xAQsJKsfGS\" data-wpel-link=\"external\" target=\"_blank\" rel=\"nofollow external noopener\">pic.twitter.com\/xAQsJKsfGS<\/a><\/p>\n<p>\u2014 Tumaini Carayol (@tumcarayol) <a href=\"https:\/\/twitter.com\/tumcarayol\/status\/1920535187386974639?ref_src=twsrc%5Etfw\" data-wpel-link=\"external\" target=\"_blank\" rel=\"nofollow external noopener\">May 8,\u00a02025<\/a><\/p><\/blockquote>\n<p>La star italienne qui jouait son dernier tournoi de Rome avait \u00e9t\u00e9 pr\u00e9venu, et il pensait m\u00eame que cela allait avoir lieu peut \u00eatre lors de son \u00e9chauf\u00adfe\u00adment car quand les deux joueurs sont rentr\u00e9s sur le court, la fum\u00e9e blanche s\u2019\u00e9tait \u00e9chapp\u00e9e de la chapelle Sixtine.<\/p>\n<p class=\"post-published-date\" style=\"color: silver; font-size: 75%; text-align: left;\">Publi\u00e9 le jeudi 8 mai 2025 \u00e0 20:31<\/p>\n<p><script async src=\"https:\/\/platform.twitter.com\/widgets.js\" charset=\"utf-8\"><\/script><\/p>\n","protected":false},"excerpt":{"rendered":"L\u2019image est un peu savou\u00adreuse. Lors de son match perdu face au Britannique Feaney (2\u22126, 3\u20136), Fabio Fognini&hellip;\n","protected":false},"author":2,"featured_media":36769,"comment_status":"","ping_status":"","sticky":false,"template":"","format":"standard","meta":{"footnotes":""},"categories":[1415],"tags":[1752,1011,27,60,1467],"class_list":{"0":"post-85740","1":"post","2":"type-post","3":"status-publish","4":"format-standard","5":"has-post-thumbnail","7":"category-tennis","8":"tag-fognini","9":"tag-fr","10":"tag-france","11":"tag-sports","12":"tag-tennis"},"share_on_mastodon":{"url":"https:\/\/pubeurope.com\/@fr\/114475393535104985","error":""},"_links":{"self":[{"href":"https:\/\/www.europesays.com\/fr\/wp-json\/wp\/v2\/posts\/85740","targetHints":{"allow":["GET"]}}],"collection":[{"href":"https:\/\/www.europesays.com\/fr\/wp-json\/wp\/v2\/posts"}],"about":[{"href":"https:\/\/www.europesays.com\/fr\/wp-json\/wp\/v2\/types\/post"}],"author":[{"embeddable":true,"href":"https:\/\/www.europesays.com\/fr\/wp-json\/wp\/v2\/users\/2"}],"replies":[{"embeddable":true,"href":"https:\/\/www.europesays.com\/fr\/wp-json\/wp\/v2\/comments?post=85740"}],"version-history":[{"count":0,"href":"https:\/\/www.europesays.com\/fr\/wp-json\/wp\/v2\/posts\/85740\/revisions"}],"wp:featuredmedia":[{"embeddable":true,"href":"https:\/\/www.europesays.com\/fr\/wp-json\/wp\/v2\/media\/36769"}],"wp:attachment":[{"href":"https:\/\/www.europesays.com\/fr\/wp-json\/wp\/v2\/media?parent=85740"}],"wp:term":[{"taxonomy":"category","embeddable":true,"href":"https:\/\/www.europesays.com\/fr\/wp-json\/wp\/v2\/categories?post=85740"},{"taxonomy":"post_tag","embeddable":true,"href":"https:\/\/www.europesays.com\/fr\/wp-json\/wp\/v2\/tags?post=85740"}],"curies":[{"name":"wp","href":"https:\/\/api.w.org\/{rel}","templated":true}]}}