{"id":85743,"date":"2025-05-09T01:59:09","date_gmt":"2025-05-09T01:59:09","guid":{"rendered":"https:\/\/www.europesays.com\/fr\/85743\/"},"modified":"2025-05-09T01:59:09","modified_gmt":"2025-05-09T01:59:09","slug":"porsche-imprime-le-rythme-aux-6h-de-spa-une-ferrari-se-sort-au-raidillon","status":"publish","type":"post","link":"https:\/\/www.europesays.com\/fr\/85743\/","title":{"rendered":"Porsche imprime le rythme aux 6H de Spa, une Ferrari se sort au Raidillon"},"content":{"rendered":"<p>La premi\u00e8re s\u00e9ance d&rsquo;essais libres des 6 Heures de Spa, qui se d\u00e9roulait en fin de matin\u00e9e et sous le soleil sur le trac\u00e9 ardennais, a vu <a href=\"https:\/\/fr.motorsport.com\/team\/ferrari\/615\/\" target=\"_blank\" rel=\"noopener\">Ferrari<\/a> signer un doubl\u00e9, la 499P LMH officielle #50 pilot\u00e9e par <a href=\"https:\/\/fr.motorsport.com\/driver\/antonio-fuoco\/95424\/\" target=\"_blank\" rel=\"noopener\">Antonio Fuoco<\/a> devan\u00e7ant la #83 du team <a href=\"https:\/\/fr.motorsport.com\/team\/af-corse\/809\/\" target=\"_blank\" rel=\"noopener\">AF Corse<\/a>. Les deux Hypercar italiennes \u00e9taient suivies par trois prototypes fran\u00e7ais, avec l&rsquo;Alpine A424 LMDh #36 et les deux Peugeot 9X8 LMH, la #93 devant la #94.\u00a0<\/p>\n<p>Lire aussi :<\/p>\n<p>La s\u00e9ance a \u00e9t\u00e9 plut\u00f4t calme, avec simplement deux neutralisations via Full Course Yellow pour une sortie de piste sans gravit\u00e9 de <a href=\"https:\/\/fr.motorsport.com\/driver\/paul-loup-chatin\/94840\/\" target=\"_blank\" rel=\"noopener\">Paul-Loup Chatin<\/a> \u00e0 bord de la seconde <a href=\"https:\/\/fr.motorsport.com\/team\/alpine\/37490\/\" target=\"_blank\" rel=\"noopener\">Alpine<\/a>, puis un passage par les graviers pour <a href=\"https:\/\/fr.motorsport.com\/driver\/sebastien-bourdais\/77163\/\" target=\"_blank\" rel=\"noopener\">S\u00e9bastien Bourdais<\/a> avec la Cadillac V-Series.R LMDh #38, au virage du Campus.<\/p>\n<p><a class=\"widget-link-button\" href=\"https:\/\/www.fiawec.com\/fr\/race\/show\/4931?session=7565\" target=\"_blank\" rel=\"noopener\">Le classement des EL1 des 6H de Spa<\/a><br \/>\nTrois drapeaux rouges en EL2<\/p>\n<p>La seconde s\u00e9ance de cette troisi\u00e8me \u00e9preuve de la saison 2025 du championnat du monde d&rsquo;Endurance aura en revanche \u00e9t\u00e9 bien plus perturb\u00e9e, avec notamment deux sorties de piste en haut du Raidillon. La premi\u00e8re d&rsquo;entre elles a concern\u00e9 d\u00e8s les premiers instants l&rsquo;une des Ferrari officielles, la #51 cette fois, avec laquelle <a href=\"https:\/\/fr.motorsport.com\/driver\/antonio-giovinazzi\/94350\/\" target=\"_blank\" rel=\"noopener\">Antonio Giovinazzi<\/a> s&rsquo;est accident\u00e9 \u00e0 la sortie des stands de son tout premier tour. L&rsquo;Italien \u00e9tait indemne, mais cela sonnait d\u00e9j\u00e0 la fin de la journ\u00e9e pour la seconde des 499P et le premier drapeau rouge du jour.<\/p>\n<p>\u00a0<\/p>\n<p>Plus tard dans la s\u00e9ance, c&rsquo;est cette fois la Mercedes AMG LMGT3 #61 d&rsquo;<a href=\"https:\/\/fr.motorsport.com\/team\/iron-lynx-37591\/37591\/\" target=\"_blank\" rel=\"noopener\">Iron Lynx<\/a>, pilot\u00e9e par Stephen Grove, qui s&rsquo;est accident\u00e9e violemment et qui a entra\u00een\u00e9 une seconde interruption. Toutefois, le pilote en est l\u00e0 aussi sorti indemne mais en a \u00e9t\u00e9 quitte pour un passage par le centre m\u00e9dical.\u00a0\u00ab\u00a0Stephen Grove est sorti du centre m\u00e9dical apr\u00e8s un accident survenu au Raidillon. Il va bien\u00a0\u00bb, pouvait-on lire sur le compte X de son \u00e9quipe.<\/p>\n<p>Un troisi\u00e8me drapeau rouge a \u00e9t\u00e9 brandi apr\u00e8s la sortie de <a href=\"https:\/\/fr.motorsport.com\/driver\/tom-gamble\/823790\/\" target=\"_blank\" rel=\"noopener\">Tom Gamble<\/a>, \u00e0 bord de l&rsquo;Aston Martin Valkyrie #007 au niveau du virage 10.<\/p>\n<p>C\u00f4t\u00e9 temps, la r\u00e9f\u00e9rence de cette seconde s\u00e9ance d&rsquo;essais a cette fois \u00e9t\u00e9 fix\u00e9e par la Porsche Penske 963 LMDh #6, pilot\u00e9e par le Fran\u00e7ais <a href=\"https:\/\/fr.motorsport.com\/driver\/kevin-estre\/93273\/\" target=\"_blank\" rel=\"noopener\">K\u00e9vin Estre<\/a>, avec quasiment une seconde et demie de mieux que le meilleur temps de la matin\u00e9e. Non loin, \u00e0 0&Prime;091, se trouvait justement la Ferrari 499P #50. La BMW\u00a0M Hybrid V8 #20 compl\u00e9tait le podium, \u00e0 trois dixi\u00e8mes de la premi\u00e8re place.<\/p>\n<p><a class=\"widget-link-button\" href=\"https:\/\/www.fiawec.com\/fr\/race\/show\/4931?session=7566\" target=\"_blank\" rel=\"noopener\">Le classement des EL2 des 6H de Spa<\/a><\/p>\n<\/p>\n<p>Dans cet article<\/p>\n<p>    R\u00e9daction  Motorsport.com\n<\/p>\n<p>    WEC\n<\/p>\n<p>Soyez le premier inform\u00e9 et souscrivez aux alertes mails pour recevoir les infos en temps r\u00e9el<\/p>\n<p>    S&rsquo;abonner aux alertes de news<\/p>\n","protected":false},"excerpt":{"rendered":"La premi\u00e8re s\u00e9ance d&rsquo;essais libres des 6 Heures de Spa, qui se d\u00e9roulait en fin de matin\u00e9e et&hellip;\n","protected":false},"author":2,"featured_media":85744,"comment_status":"","ping_status":"","sticky":false,"template":"","format":"standard","meta":{"footnotes":""},"categories":[1412],"tags":[19527,1451,1452,1453,1454,1455,1011,27,19528,60,12993],"class_list":{"0":"post-85743","1":"post","2":"type-post","3":"status-publish","4":"format-standard","5":"has-post-thumbnail","7":"category-f1","8":"tag-6-heures-de-spa-francorchamps","9":"tag-f1","10":"tag-formula-1","11":"tag-formula1","12":"tag-formule-1","13":"tag-formule1","14":"tag-fr","15":"tag-france","16":"tag-spa-francorchamps","17":"tag-sports","18":"tag-wec"},"share_on_mastodon":{"url":"https:\/\/pubeurope.com\/@fr\/114475405348847463","error":""},"_links":{"self":[{"href":"https:\/\/www.europesays.com\/fr\/wp-json\/wp\/v2\/posts\/85743","targetHints":{"allow":["GET"]}}],"collection":[{"href":"https:\/\/www.europesays.com\/fr\/wp-json\/wp\/v2\/posts"}],"about":[{"href":"https:\/\/www.europesays.com\/fr\/wp-json\/wp\/v2\/types\/post"}],"author":[{"embeddable":true,"href":"https:\/\/www.europesays.com\/fr\/wp-json\/wp\/v2\/users\/2"}],"replies":[{"embeddable":true,"href":"https:\/\/www.europesays.com\/fr\/wp-json\/wp\/v2\/comments?post=85743"}],"version-history":[{"count":0,"href":"https:\/\/www.europesays.com\/fr\/wp-json\/wp\/v2\/posts\/85743\/revisions"}],"wp:featuredmedia":[{"embeddable":true,"href":"https:\/\/www.europesays.com\/fr\/wp-json\/wp\/v2\/media\/85744"}],"wp:attachment":[{"href":"https:\/\/www.europesays.com\/fr\/wp-json\/wp\/v2\/media?parent=85743"}],"wp:term":[{"taxonomy":"category","embeddable":true,"href":"https:\/\/www.europesays.com\/fr\/wp-json\/wp\/v2\/categories?post=85743"},{"taxonomy":"post_tag","embeddable":true,"href":"https:\/\/www.europesays.com\/fr\/wp-json\/wp\/v2\/tags?post=85743"}],"curies":[{"name":"wp","href":"https:\/\/api.w.org\/{rel}","templated":true}]}}