{"id":85750,"date":"2025-05-09T02:04:21","date_gmt":"2025-05-09T02:04:21","guid":{"rendered":"https:\/\/www.europesays.com\/fr\/85750\/"},"modified":"2025-05-09T02:04:21","modified_gmt":"2025-05-09T02:04:21","slug":"des-gens-ont-pleure-a-sa-lecture-le-livre-tregunc-dans-la-guerre-1939-1945-ne-connait-que-des-retours-positifs","status":"publish","type":"post","link":"https:\/\/www.europesays.com\/fr\/85750\/","title":{"rendered":"\u00ab Des gens ont pleur\u00e9 \u00e0 sa lecture \u00bb : le livre \u00ab Tr\u00e9gunc dans la guerre 1939-1945\u00a0\u00bb ne conna\u00eet \u00ab que des retours positifs \u00bb"},"content":{"rendered":"<p>Trois membres des Amis du patrimoine de Tr\u00e9gunc \u00e9taient pr\u00e9sents au march\u00e9, mercredi 7 mai, pour pr\u00e9senter le dernier ouvrage \u00e9dit\u00e9 par l\u2019association \u00ab\u00a0Tr\u00e9gunc dans la guerre 1939-1945\u00a0\u00bb. Sorti il y a une dizaine de jours, le livre conna\u00eet d\u00e9j\u00e0 un franc succ\u00e8s. \u00ab\u00a0Nous n\u2019avons que des retours tr\u00e8s positifs. Les gens sont agr\u00e9ablement surpris par la qualit\u00e9 de l\u2019ouvrage, aussi bien pour sa pr\u00e9sentation que pour son contenu\u00a0\u00bb, assure Lo\u00efc Le Goff, pr\u00e9sident de l\u2019association.<\/p>\n<p>Pour Maurice Tanguy, coauteur avec Roland Picard, ce livre repr\u00e9sente <a href=\"https:\/\/www.letelegramme.fr\/finistere\/tregunc-29910\/spanpatrimoinespan-des-temoignages-sur-39-45-2736229.php\" target=\"_blank\" rel=\"noopener\">quinze ans de collecte de documents et d\u2019informations diverses<\/a>, et six mois de travail pour sa r\u00e9alisation. \u00ab\u00a0C\u2019est un travail dont nous sommes tr\u00e8s fiers, et ce livre est sans doute la publication majeure de notre association. Il fallait le faire. Pour rendre hommage aux combattants d\u2019une \u00e9poque et \u00e0 la population durement \u00e9prouv\u00e9e pendant toute la dur\u00e9e de la guerre. Des gens nous ont confi\u00e9 avoir pleur\u00e9 \u00e0 sa lecture. Et puis, cela nous para\u00eet loin, mais finalement, ces \u00e9v\u00e9nements sont tr\u00e8s proches\u00a0\u00bb, rapporte Roland Picard.<\/p>\n<p>Lo\u00efc Le Goff, Roland Picard et Jean-Yves Yan seront \u00e0 nouveau pr\u00e9sents au march\u00e9 mercredi 14 mai pour pr\u00e9senter le livre de l\u2019association.<\/p>\n<p><b>Pratique<\/b><\/p>\n<p class=\"note\">Le livre est en vente \u00e0 l\u2019office de tourisme et lors des permanences de l\u2019association au local route de Pont-Aven. Tarif\u00a0: 10 \u20ac.<\/p>\n","protected":false},"excerpt":{"rendered":"Trois membres des Amis du patrimoine de Tr\u00e9gunc \u00e9taient pr\u00e9sents au march\u00e9, mercredi 7 mai, pour pr\u00e9senter le&hellip;\n","protected":false},"author":2,"featured_media":85751,"comment_status":"","ping_status":"","sticky":false,"template":"","format":"standard","meta":{"footnotes":""},"categories":[1357],"tags":[1379,58,59,1011,27,937,1380,935,19529],"class_list":{"0":"post-85750","1":"post","2":"type-post","3":"status-publish","4":"format-standard","5":"has-post-thumbnail","7":"category-livres","8":"tag-books","9":"tag-divertissement","10":"tag-entertainment","11":"tag-fr","12":"tag-france","13":"tag-histoire","14":"tag-livres","15":"tag-seconde-guerre-mondiale","16":"tag-tregunc"},"share_on_mastodon":{"url":"https:\/\/pubeurope.com\/@fr\/114475425159933226","error":""},"_links":{"self":[{"href":"https:\/\/www.europesays.com\/fr\/wp-json\/wp\/v2\/posts\/85750","targetHints":{"allow":["GET"]}}],"collection":[{"href":"https:\/\/www.europesays.com\/fr\/wp-json\/wp\/v2\/posts"}],"about":[{"href":"https:\/\/www.europesays.com\/fr\/wp-json\/wp\/v2\/types\/post"}],"author":[{"embeddable":true,"href":"https:\/\/www.europesays.com\/fr\/wp-json\/wp\/v2\/users\/2"}],"replies":[{"embeddable":true,"href":"https:\/\/www.europesays.com\/fr\/wp-json\/wp\/v2\/comments?post=85750"}],"version-history":[{"count":0,"href":"https:\/\/www.europesays.com\/fr\/wp-json\/wp\/v2\/posts\/85750\/revisions"}],"wp:featuredmedia":[{"embeddable":true,"href":"https:\/\/www.europesays.com\/fr\/wp-json\/wp\/v2\/media\/85751"}],"wp:attachment":[{"href":"https:\/\/www.europesays.com\/fr\/wp-json\/wp\/v2\/media?parent=85750"}],"wp:term":[{"taxonomy":"category","embeddable":true,"href":"https:\/\/www.europesays.com\/fr\/wp-json\/wp\/v2\/categories?post=85750"},{"taxonomy":"post_tag","embeddable":true,"href":"https:\/\/www.europesays.com\/fr\/wp-json\/wp\/v2\/tags?post=85750"}],"curies":[{"name":"wp","href":"https:\/\/api.w.org\/{rel}","templated":true}]}}