{"id":85764,"date":"2025-05-09T02:12:13","date_gmt":"2025-05-09T02:12:13","guid":{"rendered":"https:\/\/www.europesays.com\/fr\/85764\/"},"modified":"2025-05-09T02:12:13","modified_gmt":"2025-05-09T02:12:13","slug":"vous-cherchez-une-alpine-a110-pour-un-usage-un-peu-extreme-voici-celle-quil-vous-faut","status":"publish","type":"post","link":"https:\/\/www.europesays.com\/fr\/85764\/","title":{"rendered":"Vous cherchez une Alpine A110 pour un usage un peu extr\u00eame ? Voici celle qu\u2019il vous faut"},"content":{"rendered":"<p>Au catalogue depuis mars 2018, la berlinette Alpine A110 vit son ultime ann\u00e9e de commercialisation avant son remplacement par une seconde mouture 100% \u00e9lectrique. L\u2019occasion pour la marque, comme pour le pr\u00e9parateur tricolore Ravage, de multiplier les \u00e9ditions sp\u00e9ciales avec autant de potentiels collectors en devenir. Voici la Groupe 4 Evo, qui disposera de 323 ou m\u00eame 343 ch, selon l\u2019\u00e9paisseur de votre portefeuille. Comptez un minimum de 90 000 \u20ac pour une pr\u00e9paration, en plus \u00e9videmment du prix \u201cde base\u201d.<\/p>\n<p>Dans un peu moins d\u2019un an, l\u2019Alpine A110 tirera sa r\u00e9v\u00e9rence au profit d\u2019une <a title=\"seconde mouture qui misera sur l\u2019\u00e9lectrique\" href=\"https:\/\/www.automobile-magazine.fr\/scoops\/article\/47220-future-alpine-a110-electrique-look-moteur-date-les-secrets-de-la-prochaine-sportive-francaise\" rel=\"nofollow noopener\" target=\"_blank\">seconde mouture qui misera sur l\u2019\u00e9lectrique<\/a>. Alors, la marque au \u201cA\u201d fl\u00e9ch\u00e9 ne cesse de multiplier les versions exclusives pour finir en beaut\u00e9. La variante A110 R Ultime, pr\u00e9sent\u00e9e \u00e0 l\u2019automne 2024 au Mondial de l\u2019Auto \u00e0 Paris, est dans cette veine. Mais parall\u00e8lement aux initiatives officielles, <strong>le pr\u00e9parateur tricolore Ravage pr\u00e9sente son A110 Groupe 4 Evo qui, comme son nom l\u2019indique, est une \u00e9volution de la Groupe 4.<\/strong> Cette derni\u00e8re a \u00e9t\u00e9 fabriqu\u00e9e \u00e0 10 exemplaires tandis que pour l\u2019Evo, Ravage ambitionne d\u2019en produire 25.<\/p>\n<p>Jusqu\u2019\u00e0 343 ch sous le capot de l\u2019Alpine A110 Ravage Groupe 4 Evo<img decoding=\"async\" loading=\"lazy\" alt=\"L'Alpine Ravage Groupe 4 a \u00e9t\u00e9 produite \u00e0 10 unit\u00e9s.\" src=\"https:\/\/www.europesays.com\/fr\/wp-content\/uploads\/2025\/05\/lalpine-ravage-groupe-4-a-ete-produite-a-10-unites.jpg\" width=\"800\" height=\"449\"\/>L&rsquo;Alpine Ravage Groupe 4 a \u00e9t\u00e9 produite \u00e0 10 unit\u00e9s.\u00a9 Ravage<\/p>\n<p>L\u2019habitacle de l\u2019Alpine A110 Ravage Groupe 4 Evo est lui aussi \u00e0 la carte. Le client, en plus des couleurs classiques inspir\u00e9es de la R5 Turbo (Rouge, Bleu, Noir Tour de Corse) pourra d\u00e9sormais composer son propre univers, en choisissant parmi les cuirs, Alcantara et textiles techniques fa\u00e7onn\u00e9s en France, dans des ateliers sp\u00e9cialis\u00e9s en couture automobile et maroquinerie de luxe.<strong>.<\/strong> Ravage indique que son bolide b\u00e9n\u00e9ficie d\u2019une gestion thermique optimale, int\u00e9grant un syst\u00e8me de refroidissement d\u00e9di\u00e9 \u00e0 l&rsquo;huile de bo\u00eete de vitesses.<\/p>\n<p>\u00c0 cet effet une prise d&rsquo;air de type NACA, int\u00e9gr\u00e9e de mani\u00e8re plut\u00f4t \u00e9l\u00e9gante dans l\u2019aile arri\u00e8re, alimente un conduit d\u2019air ad hoc, une pompe \u00e0 huile additionnelle, ainsi qu&rsquo;un radiateur d\u00e9di\u00e9. Toujours en option, des freins Brembo Racing ainsi qu\u2019une suspension sur mesure, con\u00e7ue avec l\u2019aide du pilote Lo\u00efc Depailler, assurant le d\u00e9veloppement des mod\u00e8les Ravage, sont au programme.<\/p>\n<p>L\u2019habitacle de l\u2019Alpine A110 Ravage Groupe 4 Evo est lui aussi \u00e0 la carte. Le client, en plus des couleurs classiques inspir\u00e9es de la R5 Turbo (Rouge, Bleu, Noir Tour de Corse) pourra d\u00e9sormais composer son propre univers, en choisissant parmi les cuirs, Alcantara et textiles techniques fa\u00e7onn\u00e9es en France, dans des ateliers sp\u00e9cialis\u00e9s en couture automobile et maroquinerie de luxe.<\/p>\n<p>Trois versions de l\u2019Alpine A110 Ravage en hommage au pilote Patrick Depailler<img decoding=\"async\" loading=\"lazy\" alt=\"La version hommage au pilote Patrick Depailler r\u00e9clame 149 000 \u20ac pour la pr\u00e9paration.\" src=\"https:\/\/www.europesays.com\/fr\/wp-content\/uploads\/2025\/05\/la-version-hommage-au-pilote-patrick-depailler-reclame-149-000-eur-pour-la-preparation.jpg\" width=\"800\" height=\"449\"\/>La version hommage au pilote Patrick Depailler r\u00e9clame 149 000 \u20ac pour la pr\u00e9paration.\u00a9 Ravage<\/p>\n<p>Parall\u00e8lement, trois v\u00e9hicules baptis\u00e9s Grp4 EVO \u201cDepailler\u201d rendront hommage au regrett\u00e9 Patrick Depailler. La premi\u00e8re reprendra la livr\u00e9e de la Tyrrell P34, la fameuse Formule 1 \u00e0 six roues, dont le bleu profond contrastera avec un jaune vif. La seconde arborera un look fa\u00e7on Ligier JS11 en bleu et blanc, faisant r\u00e9f\u00e9rence \u00e0 la victoire du pilote tricolore lors du Grand Prix de Jarama en 1979. <strong>Enfin, l\u2019Alfa Romeo 179 en rouge et blanc avec de mani\u00e8re gu\u00e8re subliminale, au bas des portes l\u2019\u00e9vocation de l\u2019embl\u00e8me d\u2019un c\u00e9l\u00e8bre cigarettier, fera cette fois r\u00e9f\u00e9rence \u00e0 la monoplace Alfa Romeo engag\u00e9e en F1 en 1979 et 1980<\/strong> et qui fut son tout dernier bolide avant sa disparition tragique, en 1980 \u00e0 Hockenheim.<\/p>\n<p>\u00c0 partir de 90 000 \u20ac pour la pr\u00e9paration<\/p>\n<p>Comme \u00e0 son habitude, l\u2019officine fran\u00e7aise \u0153uvre dans le sur-mesure, avec des r\u00e9alisations \u00e0 la carte selon les desiderata des clients. Le moteur \u00e0 quatre cylindres 1.8 turbo de l\u2019A110 Ravage Groupe 4 Evo dispose d\u2019une puissance de 323 ch pour une valeur de couple de 380 Nm, contre 300 ch pour la Groupe 4. pte de 25 000 \u20ac. Pour les versions hommage \u00e0 Patrick Depailler d\u00e9taill\u00e9es plus haut, il faudra tabler sur un ch\u00e8que de 149 000 \u20ac en sus l\u00e0 encore du prix du v\u00e9hicule d\u2019origine.<\/p>\n","protected":false},"excerpt":{"rendered":"Au catalogue depuis mars 2018, la berlinette Alpine A110 vit son ultime ann\u00e9e de commercialisation avant son remplacement&hellip;\n","protected":false},"author":2,"featured_media":85765,"comment_status":"","ping_status":"","sticky":false,"template":"","format":"standard","meta":{"footnotes":""},"categories":[7],"tags":[19539,1011,27,1757,43,40,41,39,42,44],"class_list":{"0":"post-85764","1":"post","2":"type-post","3":"status-publish","4":"format-standard","5":"has-post-thumbnail","7":"category-sciences-et-technologies","8":"tag-alpine-a110","9":"tag-fr","10":"tag-france","11":"tag-insolite","12":"tag-science","13":"tag-science-and-technology","14":"tag-sciences","15":"tag-sciences-et-technologies","16":"tag-technologies","17":"tag-technology"},"share_on_mastodon":{"url":"https:\/\/pubeurope.com\/@fr\/114475456534586748","error":""},"_links":{"self":[{"href":"https:\/\/www.europesays.com\/fr\/wp-json\/wp\/v2\/posts\/85764","targetHints":{"allow":["GET"]}}],"collection":[{"href":"https:\/\/www.europesays.com\/fr\/wp-json\/wp\/v2\/posts"}],"about":[{"href":"https:\/\/www.europesays.com\/fr\/wp-json\/wp\/v2\/types\/post"}],"author":[{"embeddable":true,"href":"https:\/\/www.europesays.com\/fr\/wp-json\/wp\/v2\/users\/2"}],"replies":[{"embeddable":true,"href":"https:\/\/www.europesays.com\/fr\/wp-json\/wp\/v2\/comments?post=85764"}],"version-history":[{"count":0,"href":"https:\/\/www.europesays.com\/fr\/wp-json\/wp\/v2\/posts\/85764\/revisions"}],"wp:featuredmedia":[{"embeddable":true,"href":"https:\/\/www.europesays.com\/fr\/wp-json\/wp\/v2\/media\/85765"}],"wp:attachment":[{"href":"https:\/\/www.europesays.com\/fr\/wp-json\/wp\/v2\/media?parent=85764"}],"wp:term":[{"taxonomy":"category","embeddable":true,"href":"https:\/\/www.europesays.com\/fr\/wp-json\/wp\/v2\/categories?post=85764"},{"taxonomy":"post_tag","embeddable":true,"href":"https:\/\/www.europesays.com\/fr\/wp-json\/wp\/v2\/tags?post=85764"}],"curies":[{"name":"wp","href":"https:\/\/api.w.org\/{rel}","templated":true}]}}