{"id":85770,"date":"2025-05-09T02:15:16","date_gmt":"2025-05-09T02:15:16","guid":{"rendered":"https:\/\/www.europesays.com\/fr\/85770\/"},"modified":"2025-05-09T02:15:16","modified_gmt":"2025-05-09T02:15:16","slug":"marine-le-pen-reagit-au-sondage-qui-teste-bardella-a-la-presidentielle","status":"publish","type":"post","link":"https:\/\/www.europesays.com\/fr\/85770\/","title":{"rendered":"Marine Le Pen r\u00e9agit au sondage qui teste Bardella \u00e0 la pr\u00e9sidentielle"},"content":{"rendered":"<p>\u00abCroyez-moi, je suis l\u00e0, bien l\u00e0, et plus combative que jamais\u00bb, a d\u00e9clar\u00e9 la cheffe de file du RN aux m\u00e9dias en marge des comm\u00e9morations du 8-Mai 1945 \u00e0 H\u00e9nin-Beaumont, alors qu\u2019un r\u00e9cent sondage n\u2019a test\u00e9 que le nom de Jordan Bardella comme candidat RN \u00e0 la pr\u00e9sidentielle.<\/p>\n<p class=\"fig-paragraph\">\u00abJe ne disparais pas du fait d&rsquo;une d\u00e9cision de justice frapp\u00e9e d&rsquo;appel\u00bb, a d\u00e9clar\u00e9 jeudi Marine Le Pen, assurant ne pas avoir \u00e9t\u00e9 froiss\u00e9e par un r\u00e9cent sondage qui n&rsquo;avait test\u00e9 initialement que Jordan Bardella comme candidat RN \u00e0 la pr\u00e9sidentielle.<\/p>\n<p class=\"fig-paragraph\">\u00ab\u00c7a ne me froisse pas, je trouve \u00e7a juste ridicule\u00bb. Car \u00abje ne disparais pas du fait d&rsquo;une d\u00e9cision de justice frapp\u00e9e d&rsquo;appel (&#8230;). Croyez-moi, je suis l\u00e0, bien l\u00e0, et plus combative que jamais\u00bb, a d\u00e9clar\u00e9 la cheffe de file du RN \u00e0 quelques m\u00e9dias dont l&rsquo;AFP \u00e0 H\u00e9nin-Beaumont (Pas-de-Calais), o\u00f9 elle \u00e9tait venue assister aux comm\u00e9morations locales du 8-Mai 1945. \u00abLe Rassemblement national, par la voix de Jordan (Bardella, NDLR) ou par la mienne, est extr\u00eamement haut dans les intentions de vote\u00bb et \u00abc&rsquo;est \u00e7a la v\u00e9ritable bonne nouvelle de ce sondage\u00bb, a soulign\u00e9 la d\u00e9put\u00e9e du Pas-de-Calais.<\/p>\n<p class=\"fig-paragraph\">Une grande enqu\u00eate d&rsquo;opinion Ifop pour Hexagone, un observatoire financ\u00e9 par le milliardaire conservateur\u00a0<a href=\"http:\/\/www.lefigaro.fr\/entrepreneur\/entrepreneuriat-philanthropie-education-la-galaxie-du-milliardaire-pierre-edouard-sterin-20250418\" target=\"_blank\" data-fig-type=\"Article\" rel=\"noopener\" data-gtm-custom-categorie=\"navigation\" data-gtm-custom-action=\"crossclick\" data-gtm-custom-label=\"Contextuel\" data-gtm-event=\"customEventSPE\" data-fig-domain=\"LEFIGARO\">Pierre-Edouard<\/a>\u00a0St\u00e9rin, n&rsquo;avait d&rsquo;abord test\u00e9 pour le RN que la candidature \u00e9ventuelle de Jordan Bardella pour la prochaine pr\u00e9sidentielle, du fait de la peine d&rsquo;in\u00e9ligibilit\u00e9 de Marine Le Pen dans l&rsquo;affaire des assistants parlementaires europ\u00e9ens de son parti. Devant les grincements de dents du RN, Hexagone a demand\u00e9 fin avril \u00e0 l&rsquo;Ifop de tester \u00e9galement la candidature \u00e9ventuelle de Mme Le Pen, qui esp\u00e8re voir sa peine d&rsquo;in\u00e9ligibilit\u00e9 de 5 ans annul\u00e9e en appel d\u00e8s l&rsquo;an prochain.<\/p>\n<p class=\"fig-paragraph\">Publi\u00e9s lundi, les r\u00e9sultats du sondage montrent que Marine Le Pen et Jordan Bardella obtiendraient sensiblement le m\u00eame score au 1er tour (entre 32 et 35% selon les configurations) et livreraient un duel tr\u00e8s serr\u00e9 avec \u00c9douard Philippe (Horizons) au second tour, avec un l\u00e9ger avantage pour Jordan Bardella (50\/50 avec Bardella contre 48\/52 avec Marine Le Pen).<\/p>\n","protected":false},"excerpt":{"rendered":"\u00abCroyez-moi, je suis l\u00e0, bien l\u00e0, et plus combative que jamais\u00bb, a d\u00e9clar\u00e9 la cheffe de file du&hellip;\n","protected":false},"author":2,"featured_media":85771,"comment_status":"","ping_status":"","sticky":false,"template":"","format":"standard","meta":{"footnotes":""},"categories":[4],"tags":[47,1058,1054,1059,1060,1055,11,1057,118,1011,27,1061,303,430,12,1062,25,656,104,1056,809],"class_list":{"0":"post-85770","1":"post","2":"type-post","3":"status-publish","4":"format-standard","5":"has-post-thumbnail","7":"category-france","8":"tag-actualite","9":"tag-actualite-education","10":"tag-actualite-france","11":"tag-actualite-justice","12":"tag-actualite-securite","13":"tag-actualite-societe","14":"tag-actualites","15":"tag-education","16":"tag-faits-divers","17":"tag-fr","18":"tag-france","19":"tag-immigration","20":"tag-justice","21":"tag-marine-le-pen","22":"tag-news","23":"tag-polemique","24":"tag-republique-francaise","25":"tag-securite","26":"tag-societe","27":"tag-societe-francaise","28":"tag-violence"},"share_on_mastodon":{"url":"https:\/\/pubeurope.com\/@fr\/114475468237982606","error":""},"_links":{"self":[{"href":"https:\/\/www.europesays.com\/fr\/wp-json\/wp\/v2\/posts\/85770","targetHints":{"allow":["GET"]}}],"collection":[{"href":"https:\/\/www.europesays.com\/fr\/wp-json\/wp\/v2\/posts"}],"about":[{"href":"https:\/\/www.europesays.com\/fr\/wp-json\/wp\/v2\/types\/post"}],"author":[{"embeddable":true,"href":"https:\/\/www.europesays.com\/fr\/wp-json\/wp\/v2\/users\/2"}],"replies":[{"embeddable":true,"href":"https:\/\/www.europesays.com\/fr\/wp-json\/wp\/v2\/comments?post=85770"}],"version-history":[{"count":0,"href":"https:\/\/www.europesays.com\/fr\/wp-json\/wp\/v2\/posts\/85770\/revisions"}],"wp:featuredmedia":[{"embeddable":true,"href":"https:\/\/www.europesays.com\/fr\/wp-json\/wp\/v2\/media\/85771"}],"wp:attachment":[{"href":"https:\/\/www.europesays.com\/fr\/wp-json\/wp\/v2\/media?parent=85770"}],"wp:term":[{"taxonomy":"category","embeddable":true,"href":"https:\/\/www.europesays.com\/fr\/wp-json\/wp\/v2\/categories?post=85770"},{"taxonomy":"post_tag","embeddable":true,"href":"https:\/\/www.europesays.com\/fr\/wp-json\/wp\/v2\/tags?post=85770"}],"curies":[{"name":"wp","href":"https:\/\/api.w.org\/{rel}","templated":true}]}}