{"id":857754,"date":"2026-04-09T14:08:24","date_gmt":"2026-04-09T14:08:24","guid":{"rendered":"https:\/\/www.europesays.com\/fr\/857754\/"},"modified":"2026-04-09T14:08:24","modified_gmt":"2026-04-09T14:08:24","slug":"le-scarabee-japonais-a-la-conquete-de-leurope-un-insecte-sous-haute-surveillance","status":"publish","type":"post","link":"https:\/\/www.europesays.com\/fr\/857754\/","title":{"rendered":"Le scarab\u00e9e japonais \u00e0 la conqu\u00eate de l\u2019Europe : un insecte sous haute surveillance"},"content":{"rendered":"<p>[Un article de\u00a0<a href=\"https:\/\/theconversation.com\/le-scarabee-japonais-a-la-conquete-de-leurope-un-insecte-sous-haute-surveillance-277548\" target=\"_blank\" rel=\"nofollow noopener\">The\u00a0Conversation<\/a> \u00e9crit<br \/>\n<strong>Sylvain Poggi<\/strong> &#8211; Chercheur en \u00e9cologie quantitative<br \/>\net analyse de donn\u00e9es, Inrae &#8211; <strong>Davide Martinetti<\/strong> &#8211;<br \/>\nChercheur en Biostatistique et Processus Spatiaux, Inrae &amp;<br \/>\n<strong>Leyli Borner<\/strong> &#8211; Ecologue et statisticienne,<br \/>\nUniversit\u00e9 de Rennes]<\/p>\n<p>C\u2019est un col\u00e9opt\u00e8re au r\u00e9gime vari\u00e9. Le scarab\u00e9e japonais peut<br \/>\ns\u2019alimenter sur plus de\u00a0<a href=\"https:\/\/doi.org\/10.57745\/SXZNQF\" target=\"_blank\" rel=\"nofollow noopener\">400\u00a0esp\u00e8ces de plantes h\u00f4tes<\/a>. Ses larves se<br \/>\nnourrissent principalement des racines de gramin\u00e9es, en particulier<br \/>\ncelles des gazons, des prairies et surfaces enherb\u00e9es, tandis que<br \/>\nles adultes attaquent de nombreuses cultures agricoles (vignes,<br \/>\nfruits \u00e0 noyau, etc.), mais \u00e9galement des esp\u00e8ces ornementales<br \/>\ntelles que les rosiers.<\/p>\n<p>Les d\u00e9g\u00e2ts potentiels sont consid\u00e9rables\u00a0: aux \u00c9tats-Unis,<br \/>\nles d\u00e9g\u00e2ts sont estim\u00e9s \u00e0\u00a0<a href=\"https:\/\/www.aphis.usda.gov\/sites\/default\/files\/JBhandbook.pdf\" target=\"_blank\" rel=\"nofollow noopener\">plusieurs centaines de millions de<br \/>\ndollars par an<\/a>, en incluant \u00e0 la fois les pertes de production<br \/>\net les co\u00fbts de lutte.<\/p>\n<p><img decoding=\"async\" itemprop=\"thumbnailUrl\" class=\"native-lazy\" src=\"https:\/\/www.europesays.com\/fr\/wp-content\/uploads\/2026\/04\/file-20260318-57-jluxie.jpg\"   alt=\"\"\/><\/p>\n<p>Le scarab\u00e9e japonais est de ce fait sous haute surveillance en<br \/>\nFrance, o\u00f9 il a \u00e9t\u00e9 d\u00e9tect\u00e9 pour la premi\u00e8re fois dans le Grand-Est<br \/>\nen juillet\u00a02025. Cette d\u00e9tection a de quoi inqui\u00e9ter, mais<br \/>\nelle \u00e9tait h\u00e9las pr\u00e9visible\u00a0: d\u00e8s mai 2022, un\u00a0<a href=\"https:\/\/www.anses.fr\/fr\/system\/files\/SANTVEG2021SA0090Ra.pdf\" target=\"_blank\" rel=\"nofollow noopener\">rapport d\u2019expertise collective de<br \/>\nl\u2019Agence nationale de s\u00e9curit\u00e9 sanitaire<br \/>\n(Anses)<\/a>\u00a0anticipait son introduction comme in\u00e9luctable en<br \/>\nFrance hexagonale.<\/p>\n<p>Une esp\u00e8ce exotique envahissante bien document\u00e9e<\/p>\n<p>Originaire du Japon, le scarab\u00e9e japonais est une esp\u00e8ce<br \/>\nexotique envahissante dont les routes d\u2019invasion sont bien connues<br \/>\n(Figure\u00a01). Accidentellement introduit aux \u00c9tats-Unis en 1916,<br \/>\nil s\u2019y est progressivement install\u00e9 et s\u2019est diss\u00e9min\u00e9 jusqu\u2019au<br \/>\nCanada.<\/p>\n<p>\u00c0 partir des ann\u00e9es\u00a01970, il a colonis\u00e9 l\u2019archipel des<br \/>\nA\u00e7ores, puis fut signal\u00e9 pour la premi\u00e8re fois en Europe<br \/>\ncontinentale pr\u00e8s de Milan (Italie) en 2014. Il s\u2019est propag\u00e9 en<br \/>\nSuisse, d\u00e8s 2017, et a \u00e9t\u00e9 intercept\u00e9 dans d\u2019autres pays<br \/>\neurop\u00e9ens\u00a0: Pays-Bas (2019), Allemagne (2022), Slov\u00e9nie (2024)<br \/>\net, en 2025, en France, en Espagne, en Belgique et en Autriche.<\/p>\n<p><img decoding=\"async\" class=\"native-lazy\" src=\"https:\/\/www.europesays.com\/fr\/wp-content\/uploads\/2026\/04\/file-20260305-57-eg119m.jpg\"   alt=\"\"\/><\/p>\n<p>Figure\u00a01\u00a0: Historique<br \/>\nd\u2019invasion du scarab\u00e9e japonais.\u00a0Fourni par l&rsquo;auteur<\/p>\n<p>Cette invasion a suivi trois \u00e9tapes classiques\u00a0: l\u2019entr\u00e9e,<br \/>\nl\u2019\u00e9tablissement et la diss\u00e9mination de l\u2019esp\u00e8ce. Dans le cadre<br \/>\ndu\u00a0<a href=\"https:\/\/www.popillia.eu\/\" target=\"_blank\" rel=\"nofollow noopener\">projet europ\u00e9en IPM-Popillia<\/a>, nous avons d\u00e9velopp\u00e9<br \/>\ndes cartes de risque pour chacune de ces \u00e9tapes \u00e0 l\u2019\u00e9chelle de<br \/>\nl\u2019Europe, afin d\u2019aider les services phytosanitaires et les<br \/>\nd\u00e9cideurs \u00e0 mettre en place des strat\u00e9gies de surveillance<br \/>\nefficaces. Voici ce que nous avons appris.<\/p>\n<p>Le scarab\u00e9e japonais\u00a0: une invasion \u00e0 nos\u00a0portes<\/p>\n<p>Le scarab\u00e9e japonais se d\u00e9place principalement gr\u00e2ce aux<br \/>\nactivit\u00e9s humaines\u00a0: il s\u2019introduit dans de nouvelles r\u00e9gions<br \/>\npar le transport de personnes et de marchandises, ce qui est<br \/>\ncaract\u00e9ristique d\u2019un insecte \u00ab\u00a0auto-stoppeur\u00a0\u00bb.<\/p>\n<p>Nous avons \u00e9valu\u00e9 le risque d\u2019introduction dans chaque r\u00e9gion<br \/>\neurop\u00e9enne (Figure\u00a02) en analysant les flux de voyageurs et de<br \/>\nmarchandises par avion, par train et en camion, \u00e0 partir du foyer<br \/>\nprincipal d\u2019invasion (localis\u00e9 en Italie du Nord et au sud de la<br \/>\nSuisse). Les zones \u00e9tudi\u00e9es correspondent aux\u00a0<a href=\"https:\/\/ec.europa.eu\/eurostat\/fr\/web\/nuts\" target=\"_blank\" rel=\"nofollow noopener\">unit\u00e9s NUTS3<\/a>, d\u00e9finies par l\u2019Union europ\u00e9enne, qui<br \/>\ncorrespondent \u00e0 des zones de la taille d\u2019un d\u00e9partement ou d\u2019une<br \/>\npetite province.<\/p>\n<p><img decoding=\"async\" class=\"native-lazy\" src=\"https:\/\/www.europesays.com\/fr\/wp-content\/uploads\/2026\/04\/file-20260305-69-v9xz6y.png\"   alt=\"\"\/><\/p>\n<p>Figure\u00a02\u00a0: Cartes de<br \/>\nrisque d\u2019introduction du scarab\u00e9e japonais en Europe continentale<br \/>\ndepuis le foyer principal d\u2019invasion (en noir) par voie a\u00e9rienne<br \/>\n(A), ferroviaire (B), routi\u00e8re (C), et par une combinaison de ces<br \/>\ntrois modes (indice composite, D). Les couleurs chaudes<br \/>\ncorrespondent \u00e0 un risque plus \u00e9lev\u00e9. Adapt\u00e9 de Borner\u00a0et<br \/>\nal.\u00a0(2024).\u00a0Fourni<br \/>\npar l&rsquo;auteur<\/p>\n<p>O\u00f9 le scarab\u00e9e japonais pourrait-il s\u2019\u00e9tablir\u00a0?<\/p>\n<p>Une fois introduite, une population de scarab\u00e9es peut-elle<br \/>\nsurvivre et se reproduire\u00a0? C\u2019est ce que l\u2019on appelle l\u2019\u00e9tape<br \/>\nd\u2019\u00e9tablissement. Les conditions climatiques, l\u2019usage des sols et<br \/>\nl\u2019environnement local d\u00e9terminent si ces populations peuvent se<br \/>\nmaintenir durablement.<\/p>\n<p>Gr\u00e2ce \u00e0 des mod\u00e8les de distribution d\u2019esp\u00e8ces, nous avons reli\u00e9<br \/>\nles donn\u00e9es de pr\u00e9sence du scarab\u00e9e dans les zones colonis\u00e9es,<br \/>\nissues notamment des plateformes de sciences citoyennes, avec des<br \/>\ninformations environnementales g\u00e9or\u00e9f\u00e9renc\u00e9es.<\/p>\n<p>La carte de risque d\u2019\u00e9tablissement (Figure\u00a03) montre que<br \/>\nles contreforts des Alpes, le nord des Balkans et les rives<br \/>\norientales de la mer Noire sont tr\u00e8s favorables \u00e0 l\u2019insecte. Le<br \/>\nsud-ouest de la France, la Bretagne, l\u2019Allemagne, l\u2019Autriche, la<br \/>\nBelgique et les Pays-Bas pr\u00e9sentent un risque plus mod\u00e9r\u00e9.<\/p>\n<p><img decoding=\"async\" class=\"native-lazy\" src=\"https:\/\/www.europesays.com\/fr\/wp-content\/uploads\/2026\/04\/file-20260305-82-qbf1lf.png\"   alt=\"\"\/><br \/>\nFigure\u00a03\u00a0: Carte de<br \/>\nrisque d\u2019\u00e9tablissement du scarab\u00e9e japonais en Europe continentale.<br \/>\nLes couleurs chaudes correspondent \u00e0 un risque plus \u00e9lev\u00e9. Adapt\u00e9<br \/>\nde Borner\u00a0et<br \/>\nal.\u00a0(2023).\u00a0Fourni<br \/>\npar l&rsquo;auteur<\/p>\n<p>Comment l\u2019esp\u00e8ce continue-t-elle de se propager\u00a0?<\/p>\n<p>Les scarab\u00e9es japonais \u00e9mergent une fois par an sous les<br \/>\nlatitudes temp\u00e9r\u00e9es et sont responsables de la progression du front<br \/>\nd\u2019invasion en \u00e9t\u00e9\u00a0via\u00a0leur vol actif. Ils se<br \/>\nd\u00e9placent pour se nourrir, s\u2019accoupler et pondre leurs \u0153ufs, qui<br \/>\npoursuivent ensuite leur d\u00e9veloppement dans le sol tout<br \/>\nl\u2019hiver.<\/p>\n<p>L\u2019interaction entre le cycle de vie de l\u2019insecte et les<br \/>\nconditions locales gouverne la vitesse \u00e0 laquelle il se propage<br \/>\ndans diff\u00e9rentes r\u00e9gions d\u2019Europe (Figure\u00a04).<\/p>\n<p><img decoding=\"async\" class=\"native-lazy\" src=\"https:\/\/www.europesays.com\/fr\/wp-content\/uploads\/2026\/04\/file-20260305-57-jskss6.jpg\"   alt=\"\"\/><br \/>\nFigure\u00a04\u00a0: Carte de<br \/>\nvitesse locale de propagation du front de colonisation du scarab\u00e9e<br \/>\njaponais en Europe continentale.\u00a0Fourni par l&rsquo;auteur<\/p>\n<p>Des cartes de risque pour mieux pr\u00e9venir<\/p>\n<p>Nos cartes de risque permettent de visualiser trois aspects<br \/>\nessentiels\u00a0:<\/p>\n<ol>\n<li>Risque d\u2019introduction\u00a0: o\u00f9 l\u2019esp\u00e8ce peut<br \/>\narriver\u00a0via\u00a0les transports humains.<\/li>\n<li>Risque d\u2019\u00e9tablissement\u00a0: o\u00f9 les conditions<br \/>\nenvironnementales sont favorables \u00e0 sa survie et sa<br \/>\nreproduction.<\/li>\n<li>Risque de dispersion active\u00a0: o\u00f9 l\u2019insecte peut se<br \/>\nd\u00e9placer naturellement gr\u00e2ce \u00e0 son vol.<\/li>\n<\/ol>\n<p>Consid\u00e9r\u00e9es s\u00e9par\u00e9ment, mais plus encore combin\u00e9es, ces cartes<br \/>\nconstituent un outil pr\u00e9cieux pour anticiper et limiter la<br \/>\nprogression du scarab\u00e9e japonais. Elles aident \u00e0 d\u00e9finir des zones<br \/>\nprioritaires pour la surveillance, \u00e0 coordonner les actions<br \/>\ntransfrontali\u00e8res et \u00e0 adapter les mesures de confinement selon la<br \/>\nvitesse de propagation locale.<\/p>\n<p>La surveillance des esp\u00e8ces exotiques<br \/>\nenvahissantes\u00a0: un enjeu\u00a0crucial<\/p>\n<p>Les invasions biologiques sont en forte croissance depuis deux<br \/>\nsi\u00e8cles, et la tendance devrait se poursuivre avec<br \/>\nl\u2019intensification du commerce, des transports et du changement<br \/>\nclimatique. Entre 1980 et 2019, les dommages li\u00e9s aux invasions se<br \/>\nsont \u00e9lev\u00e9s \u00e0 1\u00a0208\u00a0milliards de dollars (plus de<br \/>\n1\u00a0049\u00a0milliards d\u2019euros) \u00e0 l\u2019\u00e9chelle mondiale, avec une<br \/>\naugmentation de 702\u00a0% des pertes d\u00e9clar\u00e9es entre 1980-1999 et<br \/>\n2000-2019.<\/p>\n<p>Dans ce contexte, il est donc crucial d\u2019am\u00e9liorer la pr\u00e9vention,<br \/>\nla surveillance et la r\u00e9ponse rapide afin de stabiliser, voire de<br \/>\nr\u00e9duire \u00e0 terme, le nombre de nouvelles invasions. Nos cartes de<br \/>\nrisque viennent compl\u00e9ter les outils existants pour optimiser les<br \/>\nstrat\u00e9gies de surveillance permettant d\u2019activer les mesures<br \/>\nappropri\u00e9es pour lutter contre les esp\u00e8ces exotiques<br \/>\nenvahissantes.<\/p>\n<p>En pratique, toute observation d\u2019un scarab\u00e9e japonais doit \u00eatre<br \/>\nsignal\u00e9e \u00e0 votre Direction r\u00e9gionale de l\u2019alimentation, de<br \/>\nl\u2019agriculture et de la for\u00eat (<a href=\"https:\/\/agriculture.gouv.fr\/les-directions-regionales-du-ministere-draaf\" target=\"_blank\" rel=\"nofollow noopener\">Draaf<\/a>), en pr\u00e9cisant le lieu de<br \/>\nl\u2019observation.<img loading=\"lazy\" decoding=\"async\" style=\"border: none !important; box-shadow: none !important; margin: 0 !important; max-height: 1px !important; max-width: 1px !important; min-height: 1px !important; min-width: 1px !important; opacity: 0 !important; outline: none !important; padding: 0 !important;\" src=\"https:\/\/www.europesays.com\/fr\/wp-content\/uploads\/2026\/04\/count.gif\" alt=\"The Conversation\" width=\"1\" height=\"1\"\/><\/p>\n","protected":false},"excerpt":{"rendered":"[Un article de\u00a0The\u00a0Conversation \u00e9crit Sylvain Poggi &#8211; Chercheur en \u00e9cologie quantitative et analyse de donn\u00e9es, Inrae &#8211; Davide&hellip;\n","protected":false},"author":2,"featured_media":857755,"comment_status":"","ping_status":"","sticky":false,"template":"","format":"standard","meta":{"footnotes":"","_share_on_mastodon":"0"},"categories":[1586],"tags":[930,13041,11,46595,1805,1777,674,1011,27,8280,16705,48358,4743,1808,12,25,31784,3107,9673,9066],"class_list":["post-857754","post","type-post","status-publish","format-standard","has-post-thumbnail","category-europe","tag-le","tag-a","tag-actualites","tag-conquete","tag-de","tag-eu","tag-europe","tag-fr","tag-france","tag-haute","tag-insecte","tag-japonais","tag-la","tag-leurope","tag-news","tag-republique-francaise","tag-scarabee","tag-sous","tag-surveillance","tag-un"],"share_on_mastodon":{"url":"https:\/\/pubeurope.com\/@fr\/116375147625699941","error":""},"_links":{"self":[{"href":"https:\/\/www.europesays.com\/fr\/wp-json\/wp\/v2\/posts\/857754","targetHints":{"allow":["GET"]}}],"collection":[{"href":"https:\/\/www.europesays.com\/fr\/wp-json\/wp\/v2\/posts"}],"about":[{"href":"https:\/\/www.europesays.com\/fr\/wp-json\/wp\/v2\/types\/post"}],"author":[{"embeddable":true,"href":"https:\/\/www.europesays.com\/fr\/wp-json\/wp\/v2\/users\/2"}],"replies":[{"embeddable":true,"href":"https:\/\/www.europesays.com\/fr\/wp-json\/wp\/v2\/comments?post=857754"}],"version-history":[{"count":0,"href":"https:\/\/www.europesays.com\/fr\/wp-json\/wp\/v2\/posts\/857754\/revisions"}],"wp:featuredmedia":[{"embeddable":true,"href":"https:\/\/www.europesays.com\/fr\/wp-json\/wp\/v2\/media\/857755"}],"wp:attachment":[{"href":"https:\/\/www.europesays.com\/fr\/wp-json\/wp\/v2\/media?parent=857754"}],"wp:term":[{"taxonomy":"category","embeddable":true,"href":"https:\/\/www.europesays.com\/fr\/wp-json\/wp\/v2\/categories?post=857754"},{"taxonomy":"post_tag","embeddable":true,"href":"https:\/\/www.europesays.com\/fr\/wp-json\/wp\/v2\/tags?post=857754"}],"curies":[{"name":"wp","href":"https:\/\/api.w.org\/{rel}","templated":true}]}}