{"id":85784,"date":"2025-05-09T02:28:42","date_gmt":"2025-05-09T02:28:42","guid":{"rendered":"https:\/\/www.europesays.com\/fr\/85784\/"},"modified":"2025-05-09T02:28:42","modified_gmt":"2025-05-09T02:28:42","slug":"pro-d2-une-3e-ligne-inedite-des-retours-attendus-la-composition-du-fcg-pour-le-choc-a-brive","status":"publish","type":"post","link":"https:\/\/www.europesays.com\/fr\/85784\/","title":{"rendered":"Pro D2. Une 3e ligne in\u00e9dite, des retours attendus\u00a0: la composition du FCG pour le choc \u00e0 Brive"},"content":{"rendered":"<p>La derni\u00e8re mini-tr\u00eave de la saison de Pro D2 est pass\u00e9e et, avec le 7e et dernier bloc du championnat, les choses tr\u00e8s s\u00e9rieuses vont commencer. Pour le FC Grenoble, cette avant-derni\u00e8re journ\u00e9e du cru 2024-2025 le conduira vendredi \u00e0 Brive (coup d\u2019envoi \u00e0 21 heures, au stade Am\u00e9d\u00e9e-Domenech), <a href=\"https:\/\/www.ledauphine.com\/sport\/classement\/rugby\/national-pro-d2-saison-reguliere\" target=\"_blank\" title=\"rugby Pro D2 classement apr\u00e8s J28\" rel=\"noopener\">pour un duel entre le 2e et le 1er du classement<\/a>.<\/p>\n<p>Match au sommet ou pas, le staff du FCG n\u2019a pas d\u00e9rog\u00e9 \u00e0 ses habitudes, en changeant dix <a href=\"https:\/\/www.ledauphine.com\/sport\/2025\/04\/24\/fcg-des-cadres-de-retour-les-freres-trouilloud-enchainent-la-compo-face-a-oyonnax\" target=\"_blank\" title=\"rugby Pro D2 FCG - OYO compo\" rel=\"noopener\">des quinze titulaires du dernier match, face \u00e0 Oyonnax<\/a> (26-23).<\/p>\n<p>  De nombreux cadres laiss\u00e9s en Is\u00e8re<\/p>\n<p>Cadres habituels de l\u2019\u00e9quipe dauphinoise et tous impliqu\u00e9s <a title=\"rugby Pro D2 FCG 6 OYO r\u00e9sultat\" href=\"https:\/\/www.ledauphine.com\/sport\/2025\/04\/25\/le-fc-grenoble-qualifie-pour-les-demi-finales-apres-s-etre-fait-tres-peur-contre-oyonnax\" target=\"_blank\" rel=\"noopener\">dans la victoire face aux Oyonnaxiens<\/a> , les premi\u00e8res lignes Tommy Raynaud, Mathis Sarragallet et Johannes Jonker, le 3e ligne Richard Hardwick, les demis Barnab\u00e9 Couilloud et <a href=\"https:\/\/www.ledauphine.com\/p\/sam-davies\" target=\"_blank\" rel=\"noopener\">Sam Davies<\/a>, ainsi que les trois-quarts Romain Trouilloud et Gerswin Mouton restent \u00e0 la maison ce week-end. Tandis que le 2e ligne Pierce Phillips figure dans le groupe \u00e9largi parti jeudi apr\u00e8s-midi en Corr\u00e8ze, mais l\u2019Anglais n\u2019est pas pr\u00e9vu pour jouer.<\/p>\n<p>Pour autant, les Rouge et bleu aligneront une \u00e9quipe comp\u00e9titive face aux Coujous, avec les retours dans le groupe du pilier gauche Eli Eglaine, du 2e ligne Giorgi Javakhia, du flanker Victor Guillaumond et de l\u2019ouvreur Max Cl\u00e9ment, ainsi que les mont\u00e9es depuis le banc de touche du talonneur Bastien Soury, du pilier droit Giorgi Pertaia, du 2e ligne Thomas Lainault, du centre Yan Lestrade et de l\u2019arri\u00e8re Marc Palmier.<\/p>\n<p>En l\u2019absence de Davies et R. Trouilloud, l\u2019ancien Aurillacois Marc Palmier devrait assumer la charge de buteur, \u00e9paul\u00e9 par le jeune Max Cl\u00e9ment.<\/p>\n<p>  Mathis Baret rappel\u00e9 en n\u00b08<\/p>\n<p>Les faits notables se situent en 3e ligne, o\u00f9 l\u2019international U20 Mathis Baret sera titularis\u00e9 pour la deuxi\u00e8me fois de la saison, <a href=\"https:\/\/www.ledauphine.com\/sport\/2025\/03\/05\/des-jeunes-lances-dans-le-grand-bain-la-chance-de-holt-la-compo-du-fcg-a-soyaux-angouleme\" target=\"_blank\" title=\"rugby Pro D2 SAXV - FCG compo\" rel=\"noopener\">apr\u00e8s le voyage \u00e0 Soyaux\/Angoul\u00eame<\/a> (5\u00a0mars, 13-25). Avec Guillaumond (24 ans, mais plus confirm\u00e9), ils formeront une 3e ligne in\u00e9dite et 100\u00a0% FCG aux c\u00f4t\u00e9s du taulier Antonin Berruyer (26 ans).<\/p>\n<p>Sur le trident arri\u00e8re, le jeune Hugo Trouilloud (22 ans), habituel arri\u00e8re, sera titularis\u00e9 sur une aile, o\u00f9 il pourra faire valoir ses qualit\u00e9s de vitesse.<\/p>\n<p>On note aussi sur le banc de touche <a title=\"rugby FCG \u00e9chos de Lesdigui\u00e8res 6 mai\" href=\"https:\/\/www.ledauphine.com\/sport\/2025\/05\/07\/quelques-retours-mais-pas-tous-les-conseils-d-un-arbitre-les-dernieres-infos-du-fcg\" target=\"_blank\" rel=\"noopener\">les retours tr\u00e8s attendus du centre Romain Fusier (genou) et de l\u2019arri\u00e8re Julien Farnoux (ischio-jambiers)<\/a> , \u00e9cart\u00e9s des terrains depuis plus de deux mois sur blessures.<\/p>\n<p>Enfin, le jeune Kelian Boissier (23 ans), d\u00e9j\u00e0 aper\u00e7u les saisons pass\u00e9es en Pro D2, conna\u00eetra sa premi\u00e8re feuille en professionnel cette saison, au relais d\u2019Eric Escande comme n\u00b09.<\/p>\n<p>Cette \u00e9quipe remani\u00e9e mais comp\u00e9titive tentera de conserver la premi\u00e8re place du championnat, convoit\u00e9e par des Brivistes \u00e0 cinq longueurs derri\u00e8re le FCG.<\/p>\n<p class=\"note\">A NOTER\u00a0: le match Brive &#8211; Grenoble sera \u00e0 suivre en direct comment\u00e9 sur <a href=\"http:\/\/www.ledauphine.com\/sport\" target=\"_blank\" rel=\"noopener\">www.ledauphine.com\/sport<\/a> vendredi \u00e0 partir de 20h30.<\/p>\n<p class=\"insetTitle\">La composition du FCG \u00e0 Brive<\/p>\n<p>Palmier \u2013 H.\u00a0Trouilloud, H\u00e9riteau, Lestrade, Rasaku \u2013 (o) Cl\u00e9ment, (m) Escande \u2013 Guillaumond, Baret, A.\u00a0Berruyer (cap) \u2013 Javakhia, T.\u00a0Lainault \u2013 Pertaia, Soury, Eglaine.<\/p>\n<p>Rempla\u00e7ants\u00a0: Rossi, Gauthier, C.\u00a0Thomas, Madeira, Martel, Boissier, Farnoux, R.\u00a0Fusier.<\/p>\n","protected":false},"excerpt":{"rendered":"La derni\u00e8re mini-tr\u00eave de la saison de Pro D2 est pass\u00e9e et, avec le 7e et dernier bloc&hellip;\n","protected":false},"author":2,"featured_media":85785,"comment_status":"","ping_status":"","sticky":false,"template":"","format":"standard","meta":{"footnotes":""},"categories":[9566],"tags":[1111,11,2430,112,113,114,1777,674,2727,1701,1011,27,2731,2732,108,12,2308,25,479,517,1947],"class_list":{"0":"post-85784","1":"post","2":"type-post","3":"status-publish","4":"format-standard","5":"has-post-thumbnail","7":"category-grenoble","8":"tag-actu","9":"tag-actualites","10":"tag-auvergne-rhone-alpes","11":"tag-edition-grenoble-agglomeration","12":"tag-edition-gresivaudan-oisans","13":"tag-edition-voiron-saint-marcellin","14":"tag-eu","15":"tag-europe","16":"tag-fcg-fc-grenoble-rugby","17":"tag-fil-info-sport","18":"tag-fr","19":"tag-france","20":"tag-grenoble","21":"tag-grenoble-bassin","22":"tag-isere","23":"tag-news","24":"tag-pro-d2","25":"tag-republique-francaise","26":"tag-rugby","27":"tag-sport","28":"tag-sport-national"},"share_on_mastodon":{"url":"https:\/\/pubeurope.com\/@fr\/114475519378236636","error":""},"_links":{"self":[{"href":"https:\/\/www.europesays.com\/fr\/wp-json\/wp\/v2\/posts\/85784","targetHints":{"allow":["GET"]}}],"collection":[{"href":"https:\/\/www.europesays.com\/fr\/wp-json\/wp\/v2\/posts"}],"about":[{"href":"https:\/\/www.europesays.com\/fr\/wp-json\/wp\/v2\/types\/post"}],"author":[{"embeddable":true,"href":"https:\/\/www.europesays.com\/fr\/wp-json\/wp\/v2\/users\/2"}],"replies":[{"embeddable":true,"href":"https:\/\/www.europesays.com\/fr\/wp-json\/wp\/v2\/comments?post=85784"}],"version-history":[{"count":0,"href":"https:\/\/www.europesays.com\/fr\/wp-json\/wp\/v2\/posts\/85784\/revisions"}],"wp:featuredmedia":[{"embeddable":true,"href":"https:\/\/www.europesays.com\/fr\/wp-json\/wp\/v2\/media\/85785"}],"wp:attachment":[{"href":"https:\/\/www.europesays.com\/fr\/wp-json\/wp\/v2\/media?parent=85784"}],"wp:term":[{"taxonomy":"category","embeddable":true,"href":"https:\/\/www.europesays.com\/fr\/wp-json\/wp\/v2\/categories?post=85784"},{"taxonomy":"post_tag","embeddable":true,"href":"https:\/\/www.europesays.com\/fr\/wp-json\/wp\/v2\/tags?post=85784"}],"curies":[{"name":"wp","href":"https:\/\/api.w.org\/{rel}","templated":true}]}}