{"id":85796,"date":"2025-05-09T02:35:23","date_gmt":"2025-05-09T02:35:23","guid":{"rendered":"https:\/\/www.europesays.com\/fr\/85796\/"},"modified":"2025-05-09T02:35:23","modified_gmt":"2025-05-09T02:35:23","slug":"un-atelier-land-art-avec-lassociation-repousse-a-bouguenais","status":"publish","type":"post","link":"https:\/\/www.europesays.com\/fr\/85796\/","title":{"rendered":"Un atelier Land art avec l\u2019association Repousse \u00e0 Bouguenais"},"content":{"rendered":"<p>La saison des r\u00e9cup\u00e9rations et des replantations de jeunes plants d\u2019arbres se termine pour l\u2019association nantaise, Repousse, dont l\u2019objectif premier \u00e9tait de r\u00e9cup\u00e9rer un maximum d\u2019arbres chez les particuliers, agriculteurs ou sur les chantiers.<\/p>\n<p>Pour poursuivre sa sensibilisation \u00e0 la protection des conif\u00e8res, aupr\u00e8s des habitants, elle organise, jeudi 12\u00a0juin, \u00e0 l\u2019occasion de l\u2019inauguration de la place de la Chapelle, \u00e0 Bouguenais (Loire-Atlantique), un atelier Land art participatif, afin de d\u00e9corer la place, avec des \u00e9l\u00e9ments issus de la nature.<\/p>\n<p>Au printemps commence le calendrier des actions pour faire comprendre l\u2019importance et la beaut\u00e9 de l\u2019arbre, dans l\u2019environnement urbain, avec notamment des animations <strong>\u00ab\u00a0arbrier\u00a0\u00bb<\/strong> et une biblioth\u00e8que mobile. L\u2019association a r\u00e9alis\u00e9 depuis sa cr\u00e9ation dix-huit\u00a0actions de sensibilisation grand public.<\/p>\n<p>6\u00a0600\u00a0arbres replant\u00e9s dans le d\u00e9partement<\/p>\n<p>Apr\u00e8s deux ans d\u2019existence, Repousse dresse un bilan tr\u00e8s positif de son activit\u00e9, puisqu\u2019elle a sauv\u00e9 et replant\u00e9 6\u00a0600\u00a0arbres dans le d\u00e9partement, dont plus de 3\u00a0000\u00a0depuis janvier\u00a02025.<\/p>\n<p>Forte d\u2019environ 200\u00a0adh\u00e9rents, auxquels s\u2019ajoutent de nombreux b\u00e9n\u00e9voles actifs, anim\u00e9s par une salari\u00e9e permanente, Repousse collecte des arbres d\u2019essences locales qui sont destin\u00e9s \u00e0 \u00eatre broy\u00e9s dans des jardins priv\u00e9s ou des invendus de p\u00e9pini\u00e9ristes. Elle les replante gratuitement chez des particuliers, des agriculteurs, dans des lieux publics, avec Nantes M\u00e9tropole ou encore dans des tiers lieux.<\/p>\n<p>Marion Huet, coordinatrice, ajoute\u00a0: <strong>\u00ab\u00a0Pour cr\u00e9er encore plus de liens sociaux, nous privil\u00e9gions cependant les projets collectifs, tels qu\u2019un coll\u00e8ge \u00e0 Rez\u00e9, un verger collectif \u00e0 Saint-Fiacre [\u2026] Et des ateliers de plantation ou de semis sont \u00e9galement propos\u00e9s aux entreprises locales, dans le cadre de leur politique RSE.\u00a0\u00bb<\/strong><\/p>\n<p><strong>Des arbres confi\u00e9s \u00e0 des familles d\u2019accueil<\/strong><\/p>\n<p>Pendant ces actions, les plus jeunes pousses et les arbres issus de semis sont mis \u00e0 l\u2019abri d\u2019une haie, en paillant et en arrosant pendant un an, jusqu\u2019\u00e0 ce qu\u2019ils se soient renforc\u00e9s et fassent au moins un m\u00e8tre.<\/p>\n<p>Ils sont alors confi\u00e9s \u00e0 des <strong>\u00ab\u00a0familles d\u2019accueil\u00a0\u00bb<\/strong>, qui peuvent \u00eatre\u00a0des \u00c9tablissements ou services d\u2019aide par le travail (Esat), des maisons de retraite, des particuliers.<\/p>\n<p><strong>Jeudi 12\u00a0juin,<\/strong> \u00e0 partir de 17\u00a0h, place de la Chapelle\u00a0: \u00e0 Bouguenais. Entr\u00e9e libre.<\/p>\n<p>\u00a0<\/p>\n","protected":false},"excerpt":{"rendered":"La saison des r\u00e9cup\u00e9rations et des replantations de jeunes plants d\u2019arbres se termine pour l\u2019association nantaise, Repousse, dont&hellip;\n","protected":false},"author":2,"featured_media":85797,"comment_status":"","ping_status":"","sticky":false,"template":"","format":"standard","meta":{"footnotes":""},"categories":[2818],"tags":[1111,11,3734,4077,4396,5173,1777,674,1011,27,19540,766,12,2636,19541,25,4937],"class_list":{"0":"post-85796","1":"post","2":"type-post","3":"status-publish","4":"format-standard","5":"has-post-thumbnail","7":"category-nantes","8":"tag-actu","9":"tag-actualites","10":"tag-art","11":"tag-association","12":"tag-atelier","13":"tag-bouguenais","14":"tag-eu","15":"tag-europe","16":"tag-fr","17":"tag-france","18":"tag-land","19":"tag-nantes","20":"tag-news","21":"tag-pays-de-la-loire","22":"tag-repousse","23":"tag-republique-francaise","24":"tag-saint-brieuc"},"share_on_mastodon":{"url":"https:\/\/pubeurope.com\/@fr\/114475547306600554","error":""},"_links":{"self":[{"href":"https:\/\/www.europesays.com\/fr\/wp-json\/wp\/v2\/posts\/85796","targetHints":{"allow":["GET"]}}],"collection":[{"href":"https:\/\/www.europesays.com\/fr\/wp-json\/wp\/v2\/posts"}],"about":[{"href":"https:\/\/www.europesays.com\/fr\/wp-json\/wp\/v2\/types\/post"}],"author":[{"embeddable":true,"href":"https:\/\/www.europesays.com\/fr\/wp-json\/wp\/v2\/users\/2"}],"replies":[{"embeddable":true,"href":"https:\/\/www.europesays.com\/fr\/wp-json\/wp\/v2\/comments?post=85796"}],"version-history":[{"count":0,"href":"https:\/\/www.europesays.com\/fr\/wp-json\/wp\/v2\/posts\/85796\/revisions"}],"wp:featuredmedia":[{"embeddable":true,"href":"https:\/\/www.europesays.com\/fr\/wp-json\/wp\/v2\/media\/85797"}],"wp:attachment":[{"href":"https:\/\/www.europesays.com\/fr\/wp-json\/wp\/v2\/media?parent=85796"}],"wp:term":[{"taxonomy":"category","embeddable":true,"href":"https:\/\/www.europesays.com\/fr\/wp-json\/wp\/v2\/categories?post=85796"},{"taxonomy":"post_tag","embeddable":true,"href":"https:\/\/www.europesays.com\/fr\/wp-json\/wp\/v2\/tags?post=85796"}],"curies":[{"name":"wp","href":"https:\/\/api.w.org\/{rel}","templated":true}]}}